{"id":19553,"date":"2026-03-16T20:35:22","date_gmt":"2026-03-16T20:35:22","guid":{"rendered":"https:\/\/www.paulonogueiraterapias.com\/?p=19553"},"modified":"2026-03-16T20:35:26","modified_gmt":"2026-03-16T20:35:26","slug":"o-homem-que-vivia-no-porao-do-mundo","status":"publish","type":"post","link":"https:\/\/www.paulonogueiraterapias.com\/es\/o-homem-que-vivia-no-porao-do-mundo\/","title":{"rendered":"O Homem que Vivia no Por\u00e3o do Mundo"},"content":{"rendered":"\n<hr class=\"wp-block-separator has-alpha-channel-opacity\"\/>\n\n\n\n<p>Conheces aquela sensa\u00e7\u00e3o de acordar e j\u00e1 sentires o peso antes de abrires os olhos?<\/p>\n\n\n\n<p>N\u00e3o o peso de uma almofada ou de um cobertor. O outro. Aquele que n\u00e3o tem forma nem nome mas que est\u00e1 l\u00e1 todos os dias, sentado no teu peito, como um h\u00f3spede que ningu\u00e9m convidou e que ningu\u00e9m sabe como mandar embora.<\/p>\n\n\n\n<p>Marcos acordava assim todas as manh\u00e3s.<\/p>\n\n\n\n<p>Quarenta e dois anos. Terapeuta. Formado. Dedicado. Com m\u00e3os que sabiam exactamente onde pousar para aliviar a dor dos outros. Com voz capaz de dizer as palavras certas no momento certo, palavras que faziam os outros chorar de al\u00edvio \u00e0s ter\u00e7as e quintas.<\/p>\n\n\n\n<p>E com uma conta banc\u00e1ria que, no dia 27 de cada m\u00eas, parecia olh\u00e1-lo com a express\u00e3o de um espelho partido: tudo o que ele via era o reflexo do que faltava.<\/p>\n\n\n\n<p>N\u00e3o era m\u00e1 vontade. N\u00e3o era pregui\u00e7a. N\u00e3o era falta de talento.<\/p>\n\n\n\n<p>Era qualquer coisa que ele n\u00e3o conseguia nomear. E o que n\u00e3o conseguimos nomear governa-nos em sil\u00eancio.<\/p>\n\n\n\n<hr class=\"wp-block-separator has-alpha-channel-opacity\"\/>\n\n\n\n<h2 class=\"wp-block-heading\" id=\"a-toca-do-coelho\">A Toca do Coelho<\/h2>\n\n\n\n<p>H\u00e1 uma hist\u00f3ria que os gregos contavam sobre um homem chamado T\u00e2ntalo. Um rei. Convidado pelos pr\u00f3prios deuses para banquetes no Olimpo. Admitido ao c\u00edrculo da luz. E mesmo assim \u2014 mesmo assim \u2014 fez algo que o tornou maldito para sempre: cada vez que se inclinava para beber, a \u00e1gua recuava. Cada vez que esticava a m\u00e3o para comer, os frutos afastavam-se.<\/p>\n\n\n\n<p>Estar t\u00e3o perto. E nunca alcan\u00e7ar.<\/p>\n\n\n\n<p>Marcos nunca tinha ouvido falar de T\u00e2ntalo. Mas conhecia o castigo de cor.<\/p>\n\n\n\n<p>No m\u00eas em que finalmente encheu a agenda \u2014 quinze clientes, pre\u00e7o justo \u2014 apareceram tr\u00eas cancellations seguidas e uma factura do seguro que n\u00e3o esperava. No m\u00eas em que investiu numa forma\u00e7\u00e3o cara e boa, os clientes desapareceram durante seis semanas, como se o universo tivesse lido o extracto banc\u00e1rio e decidido colaborar.<\/p>\n\n\n\n<p>Era como se houvesse, por baixo da sua vida, uma c\u00e2mara de compensa\u00e7\u00e3o invis\u00edvel: sempre que alguma coisa entrava pela porta da frente, outra escorregava pela janela dos fundos.<\/p>\n\n\n\n<p>Ele chamava-lhe azar.<\/p>\n\n\n\n<p>N\u00e3o era azar.<\/p>\n\n\n\n<hr class=\"wp-block-separator has-alpha-channel-opacity\"\/>\n\n\n\n<h2 class=\"wp-block-heading\" id=\"o-que-o-poro-guarda\">O que o por\u00e3o guarda<\/h2>\n\n\n\n<p>H\u00e1 uma lei que a psicologia profunda conhece e que a vida confirma com uma paci\u00eancia brutal:<\/p>\n\n\n\n<p><strong>Aquilo que n\u00e3o trazes \u00e0 luz governa-te \u00e0s escuras.<\/strong><\/p>\n\n\n\n<p>O por\u00e3o de Marcos tinha sido constru\u00eddo muito antes de ele perceber que existia. Constru\u00eddo tijolo a tijolo durante a inf\u00e2ncia, naquela casa do norte onde o pai chegava do trabalho com as m\u00e3os a cheirar a graxa e uma express\u00e3o que dizia \u2014 sem nunca pronunciar as palavras \u2014 que o dinheiro era uma coisa suja, ganha com sofrimento, e que as pessoas que tinham muito tinham arranjado maneira de tirar aos que tinham pouco.<\/p>\n\n\n\n<p>A m\u00e3e rezava ao domingo. E havia um vers\u00edculo que ficou:<br><em>&#8220;\u00c9 mais f\u00e1cil um camelo passar pelo buraco de uma agulha do que um rico entrar no reino de Deus.&#8221;<\/em><\/p>\n\n\n\n<p>Marcos tinha oito anos quando isso entrou nele. N\u00e3o como teologia. Como verdade do mundo.<\/p>\n\n\n\n<p>E uma verdade aprendida com oito anos n\u00e3o se apaga com uma forma\u00e7\u00e3o de coaching. N\u00e3o cede perante uma lista de afirma\u00e7\u00f5es positivas. N\u00e3o se dissolve numa visualiza\u00e7\u00e3o de cinco minutos.<\/p>\n\n\n\n<p>Ela vive no por\u00e3o. E de l\u00e1, trabalha.<\/p>\n\n\n\n<p>Por isso \u2014 e s\u00f3 por isso \u2014 quando Marcos cobrava pouco, era lealdade, n\u00e3o timidez. Quando recusava aumentar pre\u00e7os, era virtude, n\u00e3o medo. Quando sabia que podia ganhar mais e n\u00e3o ganhava, era nobreza de esp\u00edrito.<\/p>\n\n\n\n<p>N\u00e3o era.<\/p>\n\n\n\n<p>Era T\u00e2ntalo com outra roupa.<\/p>\n\n\n\n<hr class=\"wp-block-separator has-alpha-channel-opacity\"\/>\n\n\n\n<h2 class=\"wp-block-heading\" id=\"o-encontro-com-o-mestre-do-poro\">O encontro com o Mestre do Por\u00e3o<\/h2>\n\n\n\n<p>H\u00e1 um momento na vida de certos homens \u2014 n\u00e3o todos, s\u00f3 os que t\u00eam coragem de ser honestos numa sexta-feira \u00e0 noite quando n\u00e3o h\u00e1 mais ningu\u00e9m a ver \u2014 em que a m\u00e1scara cai.<\/p>\n\n\n\n<p>N\u00e3o porque algu\u00e9m a arrancou.<\/p>\n\n\n\n<p>Porque o peso de a segurar se tornou maior do que o medo de ser visto sem ela.<\/p>\n\n\n\n<p>Para Marcos, esse momento chegou numa Quinta-feira de Novembro, sozinho no consult\u00f3rio, com a janela a chover e trinta e sete euros na conta. N\u00e3o faltava muito para o m\u00eas acabar. Faltava muito para o pr\u00f3ximo cheio.<\/p>\n\n\n\n<p>Ele pegou numa folha em branco \u2014 n\u00e3o por m\u00e9todo, n\u00e3o porque algu\u00e9m lhe tinha ensinado a faz\u00ea-lo, mas porque quando tudo o mais falha o corpo volta ao mais antigo \u2014 e escreveu uma pergunta.<\/p>\n\n\n\n<p>Uma s\u00f3.<\/p>\n\n\n\n<p><em>O que \u00e9 que eu acredito, mesmo, sobre dinheiro?<\/em><\/p>\n\n\n\n<p>E depois ficou em sil\u00eancio. E esperou. Como quem espera que o lago se aquiete para ver o fundo.<\/p>\n\n\n\n<p>E o fundo respondeu.<\/p>\n\n\n\n<p>Veio em frases que n\u00e3o eram dele. Frases com a voz do pai. Frases com o ritmo dos domingos. Frases que tinham o sabor de lealdade e o peso de correntes:<\/p>\n\n\n\n<p><em>Dinheiro n\u00e3o cai do c\u00e9u.<\/em><br><em>Quem tem muito tirou a quem tem pouco.<\/em><br><em>N\u00f3s n\u00e3o somos desse mundo.<\/em><br><em>Ganha-se o p\u00e3o com o suor do rosto.<\/em><\/p>\n\n\n\n<p>Marcos leu o que tinha escrito.<\/p>\n\n\n\n<p>E pela primeira vez na vida, viu-as pelo que eram.<\/p>\n\n\n\n<p>N\u00e3o verdades.<\/p>\n\n\n\n<p><strong>Hist\u00f3rias. Hist\u00f3rias muito antigas. Hist\u00f3rias que nunca tinham sido suas.<\/strong><\/p>\n\n\n\n<p>E ao v\u00ea-las assim \u2014 como hist\u00f3rias, n\u00e3o como leis do universo \u2014 sentiu qualquer coisa rachar no peito.<\/p>\n\n\n\n<p>N\u00e3o com dor.<\/p>\n\n\n\n<p>Com o som que uma parede de vidro faz quando finalmente admite que \u00e9 vidro.<\/p>\n\n\n\n<hr class=\"wp-block-separator has-alpha-channel-opacity\"\/>\n\n\n\n<h2 class=\"wp-block-heading\" id=\"a-descida-o-heri-que-tem-de-perder-o-mapa-antigo\">A descida: o her\u00f3i que tem de perder o mapa antigo<\/h2>\n\n\n\n<p>Os mitos gregos est\u00e3o cheios de descidas. Orfeu desce ao Hades para recuperar Eur\u00eddice. Pers\u00e9fone desce sem querer e muda as esta\u00e7\u00f5es do mundo. H\u00e9racles desce para lidar com C\u00e9rbero.<\/p>\n\n\n\n<p>A descida n\u00e3o \u00e9 puni\u00e7\u00e3o.<\/p>\n\n\n\n<p>\u00c9 inicia\u00e7\u00e3o.<\/p>\n\n\n\n<p>H\u00e1 coisas que s\u00f3 se aprendem no escuro. H\u00e1 verdades que s\u00f3 aparecem quando a luz do que sab\u00edamos se apaga.<\/p>\n\n\n\n<p>Marcos desceu.<\/p>\n\n\n\n<p>N\u00e3o figurativamente. Desceu mesmo \u2014 \u00e0s mem\u00f3rias que tinha guardado em caixas etiquetadas com &#8220;j\u00e1 passou&#8221;, \u00e0s decis\u00f5es que tomara sobre si pr\u00f3prio antes de ter idade para decidir o que quer que fosse, ao contrato invis\u00edvel que havia assinado com a pobreza da sua fam\u00edlia como forma de lhes dizer \u2014 sem palavras, porque o amor que n\u00e3o sabe falar usa o que tem \u2014 <em>eu n\u00e3o vos traio. Estou convosco. Fico aqui.<\/em><\/p>\n\n\n\n<p>Choraste alguma vez por uma lealdade que nunca te pediram?<\/p>\n\n\n\n<p>Por uma fidelidade que ningu\u00e9m exigiu mas que carregaste durante vinte anos como se fosse obrigat\u00f3ria?<\/p>\n\n\n\n<p>\u00c9 essa a corrente mais dif\u00edcil de romper. Porque n\u00e3o tem aspecto de corrente. Tem aspecto de amor.<\/p>\n\n\n\n<p>E Marcos amava o pai. Amava a m\u00e3e. Amava os domingos e o cheiro a graxa e o vers\u00edculo.<\/p>\n\n\n\n<p>E foi exactamente esse amor \u2014 intacto, limpo, real \u2014 que lhe permitiu, pela primeira vez, separ\u00e1-lo da cren\u00e7a:<\/p>\n\n\n\n<p><em>Posso amar o meu pai e ganhar bem. Posso honrar a minha m\u00e3e e ter abund\u00e2ncia. N\u00e3o preciso de ser pobre para provar que sou bom.<\/em><\/p>\n\n\n\n<p>A frase era simples.<\/p>\n\n\n\n<p>O que ela libertou n\u00e3o era simples.<\/p>\n\n\n\n<p>Era d\u00e9cadas.<\/p>\n\n\n\n<hr class=\"wp-block-separator has-alpha-channel-opacity\"\/>\n\n\n\n<h2 class=\"wp-block-heading\" id=\"o-dom-que-estava--espera\">O Dom que estava \u00e0 espera<\/h2>\n\n\n\n<p>H\u00e1 um momento nas hist\u00f3rias de transforma\u00e7\u00e3o em que o her\u00f3i encontra, no fundo do labirinto \u2014 n\u00e3o o Minotauro que temia, mas um presente que n\u00e3o esperava.<\/p>\n\n\n\n<p>O presente de Marcos era uma pergunta que ningu\u00e9m lhe tinha feito ainda:<\/p>\n\n\n\n<p><em>O que aconteceria \u00e0s pessoas que precisam de ti, se tu desaparecesses por falta de recursos?<\/em><\/p>\n\n\n\n<p>Pensa nisso.<\/p>\n\n\n\n<p>N\u00e3o como abstrac\u00e7\u00e3o. Como facto.<\/p>\n\n\n\n<p>Se um terapeuta que genuinamente ajuda \u2014 que tem as m\u00e3os certas, as palavras certas, a presen\u00e7a certa \u2014 n\u00e3o consegue sobreviver financeiramente e abandona a pr\u00e1tica ou a diminui at\u00e9 \u00e0 insignific\u00e2ncia, quantas pessoas ficam sem o que precisam?<\/p>\n\n\n\n<p>A pobreza de um curador n\u00e3o \u00e9 virtude.<\/p>\n\n\n\n<p>\u00c9 priva\u00e7\u00e3o colectiva disfar\u00e7ada de humildade.<\/p>\n\n\n\n<p>Marcos ficou parado com isso.<\/p>\n\n\n\n<p>Por muito tempo.<\/p>\n\n\n\n<p>E ent\u00e3o ocorreu-lhe algo que nunca tinha ocorrido: <strong>cobrar bem n\u00e3o era gan\u00e2ncia. Era responsabilidade.<\/strong><\/p>\n\n\n\n<p>N\u00e3o era tirar aos clientes. Era garantir que continuava a existir para os servir. Era como um farol que tem de estar ligado para guiar navios \u2014 e que n\u00e3o pode estar sempre a pedir desculpa por consumir electricidade.<\/p>\n\n\n\n<p>Esta invers\u00e3o \u2014 este paradoxo que virava o mundo do avesso \u2014 n\u00e3o chegou como ideia.<\/p>\n\n\n\n<p>Chegou como um rel\u00e2mpago que atravessa o peito de cima a baixo.<\/p>\n\n\n\n<p>Marcos respirou fundo. Longo. O tipo de respira\u00e7\u00e3o que acontece quando algo que estava apertado finalmente se solta.<\/p>\n\n\n\n<hr class=\"wp-block-separator has-alpha-channel-opacity\"\/>\n\n\n\n<h2 class=\"wp-block-heading\" id=\"o-rei-que-no-sabia-que-era-rei\">O Rei que n\u00e3o sabia que era Rei<\/h2>\n\n\n\n<p>H\u00e1 um arqu\u00e9tipo \u2014 estudado em tradi\u00e7\u00f5es que v\u00e3o de Jung a Robert Moore \u2014 que os psic\u00f3logos chamam o Rei.<\/p>\n\n\n\n<p>N\u00e3o o rei de conto de fadas. N\u00e3o o ditador.<\/p>\n\n\n\n<p>O Rei que organiza o seu reino para que outros possam florescer. Que define fronteiras n\u00e3o por medo, mas por sabedoria. Que cobra o valor justo do seu trabalho n\u00e3o por gan\u00e2ncia, mas porque sabe que o reino precisa de recursos para continuar a ser reino.<\/p>\n\n\n\n<p>Marcos nunca tinha sido Rei.<\/p>\n\n\n\n<p>Tinha sido servo do reino dos outros, a acreditar que servilidade era generosidade.<\/p>\n\n\n\n<p>N\u00e3o \u00e9.<\/p>\n\n\n\n<p>Generosidade verdadeira requer excesso. Requer ter mais do que precisas para poder dar sem te destru\u00edres. O servo que d\u00e1 tudo n\u00e3o tem nada para dar amanh\u00e3. O Rei que cuida do seu reino tem sempre algo para oferecer.<\/p>\n\n\n\n<p>A diferen\u00e7a n\u00e3o \u00e9 ego\u00edsmo versus altru\u00edsmo.<\/p>\n\n\n\n<p>\u00c9 escassez versus abund\u00e2ncia como estado interno.<\/p>\n\n\n\n<p>E estado interno \u00e9 sempre primeiro uma decis\u00e3o \u2014 n\u00e3o sobre o mundo l\u00e1 fora, mas sobre a hist\u00f3ria que contas a ti pr\u00f3prio sobre o que \u00e9s e o que mereces.<\/p>\n\n\n\n<p>Marcos olhou para a folha em branco ainda \u00e0 sua frente.<\/p>\n\n\n\n<p>Escreveu uma nova frase. Uma s\u00f3.<\/p>\n\n\n\n<p><em>Sou algu\u00e9m cujo trabalho tem valor real. E eu tenho responsabilidade de o deixar chegar a quem precisa, em quantidade suficiente para que isso seja poss\u00edvel.<\/em><\/p>\n\n\n\n<p>N\u00e3o foi magia.<\/p>\n\n\n\n<p>Foi o come\u00e7o.<\/p>\n\n\n\n<hr class=\"wp-block-separator has-alpha-channel-opacity\"\/>\n\n\n\n<h2 class=\"wp-block-heading\" id=\"a-prova-do-heri-onde-o-insight-encontra-o-mundo-re\">A prova do her\u00f3i: onde o insight encontra o mundo real<\/h2>\n\n\n\n<p>Aqui \u00e9 onde a maioria das hist\u00f3rias de transforma\u00e7\u00e3o mentem.<\/p>\n\n\n\n<p>Fazem parecer que, depois do momento de clareza, tudo flui. Que o universo se reorganiza, os clientes aparecem, a conta enche, e o her\u00f3i caminha para o p\u00f4r-do-sol com m\u00fasica orquestral.<\/p>\n\n\n\n<p>N\u00e3o \u00e9 assim.<\/p>\n\n\n\n<p>O insight \u00e9 real. A transforma\u00e7\u00e3o \u00e9 real. Mas depois do rel\u00e2mpago vem o trabalho de reconstruir o que o rel\u00e2mpago iluminou.<\/p>\n\n\n\n<p>Para Marcos, as semanas seguintes foram estranhas.<\/p>\n\n\n\n<p>Ele reajustou os pre\u00e7os \u2014 n\u00e3o de golpe, com ansiedade, mas de dentro para fora, com a calma de quem sabe porqu\u00ea o est\u00e1 a fazer. Dois clientes sa\u00edram. Sentiu o aperto familiar no peito. A voz antiga sussurrou: <em>V\u00eas? Eu sabia. N\u00e3o funciona.<\/em><\/p>\n\n\n\n<p>Mas desta vez ele conhecia essa voz.<\/p>\n\n\n\n<p>Conhecia a casa de onde vinha.<\/p>\n\n\n\n<p>Conhecia o amor por baixo do medo que a criava.<\/p>\n\n\n\n<p>E disse, em sil\u00eancio, com gentileza:<\/p>\n\n\n\n<p><em>Obrigado. Mas hoje eu decido por mim.<\/em><\/p>\n\n\n\n<p>E ficou.<\/p>\n\n\n\n<p>Ficou sentado com o desconforto at\u00e9 este se tornar suport\u00e1vel. Depois suport\u00e1vel tornou-se familiar. Depois familiar tornou-se neutro.<\/p>\n\n\n\n<p>E no m\u00eas seguinte, chegaram tr\u00eas clientes novos. N\u00e3o por magia. Porque ele tinha reescrito a descri\u00e7\u00e3o dos seus servi\u00e7os com a clareza de algu\u00e9m que acredita no que oferece. Porque quando comunicamos sem desculpar, as pessoas ouvem diferente.<\/p>\n\n\n\n<p>A palavra &#8220;abund\u00e2ncia&#8221; n\u00e3o \u00e9 sobre quantidade.<\/p>\n\n\n\n<p>\u00c9 sobre a qualidade da rela\u00e7\u00e3o com o que tens e com o que podes criar.<\/p>\n\n\n\n<hr class=\"wp-block-separator has-alpha-channel-opacity\"\/>\n\n\n\n<h2 class=\"wp-block-heading\" id=\"a-aldeia-que-precisava-do-farol\">A aldeia que precisava do farol<\/h2>\n\n\n\n<p>Ulisses demorou dez anos a voltar a \u00cdtaca.<\/p>\n\n\n\n<p>N\u00e3o porque o caminho era dif\u00edcil.<\/p>\n\n\n\n<p>Porque ele precisava de se perder primeiro. Precisava de encontrar Circe e os Ciclopes e os Lot\u00f3fagos e o canto das Sereias \u2014 precisava de encontrar cada um dos monstros interiores antes de poder regressar ao que realmente era seu.<\/p>\n\n\n\n<p>O regresso de Marcos n\u00e3o demorou dez anos.<\/p>\n\n\n\n<p>Demorou o tempo que demora a fazer uma coisa diferente todos os dias durante tempo suficiente para que a coisa diferente se torne a coisa normal.<\/p>\n\n\n\n<p>Seis meses depois daquela quinta-feira de novembro com trinta e sete euros na conta, Marcos tinha uma lista de espera de tr\u00eas semanas. N\u00e3o porque tinha ficado famoso. Mas porque tinha deixado de ser invis\u00edvel \u2014 para os outros e, mais importante, para si pr\u00f3prio.<\/p>\n\n\n\n<p>Tinha criado um programa de tr\u00eas meses. N\u00e3o uma sess\u00e3o avulsa, n\u00e3o o modelo de sempre, mas algo que nasceu de uma pergunta que nunca tinha feito: <em>O que \u00e9 que os meus clientes precisam mesmo para mudar de vida, n\u00e3o s\u00f3 para se sentirem melhor por uma hora?<\/em><\/p>\n\n\n\n<p>O programa custava mais. Muito mais do que uma sess\u00e3o.<\/p>\n\n\n\n<p>E as pessoas pagavam.<\/p>\n\n\n\n<p>N\u00e3o porque eram ricas. Porque sentiam que aquilo tinha valor.<\/p>\n\n\n\n<p>E sentiam que tinha valor porque ele, finalmente, tamb\u00e9m sentia.<\/p>\n\n\n\n<p>Essa \u00e9 a lei invis\u00edvel da troca: recebemos aquilo que acreditamos merecer. N\u00e3o por lei c\u00f3smica de atrac\u00e7\u00e3o. Por comportamento. Porque quando acreditamos que merecemos, comunicamos diferente, definimos limites diferentes, organizamos a vida de forma diferente.<\/p>\n\n\n\n<p>O universo n\u00e3o muda.<\/p>\n\n\n\n<p>A nossa ac\u00e7\u00e3o no universo muda.<\/p>\n\n\n\n<p>E a ac\u00e7\u00e3o muda o resultado.<\/p>\n\n\n\n<hr class=\"wp-block-separator has-alpha-channel-opacity\"\/>\n\n\n\n<h2 class=\"wp-block-heading\" id=\"o-tesouro-que-o-heri-traz-de-volta\">O tesouro que o her\u00f3i traz de volta<\/h2>\n\n\n\n<p>Nas hist\u00f3rias de her\u00f3i \u2014 desde Gilgamesh ao Rei Artur, desde Siddhartha a Luke Skywalker \u2014 h\u00e1 sempre um tesouro que o her\u00f3i traz de volta para a comunidade. N\u00e3o para si. Para a aldeia.<\/p>\n\n\n\n<p>O tesouro de Marcos n\u00e3o era o dinheiro.<\/p>\n\n\n\n<p>O dinheiro era consequ\u00eancia.<\/p>\n\n\n\n<p>O tesouro era o que ele aprendera a dizer:<\/p>\n\n\n\n<p><em>Cuido de mim para poder cuidar de ti.<\/em><\/p>\n\n\n\n<p><em>O meu valor n\u00e3o precisa de ser justificado pela tua aprova\u00e7\u00e3o.<\/em><\/p>\n\n\n\n<p><em>Prosperidade e espiritualidade n\u00e3o s\u00e3o opostos. S\u00e3o parceiros.<\/em><\/p>\n\n\n\n<p><em>A melhor coisa que posso fazer pelos que amei e que viveram com pouco \u00e9 n\u00e3o repetir o pouco \u2014 \u00e9 transformar o pouco na base sobre a qual construo o muito.<\/em><\/p>\n\n\n\n<p>E o tesouro que Marcos trouxe de volta \u00e0 aldeia n\u00e3o foram os euros na conta.<\/p>\n\n\n\n<p>Foi a permiss\u00e3o.<\/p>\n\n\n\n<p>A permiss\u00e3o que passa de um terapeuta para um cliente quando esse terapeuta n\u00e3o precisa de mendigar a sua pr\u00f3pria exist\u00eancia. Quando est\u00e1 presente a partir de um lugar de ch\u00e3o firme e n\u00e3o de ansiedade mal disfar\u00e7ada.<\/p>\n\n\n\n<p>Quando um curador est\u00e1 bem, as pessoas que o procuram encontram um espelho est\u00e1vel.<\/p>\n\n\n\n<p>Quando um curador est\u00e1 em escassez, as pessoas que o procuram encontram um espelho a tremer.<\/p>\n\n\n\n<hr class=\"wp-block-separator has-alpha-channel-opacity\"\/>\n\n\n\n<h2 class=\"wp-block-heading\" id=\"eplogo-o-que-tntalo-nunca-soube\">Ep\u00edlogo: o que T\u00e2ntalo nunca soube<\/h2>\n\n\n\n<p>Os gregos n\u00e3o contavam hist\u00f3rias de T\u00e2ntalo para assustar as crian\u00e7as.<\/p>\n\n\n\n<p>Contavam-nas para mostrar o que acontece quando confundimos puni\u00e7\u00e3o com identidade.<\/p>\n\n\n\n<p>T\u00e2ntalo acreditou que o castigo era a realidade. E por isso nunca tentou caminhar para fora do lago.<\/p>\n\n\n\n<p>Marcos descobriu que o por\u00e3o n\u00e3o tinha cadeado.<\/p>\n\n\n\n<p>Tinha apenas a porta pesada pela cren\u00e7a de que estava fechada.<\/p>\n\n\n\n<p>E no dia em que empurrou \u2014 n\u00e3o com viol\u00eancia, n\u00e3o com f\u00faria, mas com a m\u00e3o firme de algu\u00e9m que finalmente sabe o que est\u00e1 do outro lado \u2014 a porta abriu.<\/p>\n\n\n\n<p>Como sempre tinha estado dispon\u00edvel para abrir.<\/p>\n\n\n\n<p>H\u00e1 uma \u00faltima coisa.<\/p>\n\n\n\n<p>Se leste at\u00e9 aqui e sentiste qualquer coisa \u2014 qualquer coisa \u2014 acontecer no peito, na garganta, nos olhos, n\u00e3o \u00e9 coincid\u00eancia.<\/p>\n\n\n\n<p>\u00c9 o teu por\u00e3o a responder.<\/p>\n\n\n\n<p>\u00c9 a tua vers\u00e3o de T\u00e2ntalo a reconhecer o espelho.<\/p>\n\n\n\n<p>A pergunta n\u00e3o \u00e9 se a tua porta tamb\u00e9m tem cadeado.<\/p>\n\n\n\n<p>A pergunta \u00e9: <strong>que hist\u00f3ria sobre ti mesmo terias de deixar de acreditar para a empurrar hoje?<\/strong><\/p>\n\n\n\n<p>Escreve essa hist\u00f3ria numa folha em branco.<\/p>\n\n\n\n<p>Depois escreve a que quer tomar o seu lugar.<\/p>\n\n\n\n<p>N\u00e3o precisas de mais do que isso para come\u00e7ar.<\/p>\n\n\n\n<hr class=\"wp-block-separator has-alpha-channel-opacity\"\/>\n\n\n\n<hr class=\"wp-block-separator has-alpha-channel-opacity\"\/>\n\n\n\n<h2 class=\"wp-block-heading\" id=\"nota-do-autor-os-10-elementos-transformadores-dest\">Nota do Autor: Os 10 elementos transformadores desta narrativa (e como reproduzi-los)<\/h2>\n\n\n\n<p>Esta hist\u00f3ria foi constru\u00edda com uma arquitetura deliberada. Cada elemento serve uma fun\u00e7\u00e3o psicol\u00f3gica espec\u00edfica.<\/p>\n\n\n\n<p><strong>1. Nomea\u00e7\u00e3o precisa da dor antes de qualquer solu\u00e7\u00e3o.<\/strong> As primeiras p\u00e1ginas descrevem a experi\u00eancia interna de Marcos com detalhe sensorial (&#8220;o peso sentado no peito&#8221;, &#8220;o espelho partido&#8221;). Isto activa o <em>reconhecimento inconsciente<\/em>: o leitor pensa &#8220;\u00e9 exactamente assim&#8221;. Sem este espelho, o texto n\u00e3o &#8220;cola&#8221;. Regra: descreve o problema com mais precis\u00e3o do que o leitor alguma vez o descreveu a si pr\u00f3prio.<\/p>\n\n\n\n<p><strong>2. O mito como diagn\u00f3stico.<\/strong> T\u00e2ntalo aparece antes de qualquer explica\u00e7\u00e3o. N\u00e3o para embelezar, mas para <em>despersonalizar a dor<\/em> \u2014 mostrar que este padr\u00e3o existe h\u00e1 mil\u00e9nios, em reis e em humanos comuns. Isto reduz vergonha e abre espa\u00e7o para observa\u00e7\u00e3o. Usa sempre um mito que seja <em>estruturalmente id\u00eantico<\/em> ao problema do her\u00f3i.<\/p>\n\n\n\n<p><strong>3. A cren\u00e7a nomeada como heran\u00e7a, n\u00e3o como verdade.<\/strong> O momento em que revelamos a origem da cren\u00e7a limitante (os pais, o vers\u00edculo, a inf\u00e2ncia) transforma-a de <em>lei do universo<\/em> em <em>hist\u00f3ria de fam\u00edlia<\/em>. Isso \u00e9 suficiente para criar dist\u00e2ncia. A frase-chave: &#8220;n\u00e3o eram verdades \u2014 eram hist\u00f3rias.&#8221;<\/p>\n\n\n\n<p><strong>4. O paradoxo central como rel\u00e2mpago.<\/strong> &#8220;A tua pobreza n\u00e3o \u00e9 virtude \u2014 \u00e9 priva\u00e7\u00e3o colectiva disfar\u00e7ada de humildade.&#8221; Esta invers\u00e3o quebra o enquadramento antigo num golpe. \u00c9 o elemento mais transformador de todos. Deve ser colocado a dois ter\u00e7os da narrativa, depois de a confian\u00e7a estar estabelecida.<\/p>\n\n\n\n<p><strong>5. A respira\u00e7\u00e3o e o corpo como \u00e2ncora.<\/strong> Quando Marcos &#8220;respira fundo, longo&#8221;, o leitor tende a fazer o mesmo. Descrever reac\u00e7\u00f5es f\u00edsicas convida o sistema nervoso do leitor a imit\u00e1-las. Usa reac\u00e7\u00f5es corporais como marcadores de transforma\u00e7\u00e3o.<\/p>\n\n\n\n<p><strong>6. O arqu\u00e9tipo nomeado explicitamente.<\/strong> O Rei \u00e9 introduzido com defini\u00e7\u00e3o clara \u2014 n\u00e3o como ideal inalcan\u00e7\u00e1vel, mas como padr\u00e3o acess\u00edvel. Dar nome ao arqu\u00e9tipo torna-o real e pratic\u00e1vel.<\/p>\n\n\n\n<p><strong>7. A descida antes da ascens\u00e3o.<\/strong> A crise dos dois clientes que partem depois da mudan\u00e7a de pre\u00e7os \u00e9 essencial. Sem a prova real, o insight parece propaganda. A resist\u00eancia do mundo mostra que a transforma\u00e7\u00e3o \u00e9 genu\u00edna, n\u00e3o fantasiosa.<\/p>\n\n\n\n<p><strong>8. Ritmo alternado.<\/strong> Frases longas para imers\u00e3o; frases curt\u00edssimas para impacto. &#8220;N\u00e3o era azar. N\u00e3o era.&#8221; Este ritmo cria micro-rupturas onde os insights entram.<\/p>\n\n\n\n<p><strong>9. Pergunta directa ao leitor.<\/strong> &#8220;Choraste alguma vez por uma lealdade que nunca te pediram?&#8221; Quebra a quarta parede, activa a auto-aplica\u00e7\u00e3o imediata.<\/p>\n\n\n\n<p><strong>10. Convite \u00e0 ac\u00e7\u00e3o simb\u00f3lica no final.<\/strong> A folha em branco, a pergunta e a instru\u00e7\u00e3o de escrever transformam a leitura em ritual inici\u00e1tico. O texto fecha com <em>fazer<\/em>, n\u00e3o com <em>saber<\/em> \u2014 porque s\u00f3 o que encarnamos muda quem somos.<\/p>\n","protected":false},"excerpt":{"rendered":"<p>Conheces aquela sensa\u00e7\u00e3o de acordar e j\u00e1 sentires o peso antes de abrires os olhos? N\u00e3o o peso de uma almofada ou de um cobertor. O outro. Aquele que n\u00e3o [&hellip;]<\/p>\n","protected":false},"author":1,"featured_media":0,"comment_status":"open","ping_status":"open","sticky":false,"template":"","format":"standard","meta":{"om_disable_all_campaigns":false,"_mi_skip_tracking":false,"site-sidebar-layout":"default","site-content-layout":"","ast-site-content-layout":"default","site-content-style":"default","site-sidebar-style":"default","ast-global-header-display":"","ast-banner-title-visibility":"","ast-main-header-display":"","ast-hfb-above-header-display":"","ast-hfb-below-header-display":"","ast-hfb-mobile-header-display":"","site-post-title":"","ast-breadcrumbs-content":"","ast-featured-img":"","footer-sml-layout":"","ast-disable-related-posts":"","theme-transparent-header-meta":"","adv-header-id-meta":"","stick-header-meta":"","header-above-stick-meta":"","header-main-stick-meta":"","header-below-stick-meta":"","astra-migrate-meta-layouts":"default","ast-page-background-enabled":"default","ast-page-background-meta":{"desktop":{"background-color":"var(--ast-global-color-5)","background-image":"","background-repeat":"repeat","background-position":"center center","background-size":"auto","background-attachment":"scroll","background-type":"","background-media":"","overlay-type":"","overlay-color":"","overlay-opacity":"","overlay-gradient":""},"tablet":{"background-color":"","background-image":"","background-repeat":"repeat","background-position":"center center","background-size":"auto","background-attachment":"scroll","background-type":"","background-media":"","overlay-type":"","overlay-color":"","overlay-opacity":"","overlay-gradient":""},"mobile":{"background-color":"","background-image":"","background-repeat":"repeat","background-position":"center center","background-size":"auto","background-attachment":"scroll","background-type":"","background-media":"","overlay-type":"","overlay-color":"","overlay-opacity":"","overlay-gradient":""}},"ast-content-background-meta":{"desktop":{"background-color":"var(--ast-global-color-4)","background-image":"","background-repeat":"repeat","background-position":"center center","background-size":"auto","background-attachment":"scroll","background-type":"","background-media":"","overlay-type":"","overlay-color":"","overlay-opacity":"","overlay-gradient":""},"tablet":{"background-color":"var(--ast-global-color-4)","background-image":"","background-repeat":"repeat","background-position":"center center","background-size":"auto","background-attachment":"scroll","background-type":"","background-media":"","overlay-type":"","overlay-color":"","overlay-opacity":"","overlay-gradient":""},"mobile":{"background-color":"var(--ast-global-color-4)","background-image":"","background-repeat":"repeat","background-position":"center center","background-size":"auto","background-attachment":"scroll","background-type":"","background-media":"","overlay-type":"","overlay-color":"","overlay-opacity":"","overlay-gradient":""}},"footnotes":""},"categories":[498],"tags":[500],"class_list":["post-19553","post","type-post","status-publish","format-standard","hentry","category-psicologia-analitica","tag-arquetipos"],"aioseo_notices":[],"_links":{"self":[{"href":"https:\/\/www.paulonogueiraterapias.com\/es\/wp-json\/wp\/v2\/posts\/19553","targetHints":{"allow":["GET"]}}],"collection":[{"href":"https:\/\/www.paulonogueiraterapias.com\/es\/wp-json\/wp\/v2\/posts"}],"about":[{"href":"https:\/\/www.paulonogueiraterapias.com\/es\/wp-json\/wp\/v2\/types\/post"}],"author":[{"embeddable":true,"href":"https:\/\/www.paulonogueiraterapias.com\/es\/wp-json\/wp\/v2\/users\/1"}],"replies":[{"embeddable":true,"href":"https:\/\/www.paulonogueiraterapias.com\/es\/wp-json\/wp\/v2\/comments?post=19553"}],"version-history":[{"count":1,"href":"https:\/\/www.paulonogueiraterapias.com\/es\/wp-json\/wp\/v2\/posts\/19553\/revisions"}],"predecessor-version":[{"id":19554,"href":"https:\/\/www.paulonogueiraterapias.com\/es\/wp-json\/wp\/v2\/posts\/19553\/revisions\/19554"}],"wp:attachment":[{"href":"https:\/\/www.paulonogueiraterapias.com\/es\/wp-json\/wp\/v2\/media?parent=19553"}],"wp:term":[{"taxonomy":"category","embeddable":true,"href":"https:\/\/www.paulonogueiraterapias.com\/es\/wp-json\/wp\/v2\/categories?post=19553"},{"taxonomy":"post_tag","embeddable":true,"href":"https:\/\/www.paulonogueiraterapias.com\/es\/wp-json\/wp\/v2\/tags?post=19553"}],"curies":[{"name":"wp","href":"https:\/\/api.w.org\/{rel}","templated":true}]}}