{"id":18557,"date":"2025-12-16T13:49:24","date_gmt":"2025-12-16T13:49:24","guid":{"rendered":"https:\/\/www.paulonogueiraterapias.com\/?p=18557"},"modified":"2026-01-13T02:12:50","modified_gmt":"2026-01-13T02:12:50","slug":"beneficios-da-terapia-multidimensional-para-ansiedade-e-depressao","status":"publish","type":"post","link":"https:\/\/www.paulonogueiraterapias.com\/es\/beneficios-da-terapia-multidimensional-para-ansiedade-e-depressao\/","title":{"rendered":"Benef\u00edcios da Terapia Multidimensional para Ansiedade e Depress\u00e3o"},"content":{"rendered":"\n<h2 class=\"wp-block-heading\" id=\"introduo\">Introdu\u00e7\u00e3o<\/h2>\n\n\n\n<p>A&nbsp;<strong>ansiedade e a depress\u00e3o<\/strong>&nbsp;s\u00e3o duas das condi\u00e7\u00f5es emocionais mais comuns da atualidade. Estat\u00edsticas mostram que milh\u00f5es de pessoas em todo o mundo lidam diariamente com estes transtornos, muitas vezes sentindo-se presas num ciclo de sofrimento do qual parecem n\u00e3o conseguir sair.<\/p>\n\n\n\n<p>Se est\u00e1 nesta situa\u00e7\u00e3o, \u00e9 importante saber que&nbsp;<strong>n\u00e3o est\u00e1 sozinho<\/strong>&nbsp;\u2013 e mais importante ainda, existem solu\u00e7\u00f5es que podem ajudar-te verdadeiramente. A Terapia Multidimensional tem demonstrado resultados extraordin\u00e1rios na transforma\u00e7\u00e3o da ansiedade e depress\u00e3o, n\u00e3o apenas aliviando os sintomas, mas curando as&nbsp;<strong>ra\u00edzes profundas<\/strong>&nbsp;destes estados.<\/p>\n\n\n\n<p>Ao longo deste artigo, vais descobrir por que a ansiedade e a depress\u00e3o n\u00e3o s\u00e3o apenas &#8220;problemas mentais&#8221; (e porque esta compreens\u00e3o \u00e9 transformadora), como a <a href=\"https:\/\/www.paulonogueiraterapias.com\/o-que-e-terapia-multidimensional-e-como-funciona-guia-completo-para-iniciantes\/\" title=\"O que \u00e9 Terapia Multidimensional e Como Funciona: Guia Completo para Iniciantes\">Terapia Multidimensional atua<\/a> para eliminar estes bloqueios, e quais s\u00e3o os benef\u00edcios reais que podes esperar.<\/p>\n\n\n\n<hr class=\"wp-block-separator has-alpha-channel-opacity\"\/>\n\n\n\n<h2 class=\"wp-block-heading\" id=\"1-por-que-a-ansiedade-e-a-depresso-no-so-apenas-pr\">1. Por Que a Ansiedade e a Depress\u00e3o N\u00e3o S\u00e3o Apenas &#8220;Problemas Mentais&#8221;<\/h2>\n\n\n\n<p>Esta \u00e9 uma compreens\u00e3o crucial que muda tudo.<\/p>\n\n\n\n<p>Durante d\u00e9cadas, fomos ensinados a tratar a ansiedade e a depress\u00e3o&nbsp;<strong>apenas como problemas do c\u00e9rebro<\/strong>&nbsp;\u2013 desequil\u00edbrios neuroqu\u00edmicos que precisam ser &#8220;corrigidos&#8221; com medica\u00e7\u00e3o. Embora a medica\u00e7\u00e3o possa ter o seu lugar, esta abordagem \u00fanica ignora uma verdade profunda: a ansiedade e a depress\u00e3o n\u00e3o surgem do nada.<\/p>\n\n\n\n<h2 class=\"wp-block-heading\">1.1. A Origem Real da Ansiedade e Depress\u00e3o<\/h2>\n\n\n\n<p>A ansiedade e a depress\u00e3o t\u00eam ra\u00edzes muito mais profundas do que os neurotransmissores. Surgem de:<\/p>\n\n\n\n<p><strong>Traumas Emocionais N\u00e3o Resolvidos<\/strong>: Experi\u00eancias dif\u00edceis do passado \u2013 rejei\u00e7\u00e3o, perda, abuso, neglig\u00eancia \u2013 deixam marcas no nosso campo energ\u00e9tico. Estas n\u00e3o desaparecem apenas porque &#8220;pass\u00e1mos tempo&#8221;. Permanecem gravadas, influenciando inconscientemente como interpretamos o presente.<\/p>\n\n\n\n<p><strong>Bloqueios Energ\u00e9ticos<\/strong>: O nosso corpo \u00e9 tanto um sistema f\u00edsico como um sistema energ\u00e9tico. Quando experienciamos sofrimento emocional, este fica literalmente &#8220;armazenado&#8221; como bloqueios energ\u00e9ticos nos nossos chakras e no nosso campo energ\u00e9tico. Estes bloqueios interferem no fluxo livre de energia vital, resultando em sentimentos de vazio, tristeza ou p\u00e2nico.<\/p>\n\n\n\n<p><strong>Padr\u00f5es de Cren\u00e7as Limitantes<\/strong>: Muitas vezes, ao longo da vida, desenvolvemos cren\u00e7as sobre n\u00f3s mesmos \u2013 &#8220;n\u00e3o sou seguro&#8221;, &#8220;n\u00e3o mere\u00e7o felicidade&#8221;, &#8220;algo mau vai acontecer&#8221;. Estas cren\u00e7as, embora muitas vezes inconscientes, geram os sentimentos de ansiedade e depress\u00e3o.<\/p>\n\n\n\n<p><strong>Desconex\u00e3o do Cora\u00e7\u00e3o<\/strong>: Quando estamos feridos emocionalmente, tendemos a fechar o cora\u00e7\u00e3o como forma de prote\u00e7\u00e3o. Mas um cora\u00e7\u00e3o fechado \u00e9 um cora\u00e7\u00e3o que n\u00e3o pode receber amor, esperan\u00e7a ou alento. A depress\u00e3o \u00e9 frequentemente uma manifesta\u00e7\u00e3o desta desconex\u00e3o.<\/p>\n\n\n\n<p><strong>Quest\u00f5es K\u00e1rmicas e Ancestrais<\/strong>: Sim, isto pode parecer &#8220;espiritual&#8221; demais para alguns. Mas a verdade \u00e9 que frequentemente carregamos padr\u00f5es e bloqueios transmitidos atrav\u00e9s da nossa linhagem familiar, ou que v\u00eam de contratos da alma feitos em vidas passadas.<\/p>\n\n\n\n<h2 class=\"wp-block-heading\">1.2. Por Que a Compreens\u00e3o Multidimensional \u00e9 Importante<\/h2>\n\n\n\n<p>Quando compreendemos que a ansiedade e a depress\u00e3o n\u00e3o s\u00e3o&nbsp;<strong>apenas<\/strong>&nbsp;neuroqu\u00edmicas, abrimos a possibilidade de cura verdadeira e profunda.<\/p>\n\n\n\n<p>Um problema s\u00f3 pode ser verdadeiramente resolvido quando o abordamos na sua raiz. Se a raiz \u00e9 um bloqueio emocional n\u00e3o curado, uma desconex\u00e3o do cora\u00e7\u00e3o, ou um padr\u00e3o energ\u00e9tico disfuncional, ent\u00e3o tratar apenas o sintoma qu\u00edmico no c\u00e9rebro \u00e9 como tentar secar um piso molhado sem desligar a torneira.<\/p>\n\n\n\n<p>A Terapia Multidimensional funciona porque trabalha&nbsp;<strong>em todas as dimens\u00f5es simultaneamente<\/strong>&nbsp;\u2013 physical, emocional, mental, espiritual e energ\u00e9tica.<\/p>\n\n\n\n<hr class=\"wp-block-separator has-alpha-channel-opacity\"\/>\n\n\n\n<h2 class=\"wp-block-heading\" id=\"2-como-a-terapia-multidimensional-atua-no-campo-en\">2. Como a Terapia Multidimensional Atua no Campo Energ\u00e9tico e Emocional<\/h2>\n\n\n\n<p>A Terapia Multidimensional funciona atrav\u00e9s de um mecanismo que as pessoas frequentemente descrevem como &#8220;milagre&#8221;, mas que \u00e9, na verdade, um processo de cura muito l\u00f3gico quando compreendido.<\/p>\n\n\n\n<h2 class=\"wp-block-heading\">2.1. Identifica\u00e7\u00e3o e Liberta\u00e7\u00e3o de Bloqueios Energ\u00e9ticos<\/h2>\n\n\n\n<p>Durante uma sess\u00e3o de Terapia Multidimensional, o terapeuta, em liga\u00e7\u00e3o com Seres de Luz de dimens\u00f5es superiores, identifica exatamente onde est\u00e3o os bloqueios energ\u00e9ticos relacionados com a tua ansiedade ou depress\u00e3o.<\/p>\n\n\n\n<p>Estes bloqueios podem estar:<\/p>\n\n\n\n<ul class=\"wp-block-list\">\n<li><strong>No chakra do plexo solar<\/strong>: Relacionado com o sentimento de seguran\u00e7a, poder pessoal e confian\u00e7a. Um bloqueio aqui causa ansiedade cr\u00f3nica<\/li>\n\n\n\n<li><strong>No chakra do cora\u00e7\u00e3o<\/strong>: Respons\u00e1vel pela capacidade de amar e sentir esperan\u00e7a. Um bloqueio aqui \u00e9 frequentemente a base da depress\u00e3o<\/li>\n\n\n\n<li><strong>No chakra da raiz<\/strong>: Ligado ao sentimento de seguran\u00e7a fundamental e enraizamento. Um bloqueio aqui manifesta-se como medo generalizado<\/li>\n\n\n\n<li><strong>No chakra da garganta e terceiro olho<\/strong>: Relacionados com auto-express\u00e3o e compreens\u00e3o da verdade. Bloqueios aqui causam confus\u00e3o, isolamento e falta de clareza<\/li>\n<\/ul>\n\n\n\n<p>Uma vez identificados, estes bloqueios s\u00e3o literalmente&nbsp;<strong>dissolvidos e transmutados<\/strong>&nbsp;atrav\u00e9s da energia do amor incondicional e frequ\u00eancias de cura de dimens\u00f5es superiores.<\/p>\n\n\n\n<h2 class=\"wp-block-heading\">2.2. Cura de Traumas Emocionais Profundos<\/h2>\n\n\n\n<p>A Terapia Multidimensional trabalha diretamente com os traumas emocionais que alimentam a ansiedade e depress\u00e3o. Isto acontece atrav\u00e9s de:<\/p>\n\n\n\n<p><strong>Regress\u00e3o \u00e0 Causa Raiz<\/strong>: O terapeuta guia-te suavemente at\u00e9 \u00e0 mem\u00f3ria ou situa\u00e7\u00e3o original que gerou a ferida. Isto n\u00e3o \u00e9 &#8220;reviver o trauma&#8221; de forma traum\u00e1tica \u2013 \u00e9 simplesmente ir at\u00e9 \u00e0 raiz, com seguran\u00e7a e amor.<\/p>\n\n\n\n<p><strong>Reescrita Energ\u00e9tica<\/strong>: Uma vez na raiz, os Seres de Luz trabalham para&nbsp;<strong>transformar<\/strong>&nbsp;a energia desse evento. N\u00e3o se trata de negar o que aconteceu, mas de mudar a frequ\u00eancia emocional associada. Uma m\u00e1goa que te causou sofrimento por 20 anos pode ser transformada num aprendizado com uma semana.<\/p>\n\n\n\n<p><strong>Integra\u00e7\u00e3o de Partes Fragmentadas<\/strong>: Traumas frequentemente deixam-nos &#8220;partidos&#8221; \u2013 h\u00e1 a parte de n\u00f3s que sobreviveu, e a parte de n\u00f3s que ficou presa naquele momento. A Terapia Multidimensional reintegra estas partes, tornando-te novamente inteiro.<\/p>\n\n\n\n<h2 class=\"wp-block-heading\">2.3. Liberta\u00e7\u00e3o de Padr\u00f5es Emocionais Disfuncionais<\/h2>\n\n\n\n<p>A depress\u00e3o e a ansiedade perpetuam-se atrav\u00e9s de&nbsp;<strong>padr\u00f5es emocionais<\/strong>&nbsp;repetitivos. Pensas negativo \u2192 sentes ansiedade \u2192 comportas-te de forma evitante \u2192 confirmas a cren\u00e7a negativa \u2192 repete.<\/p>\n\n\n\n<p>A Terapia Multidimensional quebra este ciclo ao:<\/p>\n\n\n\n<ul class=\"wp-block-list\">\n<li><strong>Identificar o padr\u00e3o<\/strong>: Qual \u00e9 a situa\u00e7\u00e3o que ativa a tua ansiedade? Qual \u00e9 o sentimento que desencadeia a depress\u00e3o?<\/li>\n\n\n\n<li><strong>Trabalhar a raiz<\/strong>: Por que este padr\u00e3o foi criado? Que fun\u00e7\u00e3o de prote\u00e7\u00e3o estava a servir?<\/li>\n\n\n\n<li><strong>Dissolver a necessidade<\/strong>: Uma vez compreendido, o padr\u00e3o deixa de ser necess\u00e1rio. O sistema nervoso finalmente sente-se seguro o suficiente para libertar-se.<\/li>\n<\/ul>\n\n\n\n<hr class=\"wp-block-separator has-alpha-channel-opacity\"\/>\n\n\n\n<h2 class=\"wp-block-heading\" id=\"3-benefcios-especficos-para-ansiedade\">3. Benef\u00edcios Espec\u00edficos para Ansiedade<\/h2>\n\n\n\n<p>Se sofres de ansiedade, aqui est\u00e3o os benef\u00edcios concretos que podes esperar da Terapia Multidimensional:<\/p>\n\n\n\n<h2 class=\"wp-block-heading\">3.1. Al\u00edvio R\u00e1pido do P\u00e2nico<\/h2>\n\n\n\n<p>Muitas pessoas que t\u00eam ataques de p\u00e2nico descrevem uma transforma\u00e7\u00e3o dram\u00e1tica ap\u00f3s uma ou duas sess\u00f5es. O ataque de p\u00e2nico \u00e9, no fundo, o sistema nervoso em &#8220;falso alarme&#8221; \u2013 est\u00e1 a interpretar uma situa\u00e7\u00e3o segura como perigosa. A Terapia Multidimensional recalibra literalmente esta resposta.<\/p>\n\n\n\n<p>Relatos comuns: &#8220;Tive um ataque de p\u00e2nico na semana ap\u00f3s a sess\u00e3o, mas foi diferente. Consegui senti-lo e deixa-lo passar. N\u00e3o tomou conta de mim como antes.&#8221;<\/p>\n\n\n\n<h2 class=\"wp-block-heading\">3.2. Confian\u00e7a e Seguran\u00e7a Restauradas<\/h2>\n\n\n\n<p>A ansiedade \u00e9 frequentemente alimentada por um sentimento profundo de falta de seguran\u00e7a: &#8220;Algo mau vai acontecer&#8221; ou &#8220;N\u00e3o consigo lidar com isso&#8221;.<\/p>\n\n\n\n<p>Ap\u00f3s a Terapia Multidimensional, as pessoas relatam:<\/p>\n\n\n\n<ul class=\"wp-block-list\">\n<li>Uma sensa\u00e7\u00e3o fundamental de que\u00a0<strong>est\u00e3o seguras<\/strong>, mesmo quando enfrentam situa\u00e7\u00f5es dif\u00edceis<\/li>\n\n\n\n<li>Confian\u00e7a na sua capacidade de lidar com desafios<\/li>\n\n\n\n<li>Uma sensa\u00e7\u00e3o de que t\u00eam uma &#8220;rede de seguran\u00e7a&#8221; (contacto com o divino, com Seres de Luz que as protegem)<\/li>\n<\/ul>\n\n\n\n<h2 class=\"wp-block-heading\">3.3. Ansiedade Social Dissipada<\/h2>\n\n\n\n<p>Para muitos, a ansiedade manifesta-se em situa\u00e7\u00f5es sociais: medo de julgamento, medo de se humilhar, medo de falar em p\u00fablico.<\/p>\n\n\n\n<p>Ap\u00f3s a Terapia Multidimensional:<\/p>\n\n\n\n<ul class=\"wp-block-list\">\n<li>A voz interior cr\u00edtica fica muito mais silenciosa<\/li>\n\n\n\n<li>Sentes uma maior aceita\u00e7\u00e3o de quem \u00e9s<\/li>\n\n\n\n<li>A necessidade de aprova\u00e7\u00e3o diminui dramaticamente<\/li>\n\n\n\n<li>Consegues estar presente com os outros sem o constante ru\u00eddo de auto-cr\u00edtica<\/li>\n<\/ul>\n\n\n\n<h2 class=\"wp-block-heading\">3.4. Al\u00edvio de Sintomas F\u00edsicos<\/h2>\n\n\n\n<p>A ansiedade n\u00e3o \u00e9 apenas mental \u2013 \u00e9 f\u00edsica. Manifesta-se em:<\/p>\n\n\n\n<ul class=\"wp-block-list\">\n<li>Aperto no peito<\/li>\n\n\n\n<li>N\u00f3 no est\u00f4mago<\/li>\n\n\n\n<li>Tremores<\/li>\n\n\n\n<li>Ins\u00f3nia<\/li>\n\n\n\n<li>Tens\u00e3o muscular cr\u00f3nica<\/li>\n<\/ul>\n\n\n\n<p>Ap\u00f3s a Terapia Multidimensional, muitos dos sintomas f\u00edsicos desaparecem naturalmente porque a&nbsp;<strong>causa energ\u00e9tica<\/strong>&nbsp;foi removida. N\u00e3o \u00e9 apenas &#8220;sentir-se melhor mentalmente&#8221; \u2013 o corpo literal e fisicamente sente al\u00edvio.<\/p>\n\n\n\n<hr class=\"wp-block-separator has-alpha-channel-opacity\"\/>\n\n\n\n<h2 class=\"wp-block-heading\" id=\"4-benefcios-especficos-para-depresso\">4. Benef\u00edcios Espec\u00edficos para Depress\u00e3o<\/h2>\n\n\n\n<p>Se sofres de depress\u00e3o, compreender como a Terapia Multidimensional funciona pode trazer esperan\u00e7a:<\/p>\n\n\n\n<h2 class=\"wp-block-heading\">4.1. Restaura\u00e7\u00e3o de Esperan\u00e7a e Vontade de Viver<\/h2>\n\n\n\n<p>A depress\u00e3o \u00e9 caracterizada por uma sensa\u00e7\u00e3o de vazio, desesperan\u00e7a e falta de sentido. Uma das transforma\u00e7\u00f5es mais profundas que as pessoas experienciam \u00e9 o&nbsp;<strong>retorno da esperan\u00e7a<\/strong>.<\/p>\n\n\n\n<p>N\u00e3o \u00e9 uma esperan\u00e7a &#8220;tola&#8221; ou ing\u00e9nua. \u00c9 uma esperan\u00e7a enraizada numa compreens\u00e3o profunda: &#8220;H\u00e1 um prop\u00f3sito para a minha vida. As coisas podem mudar. Mere\u00e7o felicidade.&#8221;<\/p>\n\n\n\n<h2 class=\"wp-block-heading\">4.2. Abertura do Cora\u00e7\u00e3o<\/h2>\n\n\n\n<p>No cora\u00e7\u00e3o da depress\u00e3o existe um cora\u00e7\u00e3o que se fechou, que deixou de sonhar, de amar, de acreditar.<\/p>\n\n\n\n<p>A Terapia Multidimensional abre literalmente o cora\u00e7\u00e3o novamente. Descri\u00e7\u00f5es que as pessoas usam:<\/p>\n\n\n\n<ul class=\"wp-block-list\">\n<li>&#8220;Senti como se algu\u00e9m tivesse desbloqueado a porta do meu cora\u00e7\u00e3o&#8221;<\/li>\n\n\n\n<li>&#8220;Consegui sentir amor de novo \u2013 come\u00e7ando por amor a mim mesma&#8221;<\/li>\n\n\n\n<li>&#8220;A vida voltou a ter cores&#8221;<\/li>\n\n\n\n<li>&#8220;Consigo rir genuinamente novamente&#8221;<\/li>\n<\/ul>\n\n\n\n<h2 class=\"wp-block-heading\">4.3. Liberta\u00e7\u00e3o de Culpa e Vergonha<\/h2>\n\n\n\n<p>A depress\u00e3o frequentemente vem acompanhada de uma culpa e vergonha profundas: &#8220;Sou fraco. Sou um fracasso. As pessoas seriam melhores sem mim.&#8221;<\/p>\n\n\n\n<p>Ap\u00f3s a Terapia Multidimensional, estas cren\u00e7as s\u00e3o literalmente&nbsp;<strong>reescitas<\/strong>. Em vez de &#8220;Sou fraco&#8221;, a pessoa passa a sentir &#8220;Sou resiliente&#8221;. Em vez de &#8220;Sou um fracasso&#8221;, passa a sentir &#8220;Estou a fazer o meu melhor com o conhecimento que tenho&#8221;.<\/p>\n\n\n\n<h2 class=\"wp-block-heading\">4.4. Reclama\u00e7\u00e3o da Vida<\/h2>\n\n\n\n<p>Depress\u00e3o \u00e9 uma morte em vida. A energia est\u00e1 muito baixa, a motiva\u00e7\u00e3o desapareceu, as coisas que costumavam trazer alegria j\u00e1 n\u00e3o interessam.<\/p>\n\n\n\n<p>Uma das transforma\u00e7\u00f5es mais bonitas \u00e9 quando a pessoa&nbsp;<strong>reclama a vida<\/strong>:<\/p>\n\n\n\n<ul class=\"wp-block-list\">\n<li>Voltam a interessar-se em hobbies e atividades<\/li>\n\n\n\n<li>A criatividade ressurge<\/li>\n\n\n\n<li>Conseguem visualizar um futuro que desejam<\/li>\n\n\n\n<li>A motiva\u00e7\u00e3o para cuidar de si (higiene, exerc\u00edcio, nutri\u00e7\u00e3o) retorna naturalmente<\/li>\n<\/ul>\n\n\n\n<hr class=\"wp-block-separator has-alpha-channel-opacity\"\/>\n\n\n\n<h2 class=\"wp-block-heading\" id=\"5-quantas-sesses-so-recomendadas-para-ansiedade-e\">5. Quantas Sess\u00f5es S\u00e3o Recomendadas para Ansiedade e Depress\u00e3o<\/h2>\n\n\n\n<p>Esta \u00e9 uma pergunta pr\u00e1tica e importante. A verdade \u00e9 que&nbsp;<strong>cada pessoa \u00e9 diferente<\/strong>.<\/p>\n\n\n\n<h2 class=\"wp-block-heading\">5.1. Transforma\u00e7\u00f5es R\u00e1pidas<\/h2>\n\n\n\n<p>Algumas pessoas experienciam transforma\u00e7\u00f5es significativas em&nbsp;<strong>apenas uma sess\u00e3o<\/strong>. Isto particularmente verdade quando:<\/p>\n\n\n\n<ul class=\"wp-block-list\">\n<li>O bloqueio \u00e9 claro e identific\u00e1vel<\/li>\n\n\n\n<li>A pessoa est\u00e1 aberta e recetiva<\/li>\n\n\n\n<li>Existe uma disposi\u00e7\u00e3o genu\u00edna para a cura<\/li>\n<\/ul>\n\n\n\n<h2 class=\"wp-block-heading\">5.2. Processos de Cura Gradual<\/h2>\n\n\n\n<p>Outras pessoas preferem ou precisam de&nbsp;<strong>uma s\u00e9rie de sess\u00f5es<\/strong>&nbsp;(3-6 sess\u00f5es). Isto \u00e9 especialmente comum quando:<\/p>\n\n\n\n<ul class=\"wp-block-list\">\n<li>A ansiedade ou depress\u00e3o tem ra\u00edzes muito profundas<\/li>\n\n\n\n<li>Existem m\u00faltiplos traumas a trabalhar<\/li>\n\n\n\n<li>A pessoa prefere um processo de cura gradual e integrado<\/li>\n\n\n\n<li>H\u00e1 padr\u00f5es ancestrais complexos envolvidos<\/li>\n<\/ul>\n\n\n\n<h2 class=\"wp-block-heading\">5.3. Manuten\u00e7\u00e3o e Aprofundamento<\/h2>\n\n\n\n<p>Muitas pessoas, mesmo ap\u00f3s sentirem al\u00edvio significativo, optam por&nbsp;<strong>sess\u00f5es de manuten\u00e7\u00e3o regulares<\/strong>&nbsp;(mensal ou trimestral) para:<\/p>\n\n\n\n<ul class=\"wp-block-list\">\n<li>Continuar a integrar e aprofundar a cura<\/li>\n\n\n\n<li>Trabalhar novas camadas que surgem<\/li>\n\n\n\n<li>Manter o alinhamento e a conex\u00e3o<\/li>\n<\/ul>\n\n\n\n<h2 class=\"wp-block-heading\">5.4. O Ideal<\/h2>\n\n\n\n<p>Para ansiedade e depress\u00e3o,&nbsp;<strong>recomenda-se come\u00e7ar com 3 sess\u00f5es intensivas<\/strong>&nbsp;(com uma ou duas semanas entre elas). Isto geralmente \u00e9 suficiente para:<\/p>\n\n\n\n<ul class=\"wp-block-list\">\n<li>Identificar e trabalhar os bloqueios principais<\/li>\n\n\n\n<li>Experienciar transforma\u00e7\u00f5es significativas<\/li>\n\n\n\n<li>Compreender como a tua energia est\u00e1 a trabalhar<\/li>\n<\/ul>\n\n\n\n<p>Depois, com base na tua experi\u00eancia, podes decidir se queres continuar com sess\u00f5es de aprofundamento ou passar a manuten\u00e7\u00e3o preventiva.<\/p>\n\n\n\n<p><strong>Importante<\/strong>: O n\u00famero ideal de sess\u00f5es \u00e9 algo que podes discutir directamente com Paulo Nogueira em PauloNogueiraTerapias.com, que pode fazer uma avalia\u00e7\u00e3o personalizada.<\/p>\n\n\n\n<hr class=\"wp-block-separator has-alpha-channel-opacity\"\/>\n\n\n\n<h2 class=\"wp-block-heading\" id=\"6-quando-combinar-com-psicoterapia-ou-apoio-mdico\">6. Quando Combinar com Psicoterapia ou Apoio M\u00e9dico<\/h2>\n\n\n\n<p>Esta \u00e9 uma quest\u00e3o importante para abordar com honestidade e responsabilidade.<\/p>\n\n\n\n<h2 class=\"wp-block-heading\">6.1. A Terapia Multidimensional N\u00e3o Substitui Apoio Profissional<\/h2>\n\n\n\n<p>Deixa ser muito claro:&nbsp;<strong>a Terapia Multidimensional \u00e9 complementar<\/strong>. N\u00e3o substitui:<\/p>\n\n\n\n<ul class=\"wp-block-list\">\n<li>Medica\u00e7\u00e3o psiqui\u00e1trica necess\u00e1ria<\/li>\n\n\n\n<li>Psicoterapia<\/li>\n\n\n\n<li>Hospitaliza\u00e7\u00e3o em caso de crise<\/li>\n\n\n\n<li>Cuidados m\u00e9dicos emergentes<\/li>\n<\/ul>\n\n\n\n<p>Se est\u00e1s em crise suicida, tens pensamentos homicidas, ou est\u00e1s em situa\u00e7\u00e3o de risco imediato, procura primeiro cuidados psiqui\u00e1tricos ou emerg\u00eancia m\u00e9dica.<\/p>\n\n\n\n<h2 class=\"wp-block-heading\">6.2. A Combina\u00e7\u00e3o \u00e9 Poderosa<\/h2>\n\n\n\n<p>Dito isto, a combina\u00e7\u00e3o de&nbsp;<strong>Terapia Multidimensional + Psicoterapia + Apoio M\u00e9dico (se necess\u00e1rio)<\/strong>&nbsp;\u00e9 extraordinariamente poderosa:<\/p>\n\n\n\n<ul class=\"wp-block-list\">\n<li>A\u00a0<strong>medica\u00e7\u00e3o psiqui\u00e1trica<\/strong>\u00a0estabiliza os sintomas agudos e permite que o sistema nervoso fique seguro o suficiente para a cura<\/li>\n\n\n\n<li>A\u00a0<strong>psicoterapia<\/strong>\u00a0ajuda-te a compreender padr\u00f5es conscientes e a desenvolver estrat\u00e9gias coping<\/li>\n\n\n\n<li>A\u00a0<strong>Terapia Multidimensional<\/strong>\u00a0trabalha as ra\u00edzes energ\u00e9ticas e emocionais profundas que alimentam a condi\u00e7\u00e3o<\/li>\n<\/ul>\n\n\n\n<h2 class=\"wp-block-heading\">6.3. Sinergia de Abordagens<\/h2>\n\n\n\n<p>O que frequentemente acontece \u00e9 que quando uma pessoa est\u00e1 a receber Terapia Multidimensional:<\/p>\n\n\n\n<ul class=\"wp-block-list\">\n<li>A psicoterapia fica mais eficaz (porque h\u00e1 menos resist\u00eancia energ\u00e9tica)<\/li>\n\n\n\n<li>A medica\u00e7\u00e3o pode eventualmente precisar de ser ajustada (porque a causa raiz est\u00e1 a ser abordada) \u2013 sempre sob orienta\u00e7\u00e3o m\u00e9dica<\/li>\n\n\n\n<li>A recupera\u00e7\u00e3o \u00e9 mais r\u00e1pida e mais profunda<\/li>\n\n\n\n<li>A pessoa n\u00e3o apenas se &#8220;sente melhor&#8221; temporariamente, mas experimenta transforma\u00e7\u00e3o genu\u00edna<\/li>\n<\/ul>\n\n\n\n<hr class=\"wp-block-separator has-alpha-channel-opacity\"\/>\n\n\n\n<h2 class=\"wp-block-heading\" id=\"7-como-agendar-uma-sesso-de-terapia-multidimension\">7. Como Agendar Uma Sess\u00e3o de Terapia Multidimensional no PauloNogueiraTerapias.com<\/h2>\n\n\n\n<p>Se chegaste at\u00e9 aqui e sentes que a Terapia Multidimensional \u00e9 exatamente o que precisas para transformar a tua ansiedade e depress\u00e3o, o pr\u00f3ximo passo \u00e9 simples e direto.<\/p>\n\n\n\n<h2 class=\"wp-block-heading\">7.1. Processo de Agendamento<\/h2>\n\n\n\n<ol class=\"wp-block-list\">\n<li><strong>Visita PauloNogueiraTerapias.com<\/strong>: Navega at\u00e9 \u00e0 sec\u00e7\u00e3o &#8220;Sess\u00f5es de Terapia Multidimensional&#8221; ou &#8220;Agendar Sess\u00e3o&#8221;<\/li>\n\n\n\n<li><strong>Preenche o formul\u00e1rio de contacto<\/strong>: Conta um pouco sobre:\n<ul class=\"wp-block-list\">\n<li>Que aspetos (ansiedade, depress\u00e3o, ambos) gostavas de trabalhar<\/li>\n\n\n\n<li>Se preferes sess\u00e3o online ou presencial<\/li>\n\n\n\n<li>Disponibilidade de datas e horas<\/li>\n<\/ul>\n<\/li>\n\n\n\n<li><strong>Recebe confirma\u00e7\u00e3o<\/strong>: Paulo Nogueira ou a sua equipa contactar-te-\u00e1 para:\n<ul class=\"wp-block-list\">\n<li>Confirmar a data e hora<\/li>\n\n\n\n<li>Responder a qualquer pergunta que tenhas<\/li>\n\n\n\n<li>Explicar como preparar-te para a sess\u00e3o<\/li>\n<\/ul>\n<\/li>\n\n\n\n<li><strong>Completa o pagamento<\/strong>\u00a0(se aplic\u00e1vel): Ser-te-\u00e3o fornecidas op\u00e7\u00f5es seguras e flex\u00edveis de pagamento<\/li>\n\n\n\n<li><strong>Recebe instru\u00e7\u00f5es de prepara\u00e7\u00e3o<\/strong>: Dias antes da sess\u00e3o, receber\u00e1s informa\u00e7\u00f5es sobre como te preparar (relaxa\u00e7\u00e3o, inten\u00e7\u00e3o, ambiente, etc.)<\/li>\n<\/ol>\n\n\n\n<h2 class=\"wp-block-heading\">7.2. Op\u00e7\u00f5es de Sess\u00e3o<\/h2>\n\n\n\n<ul class=\"wp-block-list\">\n<li><strong>Online<\/strong>: Realizada via videochamada segura. Ficas no conforto da tua casa. Igualmente eficaz<\/li>\n\n\n\n<li><strong>Presencial<\/strong>: No Espa\u00e7o Paulo Nogueira Terapias, Lumiar, Lisboa (localiza\u00e7\u00e3o fornecida nos contactos do site)<\/li>\n<\/ul>\n\n\n\n<h2 class=\"wp-block-heading\">7.3. O Que Esperar no Primeiro Contacto<\/h2>\n\n\n\n<p>Paulo Nogueira \u00e9 profissional, compassivo e respeitador. No primeiro contacto:<\/p>\n\n\n\n<ul class=\"wp-block-list\">\n<li>N\u00e3o h\u00e1 julgamento. Todos n\u00f3s temos d\u00favidas e medos<\/li>\n\n\n\n<li>Ser\u00e1 respeitada a tua privacidade e confidencialidade<\/li>\n\n\n\n<li>Podes fazer todas as perguntas que queiras<\/li>\n\n\n\n<li>A tua experi\u00eancia ser\u00e1 adaptada \u00e0s tuas necessidades espec\u00edficas<\/li>\n<\/ul>\n\n\n\n<h2 class=\"wp-block-heading\">7.4. Pr\u00f3ximos Passos<\/h2>\n\n\n\n<p>Se preferires um contacto mais direto, procura as op\u00e7\u00f5es de telefone\/email\/WhatsApp no site.<\/p>\n\n\n\n<hr class=\"wp-block-separator has-alpha-channel-opacity\"\/>\n\n\n\n<h2 class=\"wp-block-heading\" id=\"concluso-a-terapia-multidimensional-como-caminho-p\">Conclus\u00e3o: A Terapia Multidimensional Como Caminho para a Liberta\u00e7\u00e3o<\/h2>\n\n\n\n<p>A ansiedade e a depress\u00e3o s\u00e3o dolorosas. Mas n\u00e3o s\u00e3o permanentes. E mais importante ainda \u2013&nbsp;<strong>n\u00e3o s\u00e3o apenas tua &#8220;natureza&#8221; ou &#8220;quem \u00e9s&#8221;<\/strong>.<\/p>\n\n\n\n<p>S\u00e3o bloqueios que podem ser curados. S\u00e3o padr\u00f5es que podem ser transformados. S\u00e3o campos energ\u00e9ticos que podem ser reequilibrados.<\/p>\n\n\n\n<p>A Terapia Multidimensional oferece um caminho verdadeiro de liberta\u00e7\u00e3o. N\u00e3o \u00e9 uma &#8220;cura r\u00e1pida&#8221; milagrosa, mas \u00e9 uma cura&nbsp;<strong>genu\u00edna e profunda<\/strong>&nbsp;que trabalha nas ra\u00edzes reais do teu sofrimento.<\/p>\n\n\n\n<p>Se tens lutado com ansiedade ou depress\u00e3o, se j\u00e1 experimentaste outras abordagens e ainda esperas por transforma\u00e7\u00e3o real, ou se sentes no teu interior que existe um caminho de cura mais profundo para ti \u2013 \u00e9 hora de experimentar a Terapia Multidimensional.<\/p>\n\n\n\n<p>A tua paz de esp\u00edrito, o teu cora\u00e7\u00e3o aberto, a tua vida plena de esperan\u00e7a e alegria \u2013 est\u00e3o \u00e0 espera.<\/p>\n\n\n\n<p><strong>D\u00e1 o primeiro passo hoje. Agenda a tua sess\u00e3o de Terapia Multidimensional em PauloNogueiraTerapias.com.<\/strong><\/p>\n\n\n\n<p>Mereces estar bem. Mereces ser livre. Mereces viver a vida plena que \u00e9 o teu direito inato.<\/p>\n\n\n\n<p>Deixa que a Terapia Multidimensional te ajude a reclamar isso.<\/p>\n\n\n<div class=\"wpforms-container wpforms-container-full wpforms-form-abandonment wpforms-block wpforms-block-cd2f0c94-53e5-4378-8828-518c209abb22\" id=\"wpforms-15417\"><form id=\"wpforms-form-15417\" class=\"wpforms-validate wpforms-form wpforms-ajax-form\" data-formid=\"15417\" method=\"post\" enctype=\"multipart\/form-data\" action=\"\/es\/wp-json\/wp\/v2\/posts\/18557\" data-token=\"8729acd7d30616879a55300f90c88c90\" data-token-time=\"1777404003\"><div class=\"wpforms-head-container\"><div class=\"wpforms-title\">Marca\u00e7\u00e3o de Terapia Multidimensional<\/div><\/div><noscript class=\"wpforms-error-noscript\">Por favor, activa JavaScript en tu navegador para completar este formulario.<\/noscript><div class=\"wpforms-field-container\"><div id=\"wpforms-15417-field_1-container\" class=\"wpforms-field wpforms-field-name\" data-field-id=\"1\"><label class=\"wpforms-field-label\" for=\"wpforms-15417-field_1\">Nome <span class=\"wpforms-required-label\">*<\/span><\/label><input type=\"text\" id=\"wpforms-15417-field_1\" class=\"wpforms-field-medium wpforms-field-required\" name=\"wpforms[fields][1]\" required><\/div><div id=\"wpforms-15417-field_2-container\" class=\"wpforms-field wpforms-field-phone\" data-field-id=\"2\"><label class=\"wpforms-field-label\" for=\"wpforms-15417-field_2\">Telefone <span class=\"wpforms-required-label\">*<\/span><\/label><input type=\"tel\" id=\"wpforms-15417-field_2\" class=\"wpforms-field-medium wpforms-field-required\" data-rule-int-phone-field=\"true\" name=\"wpforms[fields][2]\" aria-label=\"Telefone\" required><\/div><div id=\"wpforms-15417-field_3-container\" class=\"wpforms-field wpforms-field-email\" data-field-id=\"3\"><label class=\"wpforms-field-label\" for=\"wpforms-15417-field_3\">Email <span class=\"wpforms-required-label\">*<\/span><\/label><input type=\"email\" id=\"wpforms-15417-field_3\" class=\"wpforms-field-medium wpforms-field-required\" name=\"wpforms[fields][3]\" spellcheck=\"false\" required><\/div><div id=\"wpforms-15417-field_7-container\" class=\"wpforms-field wpforms-field-select wpforms-field-select-style-modern\" data-field-id=\"7\"><label class=\"wpforms-field-label\" for=\"wpforms-15417-field_7\">Modalidade<\/label><select id=\"wpforms-15417-field_7\" class=\"wpforms-field-medium choicesjs-select\" data-size-class=\"wpforms-field-row wpforms-field-medium\" data-search-enabled=\"\" name=\"wpforms[fields][7]\"><option value=\"\" class=\"placeholder\" disabled ><\/option><option value=\"Presencial (em Lisboa)\"  selected='selected'>Presencial (em Lisboa)<\/option><option value=\"Online (via WhatsApp)\" >Online (via WhatsApp)<\/option><\/select><\/div><div id=\"wpforms-15417-field_8-container\" class=\"wpforms-field wpforms-field-date-time\" data-field-id=\"8\"><label class=\"wpforms-field-label\">Data \/ Hora<\/label><div class=\"wpforms-field-row wpforms-field-medium\"><div class=\"wpforms-field-row-block wpforms-date-type-datepicker\"><div class=\"wpforms-datepicker-wrap\"><input type=\"text\" id=\"wpforms-15417-field_8\" class=\"wpforms-field-date-time-date wpforms-datepicker\" data-date-format=\"d\/m\/Y\" data-disable-past-dates=\"1\" data-disable-todays-date=\"0\" data-input=\"true\" name=\"wpforms[fields][8][date]\" ><a title=\"Borrar fecha\" data-clear class=\"wpforms-datepicker-clear\" style=\"display:none;\"><\/a><\/div><label for=\"wpforms-15417-field_8\" class=\"wpforms-field-sublabel after\">Fecha<\/label><\/div><div class=\"wpforms-field-row-block\"><input type=\"text\" id=\"wpforms-15417-field_8-time\" class=\"wpforms-field-date-time-time wpforms-timepicker\" data-time-format=\"H:i\" data-step=\"30\" data-rule-time24h=\"true\" data-min-time=\"10:00\" data-max-time=\"20:00\" data-rule-time-limit=\"true\" name=\"wpforms[fields][8][time]\" ><label for=\"wpforms-15417-field_8-time\" class=\"wpforms-field-sublabel after\">Hora<\/label><\/div><\/div><\/div><div id=\"wpforms-15417-field_6-container\" class=\"wpforms-field wpforms-field-textarea\" data-field-id=\"6\"><label class=\"wpforms-field-label\" for=\"wpforms-15417-field_6\">Observa\u00e7\u00f5es<\/label><textarea id=\"wpforms-15417-field_6\" class=\"wpforms-field-medium\" name=\"wpforms[fields][6]\" ><\/textarea><\/div><\/div><!-- .wpforms-field-container --><div class=\"wpforms-submit-container\" ><input type=\"hidden\" name=\"wpforms[id]\" value=\"15417\"><input type=\"hidden\" name=\"page_title\" value=\"\"><input type=\"hidden\" name=\"page_url\" value=\"https:\/\/www.paulonogueiraterapias.com\/es\/wp-json\/wp\/v2\/posts\/18557\"><input type=\"hidden\" name=\"url_referer\" value=\"\"><button type=\"submit\" name=\"wpforms[submit]\" id=\"wpforms-submit-15417\" class=\"wpforms-submit\" data-alt-text=\"Enviando...\" data-submit-text=\"Agendar\" aria-live=\"assertive\" value=\"wpforms-submit\">Agendar<\/button><img loading=\"lazy\" decoding=\"async\" src=\"https:\/\/www.paulonogueiraterapias.com\/wp-content\/plugins\/wpforms-disabled\/assets\/images\/submit-spin.svg\" class=\"wpforms-submit-spinner\" style=\"display: none;\" width=\"26\" height=\"26\" alt=\"Cargando\"><\/div><\/form><\/div>  <!-- .wpforms-container -->","protected":false},"excerpt":{"rendered":"<p>Introdu\u00e7\u00e3o A&nbsp;ansiedade e a depress\u00e3o&nbsp;s\u00e3o duas das condi\u00e7\u00f5es emocionais mais comuns da atualidade. Estat\u00edsticas mostram que milh\u00f5es de pessoas em todo o mundo lidam diariamente com estes transtornos, muitas vezes [&hellip;]<\/p>\n","protected":false},"author":1,"featured_media":0,"comment_status":"open","ping_status":"open","sticky":false,"template":"","format":"standard","meta":{"om_disable_all_campaigns":false,"_mi_skip_tracking":false,"site-sidebar-layout":"default","site-content-layout":"","ast-site-content-layout":"default","site-content-style":"default","site-sidebar-style":"default","ast-global-header-display":"","ast-banner-title-visibility":"","ast-main-header-display":"","ast-hfb-above-header-display":"","ast-hfb-below-header-display":"","ast-hfb-mobile-header-display":"","site-post-title":"","ast-breadcrumbs-content":"","ast-featured-img":"","footer-sml-layout":"","ast-disable-related-posts":"","theme-transparent-header-meta":"","adv-header-id-meta":"","stick-header-meta":"","header-above-stick-meta":"","header-main-stick-meta":"","header-below-stick-meta":"","astra-migrate-meta-layouts":"default","ast-page-background-enabled":"default","ast-page-background-meta":{"desktop":{"background-color":"var(--ast-global-color-5)","background-image":"","background-repeat":"repeat","background-position":"center center","background-size":"auto","background-attachment":"scroll","background-type":"","background-media":"","overlay-type":"","overlay-color":"","overlay-opacity":"","overlay-gradient":""},"tablet":{"background-color":"","background-image":"","background-repeat":"repeat","background-position":"center center","background-size":"auto","background-attachment":"scroll","background-type":"","background-media":"","overlay-type":"","overlay-color":"","overlay-opacity":"","overlay-gradient":""},"mobile":{"background-color":"","background-image":"","background-repeat":"repeat","background-position":"center center","background-size":"auto","background-attachment":"scroll","background-type":"","background-media":"","overlay-type":"","overlay-color":"","overlay-opacity":"","overlay-gradient":""}},"ast-content-background-meta":{"desktop":{"background-color":"var(--ast-global-color-4)","background-image":"","background-repeat":"repeat","background-position":"center center","background-size":"auto","background-attachment":"scroll","background-type":"","background-media":"","overlay-type":"","overlay-color":"","overlay-opacity":"","overlay-gradient":""},"tablet":{"background-color":"var(--ast-global-color-4)","background-image":"","background-repeat":"repeat","background-position":"center center","background-size":"auto","background-attachment":"scroll","background-type":"","background-media":"","overlay-type":"","overlay-color":"","overlay-opacity":"","overlay-gradient":""},"mobile":{"background-color":"var(--ast-global-color-4)","background-image":"","background-repeat":"repeat","background-position":"center center","background-size":"auto","background-attachment":"scroll","background-type":"","background-media":"","overlay-type":"","overlay-color":"","overlay-opacity":"","overlay-gradient":""}},"footnotes":""},"categories":[248],"tags":[258],"class_list":["post-18557","post","type-post","status-publish","format-standard","hentry","category-terapia-multidimensional-es","tag-terapia-multidimensional-es"],"aioseo_notices":[],"_links":{"self":[{"href":"https:\/\/www.paulonogueiraterapias.com\/es\/wp-json\/wp\/v2\/posts\/18557","targetHints":{"allow":["GET"]}}],"collection":[{"href":"https:\/\/www.paulonogueiraterapias.com\/es\/wp-json\/wp\/v2\/posts"}],"about":[{"href":"https:\/\/www.paulonogueiraterapias.com\/es\/wp-json\/wp\/v2\/types\/post"}],"author":[{"embeddable":true,"href":"https:\/\/www.paulonogueiraterapias.com\/es\/wp-json\/wp\/v2\/users\/1"}],"replies":[{"embeddable":true,"href":"https:\/\/www.paulonogueiraterapias.com\/es\/wp-json\/wp\/v2\/comments?post=18557"}],"version-history":[{"count":1,"href":"https:\/\/www.paulonogueiraterapias.com\/es\/wp-json\/wp\/v2\/posts\/18557\/revisions"}],"predecessor-version":[{"id":18558,"href":"https:\/\/www.paulonogueiraterapias.com\/es\/wp-json\/wp\/v2\/posts\/18557\/revisions\/18558"}],"wp:attachment":[{"href":"https:\/\/www.paulonogueiraterapias.com\/es\/wp-json\/wp\/v2\/media?parent=18557"}],"wp:term":[{"taxonomy":"category","embeddable":true,"href":"https:\/\/www.paulonogueiraterapias.com\/es\/wp-json\/wp\/v2\/categories?post=18557"},{"taxonomy":"post_tag","embeddable":true,"href":"https:\/\/www.paulonogueiraterapias.com\/es\/wp-json\/wp\/v2\/tags?post=18557"}],"curies":[{"name":"wp","href":"https:\/\/api.w.org\/{rel}","templated":true}]}}