{"id":17440,"date":"2024-11-22T11:35:53","date_gmt":"2024-11-22T11:35:53","guid":{"rendered":"https:\/\/www.paulonogueiraterapias.com\/?p=17440"},"modified":"2024-11-22T11:35:53","modified_gmt":"2024-11-22T11:35:53","slug":"a-flor-da-vida","status":"publish","type":"post","link":"https:\/\/www.paulonogueiraterapias.com\/es\/a-flor-da-vida\/","title":{"rendered":"A Flor da Vida"},"content":{"rendered":"\n<h1 class=\"wp-block-heading\">Flor da Vida: A Geometria Sagrada da Cria\u00e7\u00e3o<\/h1>\n\n\n\n<p>A <strong>Flor da Vida<\/strong> \u00e9 um dos s\u00edmbolos mais antigos e poderosos da <strong>Geometria Sagrada<\/strong>, representando a conex\u00e3o entre todas as formas de vida no universo. Composta por uma s\u00e9rie de c\u00edrculos interligados, a Flor da Vida transcende culturas e \u00e9pocas, carregando consigo profundos significados espirituais e esot\u00e9ricos. Este artigo explora, em profundidade, o que \u00e9 a Flor da Vida, a sua import\u00e2ncia, o seu papel na Geometria Sagrada e os seus usos pr\u00e1ticos no dia a dia.<\/p>\n\n\n\n<hr class=\"wp-block-separator has-alpha-channel-opacity\"\/>\n\n\n\n<h2 class=\"wp-block-heading\"><strong>O Que \u00e9 a Flor da Vida?<\/strong><\/h2>\n\n\n\n<p>A Flor da Vida \u00e9 um s\u00edmbolo geom\u00e9trico composto por <strong>19 c\u00edrculos id\u00eanticos<\/strong>, que se sobrep\u00f5em e formam um padr\u00e3o hexagonal sim\u00e9trico. Este padr\u00e3o pode ser ampliado infinitamente, representando a interliga\u00e7\u00e3o de todas as coisas no universo. O nome &#8220;Flor da Vida&#8221; deriva do facto de o padr\u00e3o assemelhar-se a uma flor, simbolizando a <strong>perfei\u00e7\u00e3o e a harmonia da cria\u00e7\u00e3o<\/strong>.<\/p>\n\n\n\n<figure class=\"wp-block-image aligncenter size-full is-resized is-style-rounded\"><a href=\"https:\/\/www.paulonogueiraterapias.com\/wp-content\/uploads\/2024\/11\/flor-da-vida.webp\"><img loading=\"lazy\" decoding=\"async\" width=\"1024\" height=\"1024\" src=\"https:\/\/www.paulonogueiraterapias.com\/wp-content\/uploads\/2024\/11\/flor-da-vida.webp\" alt=\"\" class=\"wp-image-17441\" style=\"width:474px;height:auto\" srcset=\"https:\/\/www.paulonogueiraterapias.com\/wp-content\/uploads\/2024\/11\/flor-da-vida.webp 1024w, https:\/\/www.paulonogueiraterapias.com\/wp-content\/uploads\/2024\/11\/flor-da-vida-300x300.webp 300w, https:\/\/www.paulonogueiraterapias.com\/wp-content\/uploads\/2024\/11\/flor-da-vida-100x100.webp 100w, https:\/\/www.paulonogueiraterapias.com\/wp-content\/uploads\/2024\/11\/flor-da-vida-600x600.webp 600w, https:\/\/www.paulonogueiraterapias.com\/wp-content\/uploads\/2024\/11\/flor-da-vida-150x150.webp 150w, https:\/\/www.paulonogueiraterapias.com\/wp-content\/uploads\/2024\/11\/flor-da-vida-768x768.webp 768w, https:\/\/www.paulonogueiraterapias.com\/wp-content\/uploads\/2024\/11\/flor-da-vida-71x71.webp 71w, https:\/\/www.paulonogueiraterapias.com\/wp-content\/uploads\/2024\/11\/flor-da-vida-36x36.webp 36w, https:\/\/www.paulonogueiraterapias.com\/wp-content\/uploads\/2024\/11\/flor-da-vida-60x60.webp 60w, https:\/\/www.paulonogueiraterapias.com\/wp-content\/uploads\/2024\/11\/flor-da-vida-90x90.webp 90w\" sizes=\"auto, (max-width: 1024px) 100vw, 1024px\" \/><\/a><\/figure>\n\n\n\n<hr class=\"wp-block-separator has-alpha-channel-opacity\"\/>\n\n\n\n<h2 class=\"wp-block-heading\"><strong>Origem e Hist\u00f3ria da Flor da Vida<\/strong><\/h2>\n\n\n\n<p>A Flor da Vida \u00e9 um s\u00edmbolo universal encontrado em v\u00e1rias culturas e civiliza\u00e7\u00f5es antigas. Alguns dos exemplos mais not\u00e1veis incluem:<\/p>\n\n\n\n<ol class=\"wp-block-list\">\n<li><strong>Egipto Antigo<\/strong>: O s\u00edmbolo foi descoberto no <strong>Templo de Os\u00edris<\/strong>, em Abydos. A sua presen\u00e7a no Egipto \u00e9 frequentemente associada ao conhecimento m\u00edstico e \u00e0s origens da cria\u00e7\u00e3o.<\/li>\n\n\n\n<li><strong>China e Jap\u00e3o<\/strong>: Em v\u00e1rias tradi\u00e7\u00f5es orientais, a Flor da Vida simboliza a harmonia entre o c\u00e9u e a terra, bem como a unidade entre todas as formas de vida.<\/li>\n\n\n\n<li><strong>\u00cdndia<\/strong>: Na cultura v\u00e9dica, a Flor da Vida est\u00e1 ligada \u00e0 espiritualidade e \u00e0 medita\u00e7\u00e3o, sendo um padr\u00e3o comum em templos e mandalas.<\/li>\n\n\n\n<li><strong>Europa Medieval<\/strong>: Durante a Idade M\u00e9dia, o s\u00edmbolo foi incorporado na arquitetura de catedrais, representando a perfei\u00e7\u00e3o divina.<\/li>\n<\/ol>\n\n\n\n<p>A recorr\u00eancia da Flor da Vida em tantas culturas diferentes sugere que ela carrega um conhecimento universal e atemporal.<\/p>\n\n\n\n<hr class=\"wp-block-separator has-alpha-channel-opacity\"\/>\n\n\n\n<h2 class=\"wp-block-heading\"><strong>A Import\u00e2ncia da Flor da Vida na Geometria Sagrada<\/strong><\/h2>\n\n\n\n<p>A Geometria Sagrada \u00e9 a base matem\u00e1tica e simb\u00f3lica que rege a estrutura do universo. A Flor da Vida \u00e9 considerada a <strong>representa\u00e7\u00e3o m\u00e1xima da Geometria Sagrada<\/strong>, pois cont\u00e9m dentro de si os <strong>segredos da cria\u00e7\u00e3o<\/strong>.<\/p>\n\n\n\n<h3 class=\"wp-block-heading\"><strong>A Semente da Vida e o Padr\u00e3o de Cria\u00e7\u00e3o<\/strong><\/h3>\n\n\n\n<p>No centro da Flor da Vida encontra-se a <strong>Semente da Vida<\/strong>, composta por sete c\u00edrculos que representam os <strong>sete dias da cria\u00e7\u00e3o<\/strong> segundo a tradi\u00e7\u00e3o judaico-crist\u00e3. Este padr\u00e3o simboliza o in\u00edcio da manifesta\u00e7\u00e3o e o ciclo da vida.<\/p>\n\n\n\n<h3 class=\"wp-block-heading\"><strong>A \u00c1rvore da Vida<\/strong><\/h3>\n\n\n\n<p>Dentro da Flor da Vida est\u00e1 embutida a <strong>\u00c1rvore da Vida<\/strong>, um s\u00edmbolo central na tradi\u00e7\u00e3o da <a href=\"https:\/\/www.paulonogueiraterapias.com\/a-cabala\/\" title=\"A Cabala\">Cabala<\/a>. A \u00c1rvore da Vida conecta os diferentes n\u00edveis de consci\u00eancia e serve como um mapa para o desenvolvimento espiritual.<\/p>\n\n\n\n<h3 class=\"wp-block-heading\"><strong>A Propor\u00e7\u00e3o \u00c1urea<\/strong><\/h3>\n\n\n\n<p>A Flor da Vida cont\u00e9m rela\u00e7\u00f5es geom\u00e9tricas baseadas na <strong>propor\u00e7\u00e3o \u00e1urea<\/strong>, um n\u00famero matem\u00e1tico que aparece em toda a natureza, desde o crescimento das plantas at\u00e9 \u00e0 estrutura do corpo humano.<\/p>\n\n\n\n<hr class=\"wp-block-separator has-alpha-channel-opacity\"\/>\n\n\n\n<h2 class=\"wp-block-heading\"><strong>Significados Espirituais da Flor da Vida<\/strong><\/h2>\n\n\n\n<p>A Flor da Vida \u00e9 muito mais do que um padr\u00e3o geom\u00e9trico; \u00e9 um <strong>s\u00edmbolo espiritual<\/strong> que carrega significados profundos. Aqui est\u00e3o alguns dos principais:<\/p>\n\n\n\n<ol class=\"wp-block-list\">\n<li><strong>Unidade e Interliga\u00e7\u00e3o<\/strong>: Representa a conex\u00e3o entre todas as formas de vida, mostrando que tudo no universo est\u00e1 interligado.<\/li>\n\n\n\n<li><strong>Harmonia e Equil\u00edbrio<\/strong>: A simetria perfeita do s\u00edmbolo promove um estado de equil\u00edbrio, tanto no plano f\u00edsico quanto no espiritual.<\/li>\n\n\n\n<li><strong>Autoconhecimento<\/strong>: A contempla\u00e7\u00e3o da Flor da Vida pode ajudar a compreender os mist\u00e9rios da exist\u00eancia e o nosso lugar no universo.<\/li>\n\n\n\n<li><strong>Manifesta\u00e7\u00e3o<\/strong>: Este s\u00edmbolo est\u00e1 associado ao poder de manifestar inten\u00e7\u00f5es, pois encapsula o padr\u00e3o energ\u00e9tico que d\u00e1 forma \u00e0 realidade.<\/li>\n<\/ol>\n\n\n\n<hr class=\"wp-block-separator has-alpha-channel-opacity\"\/>\n\n\n\n<h2 class=\"wp-block-heading\"><strong>Usos Pr\u00e1ticos da Flor da Vida<\/strong><\/h2>\n\n\n\n<p>A Flor da Vida n\u00e3o \u00e9 apenas um s\u00edmbolo te\u00f3rico; ela pode ser utilizada de v\u00e1rias formas pr\u00e1ticas para promover equil\u00edbrio e bem-estar. Abaixo, exploramos algumas das suas aplica\u00e7\u00f5es mais comuns.<\/p>\n\n\n\n<h3 class=\"wp-block-heading\"><strong>1. Medita\u00e7\u00e3o<\/strong><\/h3>\n\n\n\n<p>A visualiza\u00e7\u00e3o da Flor da Vida durante a medita\u00e7\u00e3o pode ajudar a <strong>expandir a consci\u00eancia<\/strong> e a conectar-se com n\u00edveis mais elevados de energia. Este exerc\u00edcio pode trazer clareza mental e um profundo sentido de paz.<\/p>\n\n\n\n<h3 class=\"wp-block-heading\"><strong>2. Cura Energ\u00e9tica<\/strong><\/h3>\n\n\n\n<p>Na pr\u00e1tica de terapias hol\u00edsticas, como o Reiki ou a Cura Pr\u00e2nica, a Flor da Vida pode ser utilizada como uma ferramenta para <strong>restaurar o equil\u00edbrio energ\u00e9tico<\/strong>. Colocar o s\u00edmbolo sob uma cama ou pr\u00f3ximo de um chakra espec\u00edfico ajuda a harmonizar a energia.<\/p>\n\n\n\n<h3 class=\"wp-block-heading\"><strong>3. Prote\u00e7\u00e3o Energ\u00e9tica<\/strong><\/h3>\n\n\n\n<p>A Flor da Vida \u00e9 frequentemente usada como um <strong>amuleto de prote\u00e7\u00e3o<\/strong> contra energias negativas. Este s\u00edmbolo cria uma vibra\u00e7\u00e3o de harmonia, protegendo quem o carrega.<\/p>\n\n\n\n<h3 class=\"wp-block-heading\"><strong>4. \u00c1gua Estruturada<\/strong><\/h3>\n\n\n\n<p>Colocar um copo ou jarra de \u00e1gua sobre uma representa\u00e7\u00e3o da Flor da Vida ajuda a <strong>estruturar a \u00e1gua<\/strong>, melhorando a sua qualidade e energia, de acordo com estudos de Masaru Emoto sobre as vibra\u00e7\u00f5es na \u00e1gua.<\/p>\n\n\n\n<h3 class=\"wp-block-heading\"><strong>5. Decora\u00e7\u00e3o e Harmoniza\u00e7\u00e3o de Espa\u00e7os<\/strong><\/h3>\n\n\n\n<p>Muitas pessoas utilizam a Flor da Vida em casa ou no local de trabalho para promover uma <strong>energia harmoniosa e equilibrada<\/strong>. Este s\u00edmbolo \u00e9 comum em mandalas, tape\u00e7arias e obras de arte.<\/p>\n\n\n\n<hr class=\"wp-block-separator has-alpha-channel-opacity\"\/>\n\n\n\n<h2 class=\"wp-block-heading\"><strong>A Flor da Vida e o Desenvolvimento Pessoal<\/strong><\/h2>\n\n\n\n<p>O estudo da Flor da Vida pode ser uma jornada transformadora de <strong>autoconhecimento e crescimento espiritual<\/strong>. Algumas das formas como este s\u00edmbolo pode influenciar o desenvolvimento pessoal incluem:<\/p>\n\n\n\n<ul class=\"wp-block-list\">\n<li><strong>Aumentar a consci\u00eancia<\/strong>: A contempla\u00e7\u00e3o do s\u00edmbolo ajuda a expandir a perce\u00e7\u00e3o sobre a interconex\u00e3o universal.<\/li>\n\n\n\n<li><strong>Despertar a criatividade<\/strong>: A geometria perfeita da Flor da Vida estimula o hemisf\u00e9rio direito do c\u00e9rebro, promovendo a criatividade.<\/li>\n\n\n\n<li><strong>Promover o equil\u00edbrio interno<\/strong>: Trabalhar com este s\u00edmbolo ajuda a equilibrar corpo, mente e esp\u00edrito.<\/li>\n<\/ul>\n\n\n\n<hr class=\"wp-block-separator has-alpha-channel-opacity\"\/>\n\n\n\n<h2 class=\"wp-block-heading\"><strong>Curiosidades Sobre a Flor da Vida<\/strong><\/h2>\n\n\n\n<ul class=\"wp-block-list\">\n<li><strong>Presen\u00e7a em Culturas Antigas<\/strong>: Este s\u00edmbolo foi encontrado em civiliza\u00e7\u00f5es que n\u00e3o tinham contato entre si, sugerindo um conhecimento universal.<\/li>\n\n\n\n<li><strong>Liga\u00e7\u00e3o com o DNA Humano<\/strong>: A estrutura da Flor da Vida \u00e9 semelhante \u00e0 disposi\u00e7\u00e3o molecular do ADN, o que refor\u00e7a a ideia de que ela representa a base da vida.<\/li>\n\n\n\n<li><strong>Drunvalo Melchizedek<\/strong>: Este autor popularizou o estudo da Flor da Vida atrav\u00e9s do seu livro <em>O Segredo Antigo da Flor da Vida<\/em>, onde explora as implica\u00e7\u00f5es espirituais e cient\u00edficas do s\u00edmbolo.<\/li>\n<\/ul>\n\n\n\n<hr class=\"wp-block-separator has-alpha-channel-opacity\"\/>\n\n\n\n<h2 class=\"wp-block-heading\"><strong>Como Incorporar a Flor da Vida na Sua Vida<\/strong><\/h2>\n\n\n\n<p>Se deseja trabalhar com a energia da Flor da Vida, aqui est\u00e3o algumas dicas pr\u00e1ticas:<\/p>\n\n\n\n<ol class=\"wp-block-list\">\n<li><strong>Medite com o s\u00edmbolo<\/strong>: Use uma representa\u00e7\u00e3o da Flor da Vida como ponto focal para as suas medita\u00e7\u00f5es.<\/li>\n\n\n\n<li><strong>Use-a como talism\u00e3<\/strong>: Carregue uma pe\u00e7a de joalharia ou um amuleto com o s\u00edmbolo para prote\u00e7\u00e3o e equil\u00edbrio energ\u00e9tico.<\/li>\n\n\n\n<li><strong>Integre na sua pr\u00e1tica espiritual<\/strong>: Inclua a Flor da Vida em rituais, altares ou pr\u00e1ticas de visualiza\u00e7\u00e3o.<\/li>\n\n\n\n<li><strong>Estude a Geometria Sagrada<\/strong>: Explore mais sobre os padr\u00f5es e significados associados \u00e0 Flor da Vida para aprofundar o seu conhecimento.<\/li>\n<\/ol>\n\n\n\n<hr class=\"wp-block-separator has-alpha-channel-opacity\"\/>\n\n\n\n<h2 class=\"wp-block-heading\"><strong>Conclus\u00e3o<\/strong><\/h2>\n\n\n\n<p>A <strong>Flor da Vida<\/strong> \u00e9 muito mais do que um simples s\u00edmbolo geom\u00e9trico; \u00e9 um <strong>portal para o entendimento da cria\u00e7\u00e3o<\/strong> e da interliga\u00e7\u00e3o entre todas as coisas. Ao estudar e trabalhar com este s\u00edmbolo, podemos alinhar-nos com as energias universais, promovendo equil\u00edbrio, harmonia e autoconhecimento. Seja atrav\u00e9s da medita\u00e7\u00e3o, da cura ou do desenvolvimento espiritual, a Flor da Vida oferece-nos ferramentas poderosas para transformar a nossa vida e compreender os mist\u00e9rios do cosmos.<\/p>\n\n\n\n<p>Seja voc\u00ea um iniciante ou um praticante avan\u00e7ado de espiritualidade, explorar o significado e os usos da Flor da Vida pode ser uma jornada enriquecedora. Este s\u00edmbolo n\u00e3o s\u00f3 encapsula a ess\u00eancia da Geometria Sagrada, mas tamb\u00e9m nos convida a recordar que somos parte de um universo interligado, onde cada forma de vida tem o seu lugar e prop\u00f3sito.<\/p>\n","protected":false},"excerpt":{"rendered":"<p>Flor da Vida: A Geometria Sagrada da Cria\u00e7\u00e3o A Flor da Vida \u00e9 um dos s\u00edmbolos mais antigos e poderosos da Geometria Sagrada, representando a conex\u00e3o entre todas as formas [&hellip;]<\/p>\n","protected":false},"author":1,"featured_media":0,"comment_status":"open","ping_status":"open","sticky":false,"template":"","format":"standard","meta":{"om_disable_all_campaigns":false,"_mi_skip_tracking":false,"site-sidebar-layout":"default","site-content-layout":"","ast-site-content-layout":"default","site-content-style":"default","site-sidebar-style":"default","ast-global-header-display":"","ast-banner-title-visibility":"","ast-main-header-display":"","ast-hfb-above-header-display":"","ast-hfb-below-header-display":"","ast-hfb-mobile-header-display":"","site-post-title":"","ast-breadcrumbs-content":"","ast-featured-img":"","footer-sml-layout":"","ast-disable-related-posts":"","theme-transparent-header-meta":"","adv-header-id-meta":"","stick-header-meta":"","header-above-stick-meta":"","header-main-stick-meta":"","header-below-stick-meta":"","astra-migrate-meta-layouts":"default","ast-page-background-enabled":"default","ast-page-background-meta":{"desktop":{"background-color":"var(--ast-global-color-5)","background-image":"","background-repeat":"repeat","background-position":"center center","background-size":"auto","background-attachment":"scroll","background-type":"","background-media":"","overlay-type":"","overlay-color":"","overlay-opacity":"","overlay-gradient":""},"tablet":{"background-color":"","background-image":"","background-repeat":"repeat","background-position":"center center","background-size":"auto","background-attachment":"scroll","background-type":"","background-media":"","overlay-type":"","overlay-color":"","overlay-opacity":"","overlay-gradient":""},"mobile":{"background-color":"","background-image":"","background-repeat":"repeat","background-position":"center center","background-size":"auto","background-attachment":"scroll","background-type":"","background-media":"","overlay-type":"","overlay-color":"","overlay-opacity":"","overlay-gradient":""}},"ast-content-background-meta":{"desktop":{"background-color":"var(--ast-global-color-4)","background-image":"","background-repeat":"repeat","background-position":"center center","background-size":"auto","background-attachment":"scroll","background-type":"","background-media":"","overlay-type":"","overlay-color":"","overlay-opacity":"","overlay-gradient":""},"tablet":{"background-color":"var(--ast-global-color-4)","background-image":"","background-repeat":"repeat","background-position":"center center","background-size":"auto","background-attachment":"scroll","background-type":"","background-media":"","overlay-type":"","overlay-color":"","overlay-opacity":"","overlay-gradient":""},"mobile":{"background-color":"var(--ast-global-color-4)","background-image":"","background-repeat":"repeat","background-position":"center center","background-size":"auto","background-attachment":"scroll","background-type":"","background-media":"","overlay-type":"","overlay-color":"","overlay-opacity":"","overlay-gradient":""}},"footnotes":""},"categories":[117,8],"tags":[146],"class_list":["post-17440","post","type-post","status-publish","format-standard","hentry","category-cura-ascensional","category-sabedoria","tag-cura-ascensional"],"aioseo_notices":[],"_links":{"self":[{"href":"https:\/\/www.paulonogueiraterapias.com\/es\/wp-json\/wp\/v2\/posts\/17440","targetHints":{"allow":["GET"]}}],"collection":[{"href":"https:\/\/www.paulonogueiraterapias.com\/es\/wp-json\/wp\/v2\/posts"}],"about":[{"href":"https:\/\/www.paulonogueiraterapias.com\/es\/wp-json\/wp\/v2\/types\/post"}],"author":[{"embeddable":true,"href":"https:\/\/www.paulonogueiraterapias.com\/es\/wp-json\/wp\/v2\/users\/1"}],"replies":[{"embeddable":true,"href":"https:\/\/www.paulonogueiraterapias.com\/es\/wp-json\/wp\/v2\/comments?post=17440"}],"version-history":[{"count":0,"href":"https:\/\/www.paulonogueiraterapias.com\/es\/wp-json\/wp\/v2\/posts\/17440\/revisions"}],"wp:attachment":[{"href":"https:\/\/www.paulonogueiraterapias.com\/es\/wp-json\/wp\/v2\/media?parent=17440"}],"wp:term":[{"taxonomy":"category","embeddable":true,"href":"https:\/\/www.paulonogueiraterapias.com\/es\/wp-json\/wp\/v2\/categories?post=17440"},{"taxonomy":"post_tag","embeddable":true,"href":"https:\/\/www.paulonogueiraterapias.com\/es\/wp-json\/wp\/v2\/tags?post=17440"}],"curies":[{"name":"wp","href":"https:\/\/api.w.org\/{rel}","templated":true}]}}