{"id":17369,"date":"2024-11-13T02:24:51","date_gmt":"2024-11-13T02:24:51","guid":{"rendered":"https:\/\/www.paulonogueiraterapias.com\/?p=17369"},"modified":"2024-11-13T02:24:57","modified_gmt":"2024-11-13T02:24:57","slug":"resumo-de-o-nosso-lar","status":"publish","type":"post","link":"https:\/\/www.paulonogueiraterapias.com\/es\/resumo-de-o-nosso-lar\/","title":{"rendered":"Resumo de O Nosso Lar"},"content":{"rendered":"\n<p><strong>Resumo de \u201cNosso Lar\u201d: Uma Jornada de Luz e Renova\u00e7\u00e3o Espiritual<\/strong><\/p>\n\n\n\n<p><em>&#8220;Nosso Lar&#8221;<\/em> \u00e9 uma das mais emblem\u00e1ticas obras esp\u00edritas brasileiras, ditada pelo esp\u00edrito Andr\u00e9 Luiz e psicografada por Chico Xavier. Lan\u00e7ada em 1944, essa obra tornou-se um pilar do espiritismo e continua a inspirar milh\u00f5es de pessoas, oferecendo-lhes uma vis\u00e3o consoladora e educativa sobre a vida ap\u00f3s a morte. A narrativa se desenrola em torno da experi\u00eancia de Andr\u00e9 Luiz, que, ap\u00f3s sua morte, desperta numa col\u00f3nia espiritual chamada \u201cNosso Lar\u201d. \u00c9 ali que ele passa a compreender os mecanismos da exist\u00eancia ap\u00f3s a vida terrena e inicia o seu processo de renova\u00e7\u00e3o espiritual.<\/p>\n\n\n\n<h3 class=\"wp-block-heading\">A Jornada de Andr\u00e9 Luiz: Da Morte ao Despertar Espiritual<\/h3>\n\n\n\n<p>A hist\u00f3ria de Andr\u00e9 Luiz come\u00e7a com seu desencarne. M\u00e9dico na Terra, ele vivia uma vida repleta de compromissos e responsabilidades, mas tamb\u00e9m cercada de equ\u00edvocos e desequil\u00edbrios espirituais. Ao adentrar o al\u00e9m, ele percebe-se num ambiente desolador e perturbador que, nas suas palavras, seria um &#8220;umbral sombrio&#8221;, onde as almas atormentadas e desorientadas vagam em sofrimento. Neste limbo espiritual, Andr\u00e9 Luiz experimenta dor, desespero e ang\u00fastia, enfrentando o peso das suas pr\u00f3prias ac\u00e7\u00f5es e escolhas.<\/p>\n\n\n\n<p>Este per\u00edodo no umbral \u00e9 retratado com profundidade emocional, refletindo uma fase de purifica\u00e7\u00e3o e de revis\u00e3o das suas atitudes enquanto encarnado. Andr\u00e9 Luiz mostra-nos, atrav\u00e9s de suas experi\u00eancias, como a nossa exist\u00eancia f\u00edsica afecta o estado espiritual ap\u00f3s a morte. Neste ambiente opressivo, ele passa por um intenso processo de reflex\u00e3o, arrependendo-se de seu comportamento materialista e ego\u00edsta, at\u00e9 que, finalmente, encontra aux\u00edlio.<\/p>\n\n\n\n<h3 class=\"wp-block-heading\">O Resgate e a Chegada ao &#8220;Nosso Lar&#8221;<\/h3>\n\n\n\n<p>Depois de um longo per\u00edodo de sofrimento e reflex\u00e3o, Andr\u00e9 Luiz \u00e9 resgatado por entidades luminosas que o levam \u00e0 col\u00f3nia espiritual \u201cNosso Lar\u201d. Acolhido com bondade e cuidado, ele come\u00e7a a vivenciar uma realidade totalmente nova, onde as regras e os valores se baseiam no amor, no servi\u00e7o ao pr\u00f3ximo e no crescimento espiritual.<\/p>\n\n\n\n<p>Ao despertar, Andr\u00e9 Luiz \u00e9 recebido por enfermeiros espirituais e inicia um tratamento que visa equilibrar a sua energia e reabilitar o seu esp\u00edrito. A narrativa descreve em detalhes os hospitais e postos de assist\u00eancia da col\u00f4nia, revelando como as entidades espirituais trabalham incessantemente para ajudar os rec\u00e9m-chegados, aqueles que, como ele, precisam de cura e orienta\u00e7\u00e3o.<\/p>\n\n\n\n<p>A col\u00f3nia &#8220;Nosso Lar&#8221; \u00e9 retratada como uma cidade organizada, dividida em diversas regi\u00f5es e institui\u00e7\u00f5es, onde os esp\u00edritos desempenham atividades de aprendizado, trabalho e evolu\u00e7\u00e3o. \u00c9 uma cidade vibrante, onde as almas recebem apoio para evoluir em dire\u00e7\u00e3o \u00e0 luz e \u00e0 paz. A descri\u00e7\u00e3o dessa cidade espiritual encanta pela harmonia e beleza, proporcionando ao leitor uma vis\u00e3o de um al\u00e9m-vida repleto de esperan\u00e7a.<\/p>\n\n\n\n<h3 class=\"wp-block-heading\">A Estrutura de \u201cNosso Lar\u201d e Suas Institui\u00e7\u00f5es<\/h3>\n\n\n\n<p>Andr\u00e9 Luiz fica fascinado pela organiza\u00e7\u00e3o e pela ordem que rege &#8220;Nosso Lar&#8221;. A cidade \u00e9 administrada por um governo espiritual, sob a orienta\u00e7\u00e3o de esp\u00edritos superiores, e \u00e9 composta por minist\u00e9rios e \u00f3rg\u00e3os de assist\u00eancia, cada um com uma fun\u00e7\u00e3o espec\u00edfica. A estrutura de \u201cNosso Lar\u201d \u00e9 dividida em seis minist\u00e9rios:<\/p>\n\n\n\n<ol class=\"wp-block-list\">\n<li><strong>Minist\u00e9rio da Regenera\u00e7\u00e3o<\/strong>: Respons\u00e1vel por auxiliar os esp\u00edritos que chegam \u00e0 col\u00f3nia ainda em processo de purifica\u00e7\u00e3o e recupera\u00e7\u00e3o dos desequil\u00edbrios terrenos.<\/li>\n\n\n\n<li><strong>Minist\u00e9rio do Aux\u00edlio<\/strong>: Um minist\u00e9rio dedicado a socorrer e reabilitar os esp\u00edritos, oferecendo assist\u00eancia espiritual e orienta\u00e7\u00e3o fraterna.<\/li>\n\n\n\n<li><strong>Minist\u00e9rio da Comunica\u00e7\u00e3o<\/strong>: Encabe\u00e7a as atividades de comunica\u00e7\u00e3o com o plano f\u00edsico e com outras col\u00f3nias, sendo respons\u00e1vel pelas trocas entre o mundo espiritual e o mundo material.<\/li>\n\n\n\n<li><strong>Minist\u00e9rio do Esclarecimento<\/strong>: Promove o ensino e o desenvolvimento intelectual dos esp\u00edritos, com atividades de estudo e aperfei\u00e7oamento.<\/li>\n\n\n\n<li><strong>Minist\u00e9rio da Eleva\u00e7\u00e3o<\/strong>: Respons\u00e1vel pela educa\u00e7\u00e3o espiritual e pela pr\u00e1tica da medita\u00e7\u00e3o e do desenvolvimento interior.<\/li>\n\n\n\n<li><strong>Minist\u00e9rio da Uni\u00e3o Divina<\/strong>: O minist\u00e9rio de maior eleva\u00e7\u00e3o, onde trabalham os esp\u00edritos mais avan\u00e7ados. Este minist\u00e9rio \u00e9 voltado \u00e0 comunh\u00e3o com as esferas mais elevadas e \u00e0 orienta\u00e7\u00e3o espiritual da col\u00f3nia.<\/li>\n<\/ol>\n\n\n\n<p>Atrav\u00e9s desta organiza\u00e7\u00e3o, Andr\u00e9 Luiz percebe que, em \u201cNosso Lar\u201d, os valores de servi\u00e7o, caridade e fraternidade permeiam todas as atividades. Ele compreende que a vida ap\u00f3s a morte segue um prop\u00f3sito evolutivo, onde o trabalho e a dedica\u00e7\u00e3o ao pr\u00f3ximo s\u00e3o a base da felicidade e da paz.<\/p>\n\n\n\n<h3 class=\"wp-block-heading\">O Processo de Cura e a Import\u00e2ncia do Trabalho<\/h3>\n\n\n\n<p>Durante a sua estadia, Andr\u00e9 Luiz \u00e9 incentivado a trabalhar e a participar ativamente da comunidade.<strong> Em \u201cNosso Lar\u201d, o trabalho \u00e9 um dos principais mecanismos de reequil\u00edbrio espiritual<\/strong>, e cada alma desempenha uma fun\u00e7\u00e3o compat\u00edvel com as suas habilidades e grau de evolu\u00e7\u00e3o. Ap\u00f3s a sua recupera\u00e7\u00e3o, Andr\u00e9 Luiz ingressa no Minist\u00e9rio do Aux\u00edlio, onde realiza tarefas que visam ajudar e amparar outros esp\u00edritos em sofrimento, assim como ele foi ajudado.<\/p>\n\n\n\n<p>O processo de cura de Andr\u00e9 Luiz mostra ao leitor a import\u00e2ncia do trabalho em benef\u00edcio dos outros como meio de purifica\u00e7\u00e3o e de constru\u00e7\u00e3o de m\u00e9ritos espirituais. Ele aprende que, ao se doar, ao ajudar outros esp\u00edritos, fortalece a sua pr\u00f3pria alma e expande a sua compreens\u00e3o sobre o verdadeiro significado da vida. Andr\u00e9 Luiz revela que o servi\u00e7o ao pr\u00f3ximo \u00e9 a chave para o crescimento e que, no plano espiritual, o ego\u00edsmo e a ociosidade s\u00e3o grandes obst\u00e1culos para a ascens\u00e3o.<\/p>\n\n\n\n<h3 class=\"wp-block-heading\">A Fam\u00edlia e os La\u00e7os Terrenos no Plano Espiritual<\/h3>\n\n\n\n<p>Uma das experi\u00eancias mais tocantes de Andr\u00e9 Luiz \u00e9 o reencontro com sua fam\u00edlia espiritual. Ele descobre que alguns dos seus entes queridos j\u00e1 habitam a col\u00f3nia, enquanto outros ainda est\u00e3o encarnados na Terra. A obra \u201cNosso Lar\u201d mostra-nos que os la\u00e7os familiares permanecem al\u00e9m da morte, sendo os esp\u00edritos unidos por elos de afinidade e amor.<\/p>\n\n\n\n<p>Andr\u00e9 Luiz sente o amor e a saudade por aqueles que ainda vivem no plano f\u00edsico, mas tamb\u00e9m entende que, <strong>no plano espiritual, h\u00e1 uma vis\u00e3o mais ampla e desapegada sobre as rela\u00e7\u00f5es terrenas<\/strong>. Ele percebe que cada esp\u00edrito possui uma jornada \u00fanica e que, embora os la\u00e7os de amor perdurem, o apego e a possessividade precisam ser transformados em amor fraterno e apoio m\u00fatuo. Andr\u00e9 Luiz compartilha com o leitor que, muitas vezes, reencontramos amigos e familiares em col\u00f3nias espirituais, onde continuamos a aprender e a evoluir juntos.<\/p>\n\n\n\n<h3 class=\"wp-block-heading\">A Vis\u00e3o de Deus e as Leis Divinas<\/h3>\n\n\n\n<p>Em \u201cNosso Lar\u201d, Andr\u00e9 Luiz come\u00e7a a compreender a grandiosidade das Leis Divinas e o papel de Deus na jornada dos esp\u00edritos. Ele aprende que a justi\u00e7a divina \u00e9 imut\u00e1vel e que todos os esp\u00edritos est\u00e3o sujeitos \u00e0s mesmas leis de causa e efeito, que promovem o aprendizado e a evolu\u00e7\u00e3o moral. Andr\u00e9 Luiz descobre que Deus n\u00e3o castiga nem pune, mas concede a cada alma a oportunidade de crescimento atrav\u00e9s das suas pr\u00f3prias ac\u00e7\u00f5es e escolhas.<\/p>\n\n\n\n<p>Essa vis\u00e3o da justi\u00e7a divina \u00e9 um dos ensinamentos mais profundos da obra, mostrando que o sofrimento e as dificuldades enfrentadas s\u00e3o oportunidades de aprendizado. A mensagem \u00e9 clara: cada ac\u00e7\u00e3o tem uma consequ\u00eancia, e \u00e9 atrav\u00e9s das experi\u00eancias, sejam elas boas ou dolorosas, que o esp\u00edrito evolui em dire\u00e7\u00e3o \u00e0 perfei\u00e7\u00e3o.<\/p>\n\n\n\n<h3 class=\"wp-block-heading\">Li\u00e7\u00f5es sobre Perd\u00e3o e Amor ao Pr\u00f3ximo<\/h3>\n\n\n\n<p>Ao longo da sua jornada em \u201cNosso Lar\u201d, Andr\u00e9 Luiz tamb\u00e9m reflete sobre a import\u00e2ncia do perd\u00e3o e do amor ao pr\u00f3ximo. Ele testemunha exemplos de esp\u00edritos que, mesmo diante de grandes ofensas e dores, optaram por perdoar e seguir em frente. Esse ensinamento \u00e9 fundamental, pois demonstra que o perd\u00e3o \u00e9 um caminho para a liberdade espiritual e que o ressentimento e o \u00f3dio apenas aprisionam a alma.<\/p>\n\n\n\n<p>Atrav\u00e9s dos exemplos de amor e compaix\u00e3o que presencia na col\u00f3nia, Andr\u00e9 Luiz compreende que o verdadeiro crescimento espiritual s\u00f3 \u00e9 poss\u00edvel quando se vive o amor incondicional. Ele aprende que o perd\u00e3o \u00e9 essencial para a paz interior e que, para se libertar de la\u00e7os c\u00e1rmicos, \u00e9 necess\u00e1rio perdoar e cultivar a caridade.<\/p>\n\n\n\n<h3 class=\"wp-block-heading\">A Miss\u00e3o de Andr\u00e9 Luiz: Compartilhar o Conhecimento<\/h3>\n\n\n\n<p>Ap\u00f3s anos de aprendizado e evolu\u00e7\u00e3o em \u201cNosso Lar\u201d, Andr\u00e9 Luiz sente o desejo de compartilhar as suas experi\u00eancias com os encarnados. Ele percebe que muitas almas ainda n\u00e3o compreendem o prop\u00f3sito da vida ap\u00f3s a morte e que a sua hist\u00f3ria pode oferecer consolo e despertar espiritual. \u00c9 ent\u00e3o que, sob orienta\u00e7\u00e3o espiritual, Andr\u00e9 Luiz busca um m\u00e9dium na Terra e encontra Chico Xavier, por meio de quem consegue narrar sua experi\u00eancia.<\/p>\n\n\n\n<p>A obra \u201cNosso Lar\u201d torna-se um legado de amor e sabedoria, revelando ao mundo a realidade da vida espiritual e o caminho de eleva\u00e7\u00e3o que todos os esp\u00edritos percorrem. Andr\u00e9 Luiz transmite, atrav\u00e9s das palavras de Chico Xavier, uma mensagem de esperan\u00e7a e reden\u00e7\u00e3o, mostrando que, independentemente das quedas e dos erros, todos t\u00eam a oportunidade de se redimir e de alcan\u00e7ar a paz.<\/p>\n\n\n\n<h3 class=\"wp-block-heading\">Conclus\u00e3o<\/h3>\n\n\n\n<p>\u201cNosso Lar\u201d \u00e9 uma obra essencial para aqueles que buscam entender o plano espiritual e as leis que regem a exist\u00eancia. Atrav\u00e9s da jornada de Andr\u00e9 Luiz, somos convidados a refletir sobre as nossas escolhas, a nossa conduta e o nosso prop\u00f3sito de vida. Mais que um relato do al\u00e9m, este livro \u00e9 um guia para o despertar espiritual, uma fonte de luz para todos os que desejam compreender e preparar para a vida que transcende o plano f\u00edsico.<\/p>\n","protected":false},"excerpt":{"rendered":"<p>Resumo de \u201cNosso Lar\u201d: Uma Jornada de Luz e Renova\u00e7\u00e3o Espiritual &#8220;Nosso Lar&#8221; \u00e9 uma das mais emblem\u00e1ticas obras esp\u00edritas brasileiras, ditada pelo esp\u00edrito Andr\u00e9 Luiz e psicografada por Chico [&hellip;]<\/p>\n","protected":false},"author":1,"featured_media":0,"comment_status":"open","ping_status":"open","sticky":false,"template":"","format":"standard","meta":{"om_disable_all_campaigns":false,"_mi_skip_tracking":false,"site-sidebar-layout":"default","site-content-layout":"","ast-site-content-layout":"default","site-content-style":"default","site-sidebar-style":"default","ast-global-header-display":"","ast-banner-title-visibility":"","ast-main-header-display":"","ast-hfb-above-header-display":"","ast-hfb-below-header-display":"","ast-hfb-mobile-header-display":"","site-post-title":"","ast-breadcrumbs-content":"","ast-featured-img":"","footer-sml-layout":"","ast-disable-related-posts":"","theme-transparent-header-meta":"","adv-header-id-meta":"","stick-header-meta":"","header-above-stick-meta":"","header-main-stick-meta":"","header-below-stick-meta":"","astra-migrate-meta-layouts":"default","ast-page-background-enabled":"default","ast-page-background-meta":{"desktop":{"background-color":"var(--ast-global-color-5)","background-image":"","background-repeat":"repeat","background-position":"center center","background-size":"auto","background-attachment":"scroll","background-type":"","background-media":"","overlay-type":"","overlay-color":"","overlay-opacity":"","overlay-gradient":""},"tablet":{"background-color":"","background-image":"","background-repeat":"repeat","background-position":"center center","background-size":"auto","background-attachment":"scroll","background-type":"","background-media":"","overlay-type":"","overlay-color":"","overlay-opacity":"","overlay-gradient":""},"mobile":{"background-color":"","background-image":"","background-repeat":"repeat","background-position":"center center","background-size":"auto","background-attachment":"scroll","background-type":"","background-media":"","overlay-type":"","overlay-color":"","overlay-opacity":"","overlay-gradient":""}},"ast-content-background-meta":{"desktop":{"background-color":"var(--ast-global-color-4)","background-image":"","background-repeat":"repeat","background-position":"center center","background-size":"auto","background-attachment":"scroll","background-type":"","background-media":"","overlay-type":"","overlay-color":"","overlay-opacity":"","overlay-gradient":""},"tablet":{"background-color":"var(--ast-global-color-4)","background-image":"","background-repeat":"repeat","background-position":"center center","background-size":"auto","background-attachment":"scroll","background-type":"","background-media":"","overlay-type":"","overlay-color":"","overlay-opacity":"","overlay-gradient":""},"mobile":{"background-color":"var(--ast-global-color-4)","background-image":"","background-repeat":"repeat","background-position":"center center","background-size":"auto","background-attachment":"scroll","background-type":"","background-media":"","overlay-type":"","overlay-color":"","overlay-opacity":"","overlay-gradient":""}},"footnotes":""},"categories":[112],"tags":[],"class_list":["post-17369","post","type-post","status-publish","format-standard","hentry","category-wisdom"],"aioseo_notices":[],"_links":{"self":[{"href":"https:\/\/www.paulonogueiraterapias.com\/es\/wp-json\/wp\/v2\/posts\/17369","targetHints":{"allow":["GET"]}}],"collection":[{"href":"https:\/\/www.paulonogueiraterapias.com\/es\/wp-json\/wp\/v2\/posts"}],"about":[{"href":"https:\/\/www.paulonogueiraterapias.com\/es\/wp-json\/wp\/v2\/types\/post"}],"author":[{"embeddable":true,"href":"https:\/\/www.paulonogueiraterapias.com\/es\/wp-json\/wp\/v2\/users\/1"}],"replies":[{"embeddable":true,"href":"https:\/\/www.paulonogueiraterapias.com\/es\/wp-json\/wp\/v2\/comments?post=17369"}],"version-history":[{"count":0,"href":"https:\/\/www.paulonogueiraterapias.com\/es\/wp-json\/wp\/v2\/posts\/17369\/revisions"}],"wp:attachment":[{"href":"https:\/\/www.paulonogueiraterapias.com\/es\/wp-json\/wp\/v2\/media?parent=17369"}],"wp:term":[{"taxonomy":"category","embeddable":true,"href":"https:\/\/www.paulonogueiraterapias.com\/es\/wp-json\/wp\/v2\/categories?post=17369"},{"taxonomy":"post_tag","embeddable":true,"href":"https:\/\/www.paulonogueiraterapias.com\/es\/wp-json\/wp\/v2\/tags?post=17369"}],"curies":[{"name":"wp","href":"https:\/\/api.w.org\/{rel}","templated":true}]}}