{"id":16555,"date":"2023-11-22T12:45:41","date_gmt":"2023-11-22T12:45:41","guid":{"rendered":"https:\/\/www.paulonogueiraterapias.com\/?p=16555"},"modified":"2024-04-01T21:06:24","modified_gmt":"2024-04-01T21:06:24","slug":"clarividencia-como-desenvolver","status":"publish","type":"post","link":"https:\/\/www.paulonogueiraterapias.com\/es\/clarividencia-como-desenvolver\/","title":{"rendered":"Clarivid\u00eancia &#8211; como desenvolver"},"content":{"rendered":"\n<p>O desenvolvimento da clarivid\u00eancia possibilita ao Homem um conhecimento profundo da natureza humana de forma directa e pessoal.<\/p>\n\n\n\n<p>O uso de Trataka serve para acordar a capacidade de clarivid\u00eancia que cada ser humano j\u00e1 traz ao nivel do seu subconsciente. Todo o ser humano \u00e9 clarividente, embora mais de 97% dos seres humanos nunca chegue a usar essa capacidade por v\u00e1rios factores.<\/p>\n\n\n\n<p>Alguns desses factores s\u00e3o:<\/p>\n\n\n\n<ul class=\"wp-block-list\">\n<li>Desconhecimento da exist\u00eancia dessa capacidade em si<\/li>\n\n\n\n<li>Condicionamento &#8211; o c\u00e9rebro, no modo autom\u00e1tico, foca na realidade que a pessoa foi ensinada a acreditar<\/li>\n\n\n\n<li>Medo &#8211; em idades mais jovens, em c\u00e9rebros pouco condicionados, pode ser que a pessoa tenha visto esp\u00edritos desencarnados n\u00e3o muito belos na sua apar\u00eancia astral, especialmente, esp\u00edritos umbralinos do Umbral M\u00e9dio e do Umbral Grosso e ficou traumatizada de tal forma que a sua mente reprim\u00edu essa capacidade no subconsciente<\/li>\n<\/ul>\n\n\n\n<p>Uma das t\u00e9cnicas para o desenvolvimento desta faculdade consiste no seguinte:<\/p>\n\n\n\n<ol class=\"wp-block-list\">\n<li>Visualize acima da sua cabe\u00e7a um feixe ou raio de luz branca que vem do buraco negro localizado no centro da Via L\u00e1ctea descendo at\u00e9 entrar no seu chakra da coroa at\u00e9 chegar ao seu chakra card\u00edaco<\/li>\n\n\n\n<li>Visualize um sol \u00e0 sua frente emanando um raio de luz branca para o seu chakra card\u00edaco<\/li>\n\n\n\n<li>Visualize a Terra, l\u00e1 em baixo, a emanar uma luz vermelha alaranjada que entra pelo chakra da ra\u00edz e vai subindo at\u00e9 chegar ao chakra card\u00edaco<\/li>\n\n\n\n<li>Uma vez reunidas essas 3 energias (da gal\u00e1xia, do sol e da Terra) no seu centro card\u00edaco, expanda essa concentra\u00e7\u00e3o de energia resultando at\u00e9 criar uma bola de luz \u00e0 sua volta que lhe servir\u00e1 de prote\u00e7\u00e3o<\/li>\n\n\n\n<li>De seguida, visualize uma luz branca que entra pelo chakra da coroa e sai pelo chakra frontal, voltando a entrar pelo chakra da coroa, como que criando um ciclo fechado de circula\u00e7\u00e3o da energia<\/li>\n\n\n\n<li>Fa\u00e7a circular a energia nessa dira\u00e7\u00e3o, nesse c\u00edrculo na sua cabe\u00e7a, com o m\u00e1ximo de concentra\u00e7\u00e3o durante 5 minutos<\/li>\n\n\n\n<li>Depois, na dire\u00e7\u00e3o oposta, fa\u00e7a a energia entrar pelo seu chakra frontal e sair pelo chakra da coroa, voltando a entrar pelo chakra frontal de novo. Continue durante 5 minutos esse movimento.<\/li>\n\n\n\n<li>Os dois pontos anteriores permitir\u00e3o desobstruir esses dois chakras superiores em ambas as dire\u00e7\u00f5es, fortalecendo a conex\u00e3o entre o chakra frontal e o chakra coron\u00e1rio<\/li>\n\n\n\n<li>De seguida, abra o terceiro olho na testa como um zipper e pulse a energia no chakra frontal, visualizando um jacto de energia branca a sair dele, o mais longe poss\u00edvel. Quanto mais longe voc\u00ea conseguir lan\u00e7ar a energia a partir do seu chakra frontal, mais ele vai girar.<\/li>\n\n\n\n<li>Fa\u00e7a-o durante 45 minutos seguidos.<\/li>\n\n\n\n<li>Para terminar, visualize dentro da sua cabe\u00e7a a gl\u00e2ndula pineal, no centro do seu c\u00e9rebro, como se ela estivesse a iluminar-se que nem uma l\u00e2mpada. Visualize-a a aumentar em todas as dire\u00e7\u00f5es, a 360\u00ba, at\u00e9 expandir para al\u00e9m dos limites da cabe\u00e7a. Ela ir\u00e1 formar uma grande esfera de luz branca \u00e1 volta da sua cabe\u00e7a, fazendo com que a silhueta das fei\u00e7\u00f5es do seu rosto desapare\u00e7am em meio a tanta luz.<\/li>\n\n\n\n<li>Mantenha a aura expandida da cabe\u00e7a e relaxe.<\/li>\n<\/ol>\n\n\n\n<h2 class=\"wp-block-heading\" id=\"h-pratica-de-ver-energia-com-o-auxilio-de-luz-infravermelha\">Pr\u00e1tica de ver energia com o aux\u00edlio de luz infravermelha<\/h2>\n\n\n\n<ol class=\"wp-block-list\">\n<li>Numa divis\u00e3o \u00e0 sua escolha, de prefer\u00eancia, o mais silenciosa poss\u00edvel, coloque um pano preto de neoprene com, pelo menos, um 1.5 metro de largura por 1.50 metro de altura. O preto \u00e9 conhecido por absorver toda a luz nos seus v\u00e1rios comprimentos de onda (cores).<\/li>\n\n\n\n<li>Coloque um candeeiro de luz infravermelho, no ch\u00e3o, a cerca de 1 metro do pano, de forma a iluminar o pano com a luz.<\/li>\n\n\n\n<li>Escolha uma l\u00e2mpada de qualidade, isto \u00e9, com pelo menos, a garantia de que 90% da luz que sai \u00e9 infravermelha e n\u00e3o luz vis\u00edvel. As l\u00e2mpadas de melhor qualidade emitem 90% de luz infravermelha e 10% de luz vis\u00edvel.<\/li>\n\n\n\n<li>Coloque-se cerca de um metro atr\u00e1s do candeeiro, garantindo que nunca olha directamente para a luz infravermelha, nem mesmo pelas frestas do aparelho.<\/li>\n\n\n\n<li>Olhe fixamente o pano, de forma relaxada e concentrada, ao mesmo tempo, sem piscar os olhos.<\/li>\n<\/ol>\n\n\n\n<h2 class=\"wp-block-heading\">T\u00e9cnica de clarivid\u00eancia de Franz Bardon<\/h2>\n\n\n\n<p>A t\u00e9cnica consiste em absorver para dentro do corpo a luz universal ao mesmo tempo que se concentra na caracter\u00edstica de clarivid\u00eancia desta luz. Esta luz \u00e9 semelhante a Deus, isto \u00e9, v\u00ea tudo, sabe tudo. Esta luz universal existe em toda a parte. N\u00e3o se trata de luz vis\u00edvel, mas de luz astral. A luz vis\u00edvel permite a vis\u00e3o dos objectos do plano f\u00edsico. Esta luz universal permite a vis\u00e3o de todos os objectos, seja em que plano se encontrem (plano f\u00edsico, astral, mental inferior e superiores).<\/p>\n\n\n\n<p>Se considerar mais f\u00e1cil considerar que esta luz \u00e9 parte intr\u00ednseca do pr\u00f3prio Deus omnisciente, est\u00e1 correcto na mesma. Use-a! O importante \u00e9 ter total consci\u00eancia de que essa luz \u00e9 omnipresente e omnividente.<\/p>\n\n\n\n<p>Visualize essa luz universal de cor branca brilhante a preencher o seu corpo inteiro com o m\u00e1ximo de press\u00e3o, como se enchesse um bal\u00e3o com uma press\u00e3o atmosf\u00e9rica extrema, ao ponto de quase rebentar.<\/p>\n\n\n\n<p>Ap\u00f3s esse passo, visualize a luz a concentrar-se apenas na cabe\u00e7a. Depois, comprima-a mais ainda e visualize-a a concentrar-se nos olhos. Finalmente, comprima-a ao m\u00e1ximo na \u00edris de ambos os olhos, imaginando por, no m\u00ednimo, 10 minutos os seus olhos completamente impregnados dessa luz universal clarividente, o que os torna igualmente clarividentes que nem essa luz.<\/p>\n\n\n\n<p>No final, se quiser, pode visualizar a luz hiperconcentrada nos olhos a retornar ao corpo inteiro para aliviar a press\u00e3o. O Franz Bardon sugere que se retorne a luz ao corpo, e depois do corpo, ao Universo. Ele avisa que se tal n\u00e3o for feito, o olho pode tornar-se t\u00e3o clarividente que o praticante poder\u00e1 ter dificuldade a distinguir os objetos do plano f\u00edsico dos dos outros planos. Assim, deixo ao crit\u00e9rio do leitor a decis\u00e3o.<\/p>\n\n\n\n<p>T\u00e9cnica de memoriza\u00e7\u00e3o<\/p>\n\n\n\n<p>A t\u00e9cnica de memoriza\u00e7\u00e3o consiste em observar um objecto ou cena pintada num quadro durante tempo suficiente para a gravar na sua mente. Contemple cada pormenor do objecto ou cena. Ap\u00f3s isso, feche os olhos e recrie com o m\u00e1ximo de detalhes o objecto que acabou de ver na sua mente. Considero que h\u00e1 t\u00e9cnicas mais directas e naturais para obter a clarivid\u00eancia. No entanto, ajuda no desenvolvimento da capacidade de ver detalhes dos objectos e cenas cuja imagem se poder\u00e1 receber quando a clarivid\u00eancia j\u00e1 estiver num grau mais desenvolvido. N\u00e3o considero esta t\u00e9cnica particularmente inspiradora e divertida, o que pode tornar bastante entediante o processo de aprendizagem da clarivid\u00eancia.<\/p>\n\n\n\n<p>Deixo-a aqui apenas para refer\u00eancia do leitor para que tenha poder de escolha.<\/p>\n\n\n\n<p><\/p>\n\n\n\n<p><\/p>\n","protected":false},"excerpt":{"rendered":"<p>O desenvolvimento da clarivid\u00eancia possibilita ao Homem um conhecimento profundo da natureza humana de forma directa e pessoal. O uso de Trataka serve para acordar a capacidade de clarivid\u00eancia que [&hellip;]<\/p>\n","protected":false},"author":1,"featured_media":0,"comment_status":"open","ping_status":"open","sticky":false,"template":"","format":"standard","meta":{"om_disable_all_campaigns":false,"_mi_skip_tracking":false,"site-sidebar-layout":"default","site-content-layout":"","ast-site-content-layout":"default","site-content-style":"default","site-sidebar-style":"default","ast-global-header-display":"","ast-banner-title-visibility":"","ast-main-header-display":"","ast-hfb-above-header-display":"","ast-hfb-below-header-display":"","ast-hfb-mobile-header-display":"","site-post-title":"","ast-breadcrumbs-content":"","ast-featured-img":"","footer-sml-layout":"","ast-disable-related-posts":"","theme-transparent-header-meta":"","adv-header-id-meta":"","stick-header-meta":"","header-above-stick-meta":"","header-main-stick-meta":"","header-below-stick-meta":"","astra-migrate-meta-layouts":"default","ast-page-background-enabled":"default","ast-page-background-meta":{"desktop":{"background-color":"var(--ast-global-color-5)","background-image":"","background-repeat":"repeat","background-position":"center center","background-size":"auto","background-attachment":"scroll","background-type":"","background-media":"","overlay-type":"","overlay-color":"","overlay-opacity":"","overlay-gradient":""},"tablet":{"background-color":"","background-image":"","background-repeat":"repeat","background-position":"center center","background-size":"auto","background-attachment":"scroll","background-type":"","background-media":"","overlay-type":"","overlay-color":"","overlay-opacity":"","overlay-gradient":""},"mobile":{"background-color":"","background-image":"","background-repeat":"repeat","background-position":"center center","background-size":"auto","background-attachment":"scroll","background-type":"","background-media":"","overlay-type":"","overlay-color":"","overlay-opacity":"","overlay-gradient":""}},"ast-content-background-meta":{"desktop":{"background-color":"var(--ast-global-color-4)","background-image":"","background-repeat":"repeat","background-position":"center center","background-size":"auto","background-attachment":"scroll","background-type":"","background-media":"","overlay-type":"","overlay-color":"","overlay-opacity":"","overlay-gradient":""},"tablet":{"background-color":"var(--ast-global-color-4)","background-image":"","background-repeat":"repeat","background-position":"center center","background-size":"auto","background-attachment":"scroll","background-type":"","background-media":"","overlay-type":"","overlay-color":"","overlay-opacity":"","overlay-gradient":""},"mobile":{"background-color":"var(--ast-global-color-4)","background-image":"","background-repeat":"repeat","background-position":"center center","background-size":"auto","background-attachment":"scroll","background-type":"","background-media":"","overlay-type":"","overlay-color":"","overlay-opacity":"","overlay-gradient":""}},"footnotes":""},"categories":[112],"tags":[417],"class_list":["post-16555","post","type-post","status-publish","format-standard","hentry","category-wisdom","tag-clarividencia"],"aioseo_notices":[],"_links":{"self":[{"href":"https:\/\/www.paulonogueiraterapias.com\/es\/wp-json\/wp\/v2\/posts\/16555","targetHints":{"allow":["GET"]}}],"collection":[{"href":"https:\/\/www.paulonogueiraterapias.com\/es\/wp-json\/wp\/v2\/posts"}],"about":[{"href":"https:\/\/www.paulonogueiraterapias.com\/es\/wp-json\/wp\/v2\/types\/post"}],"author":[{"embeddable":true,"href":"https:\/\/www.paulonogueiraterapias.com\/es\/wp-json\/wp\/v2\/users\/1"}],"replies":[{"embeddable":true,"href":"https:\/\/www.paulonogueiraterapias.com\/es\/wp-json\/wp\/v2\/comments?post=16555"}],"version-history":[{"count":0,"href":"https:\/\/www.paulonogueiraterapias.com\/es\/wp-json\/wp\/v2\/posts\/16555\/revisions"}],"wp:attachment":[{"href":"https:\/\/www.paulonogueiraterapias.com\/es\/wp-json\/wp\/v2\/media?parent=16555"}],"wp:term":[{"taxonomy":"category","embeddable":true,"href":"https:\/\/www.paulonogueiraterapias.com\/es\/wp-json\/wp\/v2\/categories?post=16555"},{"taxonomy":"post_tag","embeddable":true,"href":"https:\/\/www.paulonogueiraterapias.com\/es\/wp-json\/wp\/v2\/tags?post=16555"}],"curies":[{"name":"wp","href":"https:\/\/api.w.org\/{rel}","templated":true}]}}