{"id":15944,"date":"2023-01-02T22:27:10","date_gmt":"2023-01-02T22:27:10","guid":{"rendered":"https:\/\/www.paulonogueiraterapias.com\/?p=15944"},"modified":"2023-01-03T23:05:33","modified_gmt":"2023-01-03T23:05:33","slug":"a-cura-reconectiva","status":"publish","type":"post","link":"https:\/\/www.paulonogueiraterapias.com\/es\/a-cura-reconectiva\/","title":{"rendered":"Cura Reconectiva"},"content":{"rendered":"\n<p>A <strong>Cura Reconectiva<\/strong> \u00ae \u00e9 uma t\u00e9cnica terap\u00eautica que restaura o equil\u00edbrio do ser humano, atrav\u00e9s de <strong>frequ\u00eancias de cura<\/strong> que restabelecem o v\u00ednculo da consci\u00eancia do paciente com o seu corpo f\u00edsico, com o planeta e com o cosmos em simult\u00e2neo.<\/p>\n\n\n\n<p><\/p>\n\n\n\n<h2 class=\"wp-block-heading\" id=\"h-o-que-e-a-cura-reconectiva\">O que \u00e9 a Cura Reconectiva \u00ae?<\/h2>\n\n\n\n<figure class=\"wp-block-image aligncenter size-large is-resized is-style-rounded\"><a href=\"https:\/\/www.paulonogueiraterapias.com\/wp-content\/uploads\/2023\/01\/o-que-e-a-cura-reconectiva-1-scaled.jpg\"><img loading=\"lazy\" decoding=\"async\" src=\"https:\/\/www.paulonogueiraterapias.com\/wp-content\/uploads\/2023\/01\/o-que-e-a-cura-reconectiva-1-1024x730.jpg\" alt=\"O que \u00e9 a Cura Reconectiva?\" class=\"wp-image-15981\" width=\"512\" height=\"365\" srcset=\"https:\/\/www.paulonogueiraterapias.com\/wp-content\/uploads\/2023\/01\/o-que-e-a-cura-reconectiva-1-1024x730.jpg 1024w, https:\/\/www.paulonogueiraterapias.com\/wp-content\/uploads\/2023\/01\/o-que-e-a-cura-reconectiva-1-scaled-600x428.jpg 600w, https:\/\/www.paulonogueiraterapias.com\/wp-content\/uploads\/2023\/01\/o-que-e-a-cura-reconectiva-1-300x214.jpg 300w, https:\/\/www.paulonogueiraterapias.com\/wp-content\/uploads\/2023\/01\/o-que-e-a-cura-reconectiva-1-768x547.jpg 768w, https:\/\/www.paulonogueiraterapias.com\/wp-content\/uploads\/2023\/01\/o-que-e-a-cura-reconectiva-1-1536x1095.jpg 1536w, https:\/\/www.paulonogueiraterapias.com\/wp-content\/uploads\/2023\/01\/o-que-e-a-cura-reconectiva-1-2048x1459.jpg 2048w, https:\/\/www.paulonogueiraterapias.com\/wp-content\/uploads\/2023\/01\/o-que-e-a-cura-reconectiva-1-84x60.jpg 84w, https:\/\/www.paulonogueiraterapias.com\/wp-content\/uploads\/2023\/01\/o-que-e-a-cura-reconectiva-1-126x90.jpg 126w, https:\/\/www.paulonogueiraterapias.com\/wp-content\/uploads\/2023\/01\/o-que-e-a-cura-reconectiva-1-scaled.jpg 1200w\" sizes=\"auto, (max-width: 512px) 100vw, 512px\" \/><\/a><\/figure>\n\n\n\n<p>A <strong>Cura Reconectiva<\/strong> \u00ae \u00e9 uma t\u00e9cnica energ\u00e9tica, usada para a cura integral do ser humano, que liga a mente do paciente com uma realidade espiritual mais vasta, composta por energia e informa\u00e7\u00e3o. O que o terapeuta faz \u00e9 servir de elo de liga\u00e7\u00e3o entre o seu paciente e o Cosmos para que a energia e informa\u00e7\u00e3o possam fluir e atuar a um n\u00edvel bastante profundo tal como o n\u00edvel molecular do DNA, conforme diversos estudos cient\u00edficos atestaram anteriormente.<\/p>\n\n\n\n<h2 class=\"wp-block-heading\">Como funciona a Cura Reconectiva \u00ae?<\/h2>\n\n\n\n<figure class=\"wp-block-image aligncenter size-large is-resized is-style-rounded\"><a href=\"https:\/\/www.paulonogueiraterapias.com\/wp-content\/uploads\/2023\/01\/como-funciona-a-cura-reconectiva-scaled.jpg\"><img loading=\"lazy\" decoding=\"async\" src=\"https:\/\/www.paulonogueiraterapias.com\/wp-content\/uploads\/2023\/01\/como-funciona-a-cura-reconectiva-1024x819.jpg\" alt=\"Como funciona a Cura Reconectiva\u00ae?\" class=\"wp-image-15984\" width=\"512\" height=\"410\" srcset=\"https:\/\/www.paulonogueiraterapias.com\/wp-content\/uploads\/2023\/01\/como-funciona-a-cura-reconectiva-1024x819.jpg 1024w, https:\/\/www.paulonogueiraterapias.com\/wp-content\/uploads\/2023\/01\/como-funciona-a-cura-reconectiva-scaled-600x480.jpg 600w, https:\/\/www.paulonogueiraterapias.com\/wp-content\/uploads\/2023\/01\/como-funciona-a-cura-reconectiva-300x240.jpg 300w, https:\/\/www.paulonogueiraterapias.com\/wp-content\/uploads\/2023\/01\/como-funciona-a-cura-reconectiva-768x614.jpg 768w, https:\/\/www.paulonogueiraterapias.com\/wp-content\/uploads\/2023\/01\/como-funciona-a-cura-reconectiva-1536x1229.jpg 1536w, https:\/\/www.paulonogueiraterapias.com\/wp-content\/uploads\/2023\/01\/como-funciona-a-cura-reconectiva-2048x1638.jpg 2048w, https:\/\/www.paulonogueiraterapias.com\/wp-content\/uploads\/2023\/01\/como-funciona-a-cura-reconectiva-75x60.jpg 75w, https:\/\/www.paulonogueiraterapias.com\/wp-content\/uploads\/2023\/01\/como-funciona-a-cura-reconectiva-113x90.jpg 113w, https:\/\/www.paulonogueiraterapias.com\/wp-content\/uploads\/2023\/01\/como-funciona-a-cura-reconectiva-scaled.jpg 1200w\" sizes=\"auto, (max-width: 512px) 100vw, 512px\" \/><\/a><\/figure>\n\n\n\n<p>Conforme verificado pelo Laborat\u00f3rio de Sistemas de Energia Humana da Universidade do Arizona, a <strong>Cura Reconectiva<\/strong> \u00ae usa frequ\u00eancias de cura para activar o processo de auto-cura do pr\u00f3prio corpo e mente humana. <\/p>\n\n\n\n<p>Sendo assim, esta t\u00e9cnica permite desencadear um processo auto-curador que existe em todos os seres vivos, um processo que tende \u00e0 cura e ao equil\u00edbrio desde que n\u00e3o existam condi\u00e7\u00f5es adversas a esse mesmo equil\u00edbrio. <\/p>\n\n\n\n<p>Infelizmente, a vida n\u00e3o \u00e9 perfeita, e o ser humano atual \u00e9 sujeito aos mais variados tipos de stress que lhe retiram a sua condi\u00e7\u00e3o original de sa\u00fade e o colocam num estado menos \u00f3ptimo do que aquilo que seria o normal.<\/p>\n\n\n\n<h2 class=\"wp-block-heading\">Para que serve?<\/h2>\n\n\n\n<p>A <strong>Cura Reconectiva<\/strong> \u00ae \u00e9 usada para facilitar a homeostase do ser humano, isto \u00e9, o equil\u00edbrio entre a sua consci\u00eancia e o meio envolvente, sendo que esse meio envolvente pode ser considerado como o pr\u00f3prio corpo f\u00edsico onde a consci\u00eancia humana se aloja temporariamente durante a encarna\u00e7\u00e3o, os outros seres humanos, a natureza, o planeta e o universo. Esse equil\u00edbrio \u00e9 alcan\u00e7ado atrav\u00e9s de reconectar a consci\u00eancia com o feedback adequado que ela necessita para se adaptar \u00e0s diversas condi\u00e7\u00f5es e poder tomar as decis\u00f5es mais adequadas.<\/p>\n\n\n\n<p>Por exemplo, se um ser humano coloca um dedo na chapa quente de um fog\u00e3o de lenha, e ele n\u00e3o tiver o respectivo feedback da dor, ele, simplesmente, ir\u00e1 continuar a manter o dedo no fog\u00e3o at\u00e9 perder o dedo por completo. No entanto, se ele estiver conectado com o seu corpo f\u00edsico da maneira correcta, ele logo sentir\u00e1 o feedback da dor provocada pelo calor extremo e tomar\u00e1 a decis\u00e3o mais adequada.<\/p>\n\n\n\n<p>Sem esse feedback, o ser humano n\u00e3o conseguir\u00e1 tomar as decis\u00f5es mais adequadas na sua vida. Este exemplo \u00e9 absolutamente \u00f3bvio. N\u00e3o obstante, o ser humano mant\u00e9m-se em relacionamentos amorosos disfuncionais apesar de j\u00e1 n\u00e3o haver mais nada entre duas pessoas que seja positivo o suficiente para sustentar a rela\u00e7\u00e3o&#8230;<\/p>\n\n\n\n<p>Qualquer pessoa consegue entender o prop\u00f3sito da minha exposi\u00e7\u00e3o. N\u00e3o obstante esse facto, imensas pessoas ainda se mant\u00eam agarradas a padr\u00f5es disfuncionais que lhes trazem sofrimento, qual fossem sadomasoquistas, simplesmente, porque n\u00e3o t\u00eam consci\u00eancia do que fazem a si mesmas.<\/p>\n\n\n\n<p>A <strong>Cura Reconectiva \u00ae<\/strong> serve para a pessoa passar a ter feedback na sua vida sobre aquilo que j\u00e1 n\u00e3o funciona a n\u00edvel de sa\u00fade f\u00edsica, emocional, mental e espiritual.<\/p>\n\n\n\n<h2 class=\"wp-block-heading\">Quais s\u00e3o os benef\u00edcios da Cura Reconectiva \u00ae?<\/h2>\n\n\n\n<figure class=\"wp-block-image aligncenter size-full is-style-rounded\"><a href=\"https:\/\/www.paulonogueiraterapias.com\/wp-content\/uploads\/2023\/01\/beneficios-da-cura-reconectiva.jpg\"><img loading=\"lazy\" decoding=\"async\" width=\"400\" height=\"267\" src=\"https:\/\/www.paulonogueiraterapias.com\/wp-content\/uploads\/2023\/01\/beneficios-da-cura-reconectiva.jpg\" alt=\"Benef\u00edcios da Cura Reconectiva\" class=\"wp-image-15999\" srcset=\"https:\/\/www.paulonogueiraterapias.com\/wp-content\/uploads\/2023\/01\/beneficios-da-cura-reconectiva.jpg 400w, https:\/\/www.paulonogueiraterapias.com\/wp-content\/uploads\/2023\/01\/beneficios-da-cura-reconectiva-300x200.jpg 300w, https:\/\/www.paulonogueiraterapias.com\/wp-content\/uploads\/2023\/01\/beneficios-da-cura-reconectiva-90x60.jpg 90w, https:\/\/www.paulonogueiraterapias.com\/wp-content\/uploads\/2023\/01\/beneficios-da-cura-reconectiva-135x90.jpg 135w\" sizes=\"auto, (max-width: 400px) 100vw, 400px\" \/><\/a><\/figure>\n\n\n\n<p>Os benef\u00edcios da <strong>Cura Reconectiva \u00ae<\/strong> incluem bem-estar generalizado, aumento do n\u00edvel de motiva\u00e7\u00e3o pela vida, maior optimismo, n\u00edveis de energia refor\u00e7ados, reequil\u00edbrio energ\u00e9tico dos v\u00e1rios \u00f3rg\u00e3os do corpo f\u00edsico que, em \u00faltima an\u00e1lise, conduzem ao seu restabelecimento f\u00edsico e eleva\u00e7\u00e3o da consci\u00eancia. <\/p>\n\n\n\n<h2 class=\"wp-block-heading\">Eric Pearl &#8211; o fundador da terapia<\/h2>\n\n\n\n<p>Eric Pearl come\u00e7ou a sua carreira como curador numa bem-sucedida cl\u00ednica de Quiropr\u00e1tica em Los Angeles, EUA.<\/p>\n\n\n\n<h2 class=\"wp-block-heading\">Reconex\u00e3o<\/h2>\n\n\n\n<figure class=\"wp-block-image aligncenter size-large is-resized is-style-rounded\"><a href=\"https:\/\/www.paulonogueiraterapias.com\/wp-content\/uploads\/2023\/01\/Reconexao-scaled.jpg\"><img loading=\"lazy\" decoding=\"async\" src=\"https:\/\/www.paulonogueiraterapias.com\/wp-content\/uploads\/2023\/01\/Reconexao-1024x983.jpg\" alt=\"Reconex\u00e3o\" class=\"wp-image-15991\" width=\"512\" height=\"492\" srcset=\"https:\/\/www.paulonogueiraterapias.com\/wp-content\/uploads\/2023\/01\/Reconexao-1024x983.jpg 1024w, https:\/\/www.paulonogueiraterapias.com\/wp-content\/uploads\/2023\/01\/Reconexao-scaled-600x576.jpg 600w, https:\/\/www.paulonogueiraterapias.com\/wp-content\/uploads\/2023\/01\/Reconexao-300x288.jpg 300w, https:\/\/www.paulonogueiraterapias.com\/wp-content\/uploads\/2023\/01\/Reconexao-768x737.jpg 768w, https:\/\/www.paulonogueiraterapias.com\/wp-content\/uploads\/2023\/01\/Reconexao-36x36.jpg 36w, https:\/\/www.paulonogueiraterapias.com\/wp-content\/uploads\/2023\/01\/Reconexao-1536x1474.jpg 1536w, https:\/\/www.paulonogueiraterapias.com\/wp-content\/uploads\/2023\/01\/Reconexao-2048x1966.jpg 2048w, https:\/\/www.paulonogueiraterapias.com\/wp-content\/uploads\/2023\/01\/Reconexao-63x60.jpg 63w, https:\/\/www.paulonogueiraterapias.com\/wp-content\/uploads\/2023\/01\/Reconexao-94x90.jpg 94w, https:\/\/www.paulonogueiraterapias.com\/wp-content\/uploads\/2023\/01\/Reconexao-scaled.jpg 1200w\" sizes=\"auto, (max-width: 512px) 100vw, 512px\" \/><\/a><\/figure>\n\n\n\n<p>Como o <strong>Dr. Eric Pearl<\/strong> bem explica no seu livro <em>best-seller<\/em>, a reconex\u00e3o \u00e9 um processo, que tal como a <strong>Cura Reconectiva<\/strong> \u00ae, permite alcan\u00e7ar o bem-estar atrav\u00e9s de 5 passos que v\u00e3o desde a aten\u00e7\u00e3o consciente e deliberada do terapeuta em rela\u00e7\u00e3o ao seu cliente no momento da terapia.<\/p>\n\n\n\n<p>De seguida, essa aten\u00e7\u00e3o consciente cria a conex\u00e3o necess\u00e1ria com a consci\u00eancia do cliente. \u00c9 por essa raz\u00e3o que o terapeuta de <strong>Cura Reconectiva<\/strong> \u00ae est\u00e1, normalmente, de olhos abertos durante a sess\u00e3o. A raz\u00e3o \u00e9 muito simples! \u00c9 para se manter atento no momento presente! Se o terapeuta fechar os olhos, n\u00e3o \u00e9 que a energia pare de fluir. Simplesmente, passa a ser mais dif\u00edcil ao terapeuta manter-se conectado com o seu cliente, uma vez que n\u00e3o o estando a observar, ter\u00e1 maior dificuldade de se concentrar mais nele no momento da terapia, e menos nos pensamentos que sempre estar\u00e3o presentes na sua mente. H\u00e1 que lembrar que um ser humano comum tem cerca de 60 000 pensamentos por dia! E um terapeuta tamb\u00e9m \u00e9 um ser humano.<\/p>\n\n\n\n<p>Neste momento, o leitor poder\u00e1 estar a perguntar? Mas, e \u00e0 dist\u00e2ncia? Como funciona? \u00c0 dist\u00e2ncia, a <strong>Cura Reconectiva<\/strong> \u00ae funciona com igual efic\u00e1cia ao modo presencial. N\u00e3o h\u00e1 diferen\u00e7a! \u00c0 dist\u00e2ncia, durante o atendimento, a aten\u00e7\u00e3o do terapeuta \u00e9 veiculada para uma fotografia do paciente. E essa foto nem sequer precisa de ser impressa. Pode estar simplesmente vis\u00edvel no ecr\u00e3 do tablet ou do computador. \u00c9 simplesmente um objeto que representa a pessoa.<\/p>\n\n\n\n<p>O leitor pode, neste momento, perguntar: &#8220;Mas, e se n\u00e3o tiver a foto do paciente?&#8221;<\/p>\n\n\n\n<p>N\u00e3o h\u00e1 problema! At\u00e9 um boneco que represente o paciente pode ser usado, desde que a condi\u00e7\u00e3o de aten\u00e7\u00e3o consciente e deliberada, ao mesmo tempo que mant\u00e9m relaxado, esteja presente no terapeuta. A foto n\u00e3o \u00e9, de facto, imprescind\u00edvel, mas ajuda bastante ao foco do terapeuta.<\/p>\n\n\n\n<h3 class=\"wp-block-heading\">Tudo tem consci\u00eancia e est\u00e1 ligado entre si<\/h3>\n\n\n\n<p>Vivemos num universo de energia e informa\u00e7\u00e3o. Toda a part\u00edcula subat\u00f3mica tem &#8220;consci\u00eancia&#8221;. \u00c9 aquilo que os f\u00edsicos chamam de campo unificado ou, se quisermos colocar em termos mais filos\u00f3ficos, o Campo. Esse campo \u00e9 o substrato de tudo quanto existe no Universo, inclusiv\u00e9, as pr\u00f3prias part\u00edculas subat\u00f3micas como os fot\u00f5es, os electr\u00f5es, os quarks que formam os prot\u00f5es e neutr\u00f5es, que formam os \u00e1tomos, que formam mol\u00e9culas, c\u00e9lulas, \u00f3rg\u00e3os, corpos, planetas, sistemas estelares, aglomerados gal\u00e1cticos, enfim, tudo!<\/p>\n\n\n\n<p>Se tudo tem consci\u00eancia e est\u00e1 conectado entre si, de forma que uma altera\u00e7\u00e3o numa part\u00edcula altera, automaticamente, todo o sistema, isso s\u00f3 quer dizer uma coisa &#8211; que n\u00e3o existem v\u00e1rias consci\u00eancias, separadas entre si, a interagirem entre si, mas uma s\u00f3 consci\u00eancia universal que habita tudo quanto existe.<\/p>\n\n\n\n<p>Essa consci\u00eancia universal &#8220;faz de conta&#8221;, em planos inferiores, que se separa em m\u00faltiplas consci\u00eancias menores. No entanto, ela est\u00e1 consciente o tempo todo da ilus\u00e3o com que se entret\u00e9m para sua pr\u00f3pria divers\u00e3o. Deus \u00e9 muito brincalh\u00e3o! \ud83d\ude09<\/p>\n\n\n\n<p>Cada part\u00edcula tem consci\u00eancia. Cada \u00e1tomo tem consci\u00eancia. Cada c\u00e9lula tem consci\u00eancia. Cada ser vivo desde um caracol, passando por um c\u00e3o ou um gato, at\u00e9 ao ser humano, tem consci\u00eancia.<\/p>\n\n\n\n<p>Simplesmente, essas coisas como fot\u00e3o, pinheiro, gato ou Homem, t\u00eam diferentes n\u00edveis de consci\u00eancia. Umas t\u00eam um n\u00edvel de consci\u00eancia maior,  e outras t\u00eam menos. Evidentemente, o Homem, dentro da esfera do plano f\u00edsico, \u00e9 o ser vivo que tem mais consci\u00eancia.<\/p>\n\n\n\n<p>No entanto, os guias, os mestres ascensionados e outros esp\u00edritos superiores, sendo tamb\u00e9m seres vivos, embora n\u00e3o dotados de um corpo f\u00edsico, mas sim, corpos mais subtis, adequados ao plano astral superior, mental, causal, b\u00fadico e \u00e1tmico onde se situam, t\u00eam um n\u00edvel de consci\u00eancia bastante superior ao homem comum, ainda preso nas cavernas de sua natureza inferior, a girar na roda das reencarna\u00e7\u00f5es, melhorando a cada ciclo.<\/p>\n\n\n\n<p>Dado que tudo tem consci\u00eancia, porque \u00e9 uma coisa s\u00f3, o que a <strong>Cura Reconectiva<\/strong> \u00ae faz \u00e9 fluir energia e informa\u00e7\u00e3o directamente do Todo (podemos chamar de Deus), para a consci\u00eancia individual do ser humano, catalisando o seu regresso a um estado original de &#8220;f\u00e1brica&#8221;, digamos. <\/p>\n\n\n\n<p><\/p>\n\n\n\n<h2 class=\"wp-block-heading\">Pre\u00e7o de uma sess\u00e3o de Cura Reconectiva \u00ae<\/h2>\n\n\n\n<figure class=\"wp-block-image aligncenter size-large is-resized is-style-default\"><a href=\"https:\/\/www.paulonogueiraterapias.com\/wp-content\/uploads\/2023\/01\/cura-reconectiva-preco-scaled.jpg\"><img loading=\"lazy\" decoding=\"async\" src=\"https:\/\/www.paulonogueiraterapias.com\/wp-content\/uploads\/2023\/01\/cura-reconectiva-preco-1024x683.jpg\" alt=\"Pre\u00e7os de Cura Reconectiva\" class=\"wp-image-15968\" width=\"512\" height=\"342\" srcset=\"https:\/\/www.paulonogueiraterapias.com\/wp-content\/uploads\/2023\/01\/cura-reconectiva-preco-1024x683.jpg 1024w, https:\/\/www.paulonogueiraterapias.com\/wp-content\/uploads\/2023\/01\/cura-reconectiva-preco-scaled-600x400.jpg 600w, https:\/\/www.paulonogueiraterapias.com\/wp-content\/uploads\/2023\/01\/cura-reconectiva-preco-300x200.jpg 300w, https:\/\/www.paulonogueiraterapias.com\/wp-content\/uploads\/2023\/01\/cura-reconectiva-preco-768x512.jpg 768w, https:\/\/www.paulonogueiraterapias.com\/wp-content\/uploads\/2023\/01\/cura-reconectiva-preco-1536x1024.jpg 1536w, https:\/\/www.paulonogueiraterapias.com\/wp-content\/uploads\/2023\/01\/cura-reconectiva-preco-2048x1366.jpg 2048w, https:\/\/www.paulonogueiraterapias.com\/wp-content\/uploads\/2023\/01\/cura-reconectiva-preco-90x60.jpg 90w, https:\/\/www.paulonogueiraterapias.com\/wp-content\/uploads\/2023\/01\/cura-reconectiva-preco-135x90.jpg 135w, https:\/\/www.paulonogueiraterapias.com\/wp-content\/uploads\/2023\/01\/cura-reconectiva-preco-scaled.jpg 1200w\" sizes=\"auto, (max-width: 512px) 100vw, 512px\" \/><\/a><\/figure>\n\n\n\n<p>O pre\u00e7o de uma sess\u00e3o \u00e9 de 30\u20ac no meu espa\u00e7o de terapias no Lumiar, em Lisboa. O pre\u00e7o de uma sess\u00e3o \u00e0 dist\u00e2ncia \u00e9 exatamente o mesmo, dado que a terapia \u00e9 realizada exatamente da mesma forma e com os mesmos resultados.<\/p>\n\n\n\n<p>Alguns terapeutas cobram valores mais elevados, outros menos. O pre\u00e7o n\u00e3o interfere com o resultado da terapia. O que faz variar o resultado \u00e9 a aten\u00e7\u00e3o com que o terapeuta est\u00e1 e o grau de receptividade do cliente.<\/p>\n\n\n\n<h2 class=\"wp-block-heading\">Sintomas depois da sess\u00e3o<\/h2>\n\n\n\n<p>Depois da sess\u00e3o, o cliente, normalmente, revela uma sensa\u00e7\u00e3o de profunda paz, uma perspectiva mais alargada sobre o que o fazia sofrer, al\u00edvio de dores f\u00edsicas, aumento de energia e uma sensa\u00e7\u00e3o maior de presen\u00e7a no aqui e no agora. Os sintomas s\u00e3o, em geral, bastante positivos e, em alguns casos, os efeitos s\u00e3o permanentes.<\/p>\n\n\n\n<p>No entanto, naturalmente, variam de pessoa para pessoa. Em casos mais raros, os sintomas que a pessoa tem podem aumentar para a seguir desaparecer, Tudo isso faz parte do processo de cura. Podemos chamar de &#8220;dores de crescimento&#8221;.<\/p>\n\n\n\n<h2 class=\"wp-block-heading\">Diferen\u00e7as entre a Cura Reconectiva \u00ae e o Reiki<\/h2>\n\n\n\n<figure class=\"wp-block-image aligncenter size-full\"><a href=\"https:\/\/www.paulonogueiraterapias.com\/wp-content\/uploads\/2023\/01\/diferencas-entre-a-cura-reconectiva-e-o-reiki.jpeg\"><img loading=\"lazy\" decoding=\"async\" width=\"300\" height=\"200\" src=\"https:\/\/www.paulonogueiraterapias.com\/wp-content\/uploads\/2023\/01\/diferencas-entre-a-cura-reconectiva-e-o-reiki.jpeg\" alt=\"Diferen\u00e7as entre a Cura Reconectiva e o Reiki\" class=\"wp-image-15995\" srcset=\"https:\/\/www.paulonogueiraterapias.com\/wp-content\/uploads\/2023\/01\/diferencas-entre-a-cura-reconectiva-e-o-reiki.jpeg 300w, https:\/\/www.paulonogueiraterapias.com\/wp-content\/uploads\/2023\/01\/diferencas-entre-a-cura-reconectiva-e-o-reiki-90x60.jpeg 90w, https:\/\/www.paulonogueiraterapias.com\/wp-content\/uploads\/2023\/01\/diferencas-entre-a-cura-reconectiva-e-o-reiki-135x90.jpeg 135w\" sizes=\"auto, (max-width: 300px) 100vw, 300px\" \/><\/a><\/figure>\n\n\n\n<p>Enquanto que a <strong>Cura Reconectiva \u00ae <\/strong>cont\u00e9m um conjunto mais abrangente de <strong>frequ\u00eancias de cura<\/strong>, o Reiki cont\u00e9m menos. Outras das diferen\u00e7as em rela\u00e7\u00e3o ao Reiki consiste no facto de a <strong>Cura Reconectiva \u00ae<\/strong> necessitar, por norma, de menos sess\u00f5es para a melhoria de um determinado problema.<\/p>\n\n\n\n<p>Normalmente, uso a <strong>Cura Reconectiva \u00ae<\/strong> para tratar de assuntos mais graves, dado que ela \u00e9 mais poderosa e r\u00e1pida a atuar que o Reiki, principalmente, no que tange a quest\u00f5es f\u00edsicas. J\u00e1 o Reiki uso para manter o equil\u00edbrio emocional e \u00e9 realizado com maior frequ\u00eancia, exatamente, porque sendo menos poderoso, o paciente necessitar\u00e1 de uma interven\u00e7\u00e3o mais regular.<\/p>\n\n\n\n<p>Muitas vezes, para um dado problema f\u00edsico, com 3 sess\u00f5es de Cura Reconectiva \u00ae, atinge-se um resultado mais poderoso do que com 9 sess\u00f5es de Reiki, de3 em 3 dias.<\/p>\n\n\n\n<p>O per\u00edodo entre sess\u00f5es que recomendo na Cura Reconectiva \u00ae \u00e9 de 1 semana, ao passo que no Reiki \u00e9 de 3 ou 4 dias no m\u00e1ximo. Outra das diferen\u00e7as entre a Cura Reconectiva \u00ae e o Reiki tem a ver com os pre\u00e7os de mercado praticados. Por norma, a Cura Reconectiva \u00ae \u00e9 mais cara que o Reiki.<\/p>\n\n\n\n<h2 class=\"wp-block-heading\">Cura Reconectiva \u00ae \u00e0 dist\u00e2ncia funciona?<\/h2>\n\n\n\n<figure class=\"wp-block-image aligncenter size-full\"><a href=\"https:\/\/www.paulonogueiraterapias.com\/wp-content\/uploads\/2023\/01\/cura-reconectiva-a-distancia-funciona.jpeg\"><img loading=\"lazy\" decoding=\"async\" width=\"300\" height=\"200\" src=\"https:\/\/www.paulonogueiraterapias.com\/wp-content\/uploads\/2023\/01\/cura-reconectiva-a-distancia-funciona.jpeg\" alt=\"Cura reconectiva \u00e0 dist\u00e2ncia funciona\" class=\"wp-image-16009\" srcset=\"https:\/\/www.paulonogueiraterapias.com\/wp-content\/uploads\/2023\/01\/cura-reconectiva-a-distancia-funciona.jpeg 300w, https:\/\/www.paulonogueiraterapias.com\/wp-content\/uploads\/2023\/01\/cura-reconectiva-a-distancia-funciona-90x60.jpeg 90w, https:\/\/www.paulonogueiraterapias.com\/wp-content\/uploads\/2023\/01\/cura-reconectiva-a-distancia-funciona-135x90.jpeg 135w\" sizes=\"auto, (max-width: 300px) 100vw, 300px\" \/><\/a><\/figure>\n\n\n\n<p>Sim, funciona perfeitamente. As frequ\u00eancias de cura est\u00e3o dispon\u00edveis em todo o planeta. Durante a sess\u00e3o \u00e0 dist\u00e2ncia, a consci\u00eancia do terapeuta est\u00e1 ligada \u00e0 do paciente atrav\u00e9s da aten\u00e7\u00e3o do terapeuta.<\/p>\n\n\n\n<h2 class=\"wp-block-heading\">Cura Reconectiva \u00ae em Lisboa<\/h2>\n\n\n\n<p>A Cura Reconectiva \u00ae em Lisboa \u00e9 ministrada por Paulo Nogueira, no espa\u00e7o Paulo Nogueira Terapias no Lumiar, Lisboa por 30\u20ac e tem a dura\u00e7\u00e3o de 45 minutos.<\/p>\n\n\n\n<h2 class=\"wp-block-heading\">Cura Reconectiva \u00ae no Porto<\/h2>\n\n\n\n<p>Embora eu n\u00e3o ministre sess\u00f5es de <strong>Cura Reconectiva \u00ae<\/strong> no Porto, dado que quando vou ao Porto, \u00e9 para ministrar o Curso de Cura Ascensional bem como o Curso de Terapia Multidimensional no espa\u00e7o Lua de L\u00f3tus, estou dispon\u00edvel para facilitar sess\u00f5es \u00e0 dist\u00e2ncia, bastando para tal enviar-me a sua foto depois de preencher o respectivo formul\u00e1rio de marca\u00e7\u00e3o.<\/p>\n\n\n\n<h2 class=\"wp-block-heading\">Cura Reconectiva \u00ae em Portugal<\/h2>\n\n\n\n<p>Em Portugal, a <strong>Cura Reconectiva \u00ae<\/strong> encontra-se bastante divulgada, embora, n\u00e3o t\u00e3o conhecida quanto o <a href=\"https:\/\/www.paulonogueiraterapias.com\/reiki\/\">Reiki<\/a>, dado que o Reiki foi descoberto em 1922 por Mikao Usui, ao passo que a <strong>Cura Reconectiva \u00ae<\/strong> s\u00f3 passou a ser facilitada pelo Dr. Eric Pearl em 1993.<\/p>\n\n\n\n<p>Sendo assim, a Cura Reconectiva \u00ae teve bem menos tempo para se instalar nos h\u00e1bitos da sociedade portuguesa do que o Reiki, quando \u00e9 necess\u00e1rio recorrer a uma terapia hol\u00edstica para cura.<\/p>\n\n\n\n<p>No entanto, dado que o Dr. Eric Pearl j\u00e1 veio a Portugal algumas vezes para ministrar o curso, formando a cada vinda, um novo regimento de terapeutas desta terapia, os facilitadores da mesma empenharam-se bastante na sua divulga\u00e7\u00e3o e promo\u00e7\u00e3o de tal forma que imensos espa\u00e7os de terapias alternativas em Portugal j\u00e1 contam com ela no seu portf\u00f3lio.<\/p>\n\n\n\n<h2 class=\"wp-block-heading\">Testemunhos, relatos, opini\u00f5es e depoimentos<\/h2>\n\n\n\n<figure class=\"wp-block-image aligncenter size-full\"><a href=\"https:\/\/www.paulonogueiraterapias.com\/wp-content\/uploads\/2023\/01\/testemunhos-da-cura-reconectiva.jpg\"><img loading=\"lazy\" decoding=\"async\" width=\"300\" height=\"200\" src=\"https:\/\/www.paulonogueiraterapias.com\/wp-content\/uploads\/2023\/01\/testemunhos-da-cura-reconectiva.jpg\" alt=\"Testemunhos, relatos, opini\u00f5es e depoimentos da Cura Reconectiva\" class=\"wp-image-16005\" srcset=\"https:\/\/www.paulonogueiraterapias.com\/wp-content\/uploads\/2023\/01\/testemunhos-da-cura-reconectiva.jpg 300w, https:\/\/www.paulonogueiraterapias.com\/wp-content\/uploads\/2023\/01\/testemunhos-da-cura-reconectiva-90x60.jpg 90w, https:\/\/www.paulonogueiraterapias.com\/wp-content\/uploads\/2023\/01\/testemunhos-da-cura-reconectiva-135x90.jpg 135w\" sizes=\"auto, (max-width: 300px) 100vw, 300px\" \/><\/a><\/figure>\n\n\n\n<p>Os testemunhos de curas s\u00e3o variados e cobrem desde problemas f\u00edsicos at\u00e9 emocionais e mentais. Pessoalmente, tive v\u00e1rios relatos de cura por parte dos meus clientes que me surpreenderam logo quando comecei a aplicar esta terapia em Outubro de 2013.<\/p>\n\n\n\n<p>Um dos depoimentos que mais me marcou foi o de uma m\u00e3e, que tinha sido minha aluna do Curso de Terapia Multidimensional em D\u00fcbendorf na Sui\u00e7a, a qual me relatou que a filha de 6 anos tinha come\u00e7ado a falar bem melhor logo ap\u00f3s a primeira sess\u00e3o de Cura Reconectiva \u00ae que lhe fiz \u00e0 dist\u00e2ncia atrav\u00e9s da foto da menina.<\/p>\n\n\n\n<p>A menina j\u00e1 havia sido diagnosticada pelo pediatra dela como tendo um atraso cognitivo que se ponderava ser devido a uma defici\u00eancia no desenvolvimento de uma \u00e1rea do c\u00e9rebro respons\u00e1vel pela comunica\u00e7\u00e3o.<\/p>\n\n\n\n<p>Num outro caso de cura, ao longo de 3 sess\u00f5es, com uma regularidade de uma por semana, pude testemunhar a evolu\u00e7\u00e3o bastante r\u00e1pida da cura de um problema de eczema at\u00f3pico no couro cabeludo de uma senhora com 45 anos cujo cabelo come\u00e7ou a cair em mechas de tal forma que teve de usar um pano na cabe\u00e7a para evitar a queda do restante cabelo.<\/p>\n\n\n\n<p>Em rela\u00e7\u00e3o a cura emocional, lembro-me de um caso em que a cliente de 23 anos tinha problemas graves de baixa auto-estima e n\u00e3o falava com a m\u00e3e com quem mantinha uma rela\u00e7\u00e3o tensa, apesar de morarem na mesma casa. <\/p>\n\n\n\n<p>Ap\u00f3s a sess\u00e3o, no dia seguinte, a cliente relatou que a m\u00e3e mudou completamente o seu comportamento em rela\u00e7\u00e3o a ela, o qual era normalmente r\u00edspido e altivo. Passou a ser t\u00e3o carinhoso que a pr\u00f3pria cliente se sent\u00edu incomodada por j\u00e1 n\u00e3o estar habituada a um comportamento t\u00e3o amistoso por parte da progenitora. As mem\u00f3rias da \u00faltima vez que se lembrava de ter tido carinho j\u00e1 datavam da inf\u00e2ncia.<\/p>\n\n\n\n<p>A grande maioria das pessoas t\u00eam opini\u00f5es bastante favor\u00e1veis em rela\u00e7\u00e3o \u00e0 Cura Reconectiva \u00ae. No entanto, como em tudo na vida, tamb\u00e9m h\u00e1 opini\u00f5es mais desfavor\u00e1veis, especialmente, provenientes de pessoas que nunca sequer experimentaram um tratamento, mas que j\u00e1 t\u00eam opini\u00e3o formada.<\/p>\n\n\n\n<h2 class=\"wp-block-heading\">Curso de Cura Reconectiva \u00ae<\/h2>\n\n\n\n<p>Apesar de a Cura Reconectiva \u00ae ser extremamente simples de aprender e aplicar, \u00e9 necess\u00e1rio frequentar o Curso de Cura Reconectiva \u00ae para facilitar sess\u00f5es de uma forma profissional.<\/p>\n\n\n\n<p>No semin\u00e1rio de Cura Reconectiva \u00ae, ministrado pelo Dr. Eric Pearl, que frequentei em Outubro de 2013, no Centro de Congressos de Lisboa, percebi como esta t\u00e9cnica \u00e9 extremamente simples de aplicar que at\u00e9 uma crian\u00e7a conseguiria aprender sem dificuldade alguma. A t\u00e9cnica, ao contr\u00e1rio do Reiki, n\u00e3o exige inicia\u00e7\u00e3o. No entanto, o curso \u00e9 importante pela parte de poder praticar com diversos colegas.<\/p>\n\n\n\n<p>Logo de imediato, nas primeiras pessoas a quem apliquei a terapia durante a forma\u00e7\u00e3o, comecei a ver os sinais t\u00edpicos da energia a passar.<\/p>\n\n\n\n<h2 class=\"wp-block-heading\">Como fazer a Cura Reconectiva \u00ae?<\/h2>\n\n\n\n<p>Para fazer a Cura Reconectiva \u00ae, apenas necessita de estar receptivo. O terapeuta n\u00e3o necessita de saber nada sobre o estado de sa\u00fade do seu paciente, uma vez que n\u00e3o \u00e9 o terapeuta que cura, mas sim, a energia que ele canalizar\u00e1 para o paciente.<\/p>\n\n\n\n<p>O paciente dever\u00e1 estar deitado de 30 a 45 minutos em estado relaxado, enquanto vai sentindo algumas sensa\u00e7\u00f5es que variam enormemente de pessoa para pessoa, de acordo com a sensibilidade energ\u00e9tica de cada um. H\u00e1 pessoas que s\u00e3o mais sens\u00edveis \u00e0 energia e outras menos.<\/p>\n\n\n\n<p>Algumas dessas sensa\u00e7\u00f5es relatadas incluem ver cores, toques no corpo, picadas suaves, espasmos involunt\u00e1rios musculares, movimento r\u00e1pido ocular, frio e calor em determinadas partes do corpo, um estado de profundo relaxamento e um estado de consci\u00eancia diferente da vig\u00edlia, do sonho e do sono, em que o paciente pensando que est\u00e1 acordado, na realidade, deixa o corpo a dormir, enquanto a sua mente permanece desperta, em estado de auto-observa\u00e7\u00e3o.<\/p>\n\n\n\n<script type=\"application\/ld+json\">\n{\n  \"@context\": \"https:\/\/schema.org\",\n  \"@type\": \"FAQPage\",\n  \"mainEntity\": [{\n    \"@type\": \"Question\",\n    \"name\": \"O que \u00e9 a Cura Reconectiva \u00ae?\",\n    \"acceptedAnswer\": {\n      \"@type\": \"Answer\",\n      \"text\": \"A Cura Reconectiva \u00ae \u00e9 uma t\u00e9cnica energ\u00e9tica, usada para a cura integral do ser humano, que liga a mente do paciente com uma realidade espiritual mais vasta, composta por energia e informa\u00e7\u00e3o. O que o terapeuta faz \u00e9 servir de elo de liga\u00e7\u00e3o entre o seu paciente e o Cosmos para que a energia e informa\u00e7\u00e3o possam fluir e atuar a um n\u00edvel bastante profundo tal como o n\u00edvel molecular do DNA, conforme diversos estudos cient\u00edficos atestaram anteriormente.\"\n    }\n  },{\n    \"@type\": \"Question\",\n    \"name\": \"Como funciona a Cura Reconectiva \u00ae?\",\n    \"acceptedAnswer\": {\n      \"@type\": \"Answer\",\n      \"text\": \"Conforme verificado pelo Laborat\u00f3rio de Sistemas de Energia Humana da Universidade do Arizona, a Cura Reconectiva \u00ae usa frequ\u00eancias de cura para activar o processo de auto-cura do pr\u00f3prio corpo e mente humana. \n\nSendo assim, esta t\u00e9cnica permite desencadear um processo auto-curador que existe em todos os seres vivos, um processo que tende \u00e0 cura e ao equil\u00edbrio desde que n\u00e3o existam condi\u00e7\u00f5es adversas a esse mesmo equil\u00edbrio.\"\n    }\n  },{\n    \"@type\": \"Question\",\n    \"name\": \"Para que serve?\",\n    \"acceptedAnswer\": {\n      \"@type\": \"Answer\",\n      \"text\": \"A Cura Reconectiva \u00ae \u00e9 usada para facilitar a homeostase do ser humano, isto \u00e9, o equil\u00edbrio entre a sua consci\u00eancia e o meio envolvente, sendo que esse meio envolvente pode ser considerado como o pr\u00f3prio corpo f\u00edsico onde a consci\u00eancia humana se aloja temporariamente durante a encarna\u00e7\u00e3o, os outros seres humanos, a natureza, o planeta e o universo. Esse equil\u00edbrio \u00e9 alcan\u00e7ado atrav\u00e9s de reconectar a consci\u00eancia com o feedback adequado que ela necessita para se adaptar \u00e0s diversas condi\u00e7\u00f5es e poder tomar as decis\u00f5es mais adequadas.\"\n    }\n  },{\n    \"@type\": \"Question\",\n    \"name\": \"Quais s\u00e3o os benef\u00edcios da Cura Reconectiva \u00ae?\",\n    \"acceptedAnswer\": {\n      \"@type\": \"Answer\",\n      \"text\": \"Os benef\u00edcios da Cura Reconectiva \u00ae incluem bem-estar generalizado, aumento do n\u00edvel de motiva\u00e7\u00e3o pela vida, maior optimismo, n\u00edveis de energia refor\u00e7ados, reequil\u00edbrio energ\u00e9tico dos v\u00e1rios \u00f3rg\u00e3os do corpo f\u00edsico que, em \u00faltima an\u00e1lise, conduzem ao seu restabelecimento f\u00edsico e eleva\u00e7\u00e3o da consci\u00eancia.\"\n    }\n  },{\n    \"@type\": \"Question\",\n    \"name\": \"Cura Reconectiva \u00ae \u00e0 dist\u00e2ncia funciona?\",\n    \"acceptedAnswer\": {\n      \"@type\": \"Answer\",\n      \"text\": \"Sim, funciona perfeitamente. As frequ\u00eancias de cura est\u00e3o dispon\u00edveis em todo o planeta. Durante a sess\u00e3o \u00e0 dist\u00e2ncia, a consci\u00eancia do terapeuta est\u00e1 ligada \u00e0 do paciente atrav\u00e9s da aten\u00e7\u00e3o do terapeuta.\"\n    }\n  }]\n}\n<\/script>\n<script type=\"application\/ld+json\">\n{\n  \"@context\": \"https:\/\/schema.org\/\", \n  \"@type\": \"HowTo\", \n  \"name\": \"Como fazer a Cura Reconectiva \u00ae?\",\n  \"step\": [{\n    \"@type\": \"HowToStep\",\n    \"text\": \"Para fazer a Cura Reconectiva \u00ae, apenas necessita de estar receptivo. O terapeuta n\u00e3o necessita de saber nada sobre o estado de sa\u00fade do seu paciente, uma vez que n\u00e3o \u00e9 o terapeuta que cura, mas sim, a energia que ele canalizar\u00e1 para o paciente.\"\n  },{\n    \"@type\": \"HowToStep\",\n    \"text\": \"O paciente dever\u00e1 estar deitado de 30 a 45 minutos em estado relaxado, enquanto vai sentindo algumas sensa\u00e7\u00f5es que variam enormemente de pessoa para pessoa, de acordo com a sensibilidade energ\u00e9tica de cada um. H\u00e1 pessoas que s\u00e3o mais sens\u00edveis \u00e0 energia e outras menos.\"\n  },{\n    \"@type\": \"HowToStep\",\n    \"text\": \"Algumas dessas sensa\u00e7\u00f5es relatadas incluem ver cores, toques no corpo, picadas suaves, espasmos involunt\u00e1rios musculares, movimento r\u00e1pido ocular, frio e calor em determinadas partes do corpo, um estado de profundo relaxamento e um estado de consci\u00eancia diferente da vig\u00edlia, do sonho e do sono, em que o paciente pensando que est\u00e1 acordado, na realidade, deixa o corpo a dormir, enquanto a sua mente permanece desperta, em estado de auto-observa\u00e7\u00e3o.\"\n  }]    \n}\n<\/script>\n\n\n<div class=\"wpforms-container wpforms-container-full wpforms-form-abandonment wpforms-block\" id=\"wpforms-15421\"><form id=\"wpforms-form-15421\" class=\"wpforms-validate wpforms-form wpforms-ajax-form\" data-formid=\"15421\" method=\"post\" enctype=\"multipart\/form-data\" action=\"\/es\/wp-json\/wp\/v2\/posts\/15944\" data-token=\"d4a7ea82f046162b86e92b5512451f86\" data-token-time=\"1777394157\"><div class=\"wpforms-head-container\"><div class=\"wpforms-title\">Cita de Sanaci\u00f3n Reconectiva<\/div><\/div><noscript class=\"wpforms-error-noscript\">Por favor, activa JavaScript en tu navegador para completar este formulario.<\/noscript><div class=\"wpforms-field-container\"><div id=\"wpforms-15421-field_1-container\" class=\"wpforms-field wpforms-field-name\" data-field-id=\"1\"><label class=\"wpforms-field-label\" for=\"wpforms-15421-field_1\">Nombre <span class=\"wpforms-required-label\">*<\/span><\/label><input type=\"text\" id=\"wpforms-15421-field_1\" class=\"wpforms-field-medium wpforms-field-required\" name=\"wpforms[fields][1]\" required><\/div><div id=\"wpforms-15421-field_2-container\" class=\"wpforms-field wpforms-field-phone\" data-field-id=\"2\"><label class=\"wpforms-field-label\" for=\"wpforms-15421-field_2\">Tel\u00e9fono <span class=\"wpforms-required-label\">*<\/span><\/label><input type=\"tel\" id=\"wpforms-15421-field_2\" class=\"wpforms-field-medium wpforms-field-required\" data-rule-int-phone-field=\"true\" name=\"wpforms[fields][2]\" aria-label=\"Tel\u00e9fono\" required><\/div><div id=\"wpforms-15421-field_3-container\" class=\"wpforms-field wpforms-field-email\" data-field-id=\"3\"><label class=\"wpforms-field-label\" for=\"wpforms-15421-field_3\">Env\u00eda un correo electr\u00f3nico a <span class=\"wpforms-required-label\">*<\/span><\/label><input type=\"email\" id=\"wpforms-15421-field_3\" class=\"wpforms-field-medium wpforms-field-required\" name=\"wpforms[fields][3]\" spellcheck=\"false\" required><\/div><div id=\"wpforms-15421-field_7-container\" class=\"wpforms-field wpforms-field-select wpforms-field-select-style-modern\" data-field-id=\"7\"><label class=\"wpforms-field-label\" for=\"wpforms-15421-field_7\">Modalidad<\/label><select id=\"wpforms-15421-field_7\" class=\"wpforms-field-medium choicesjs-select\" data-size-class=\"wpforms-field-row wpforms-field-medium\" data-search-enabled=\"\" name=\"wpforms[fields][7]\"><option value=\"\" class=\"placeholder\" disabled ><\/option><option value=\"En persona (en Lisboa)\"  selected='selected'>En persona (en Lisboa)<\/option><option value=\"En l\u00ednea (v\u00eda WhatsApp)\" >En l\u00ednea (v\u00eda WhatsApp)<\/option><\/select><\/div><div id=\"wpforms-15421-field_8-container\" class=\"wpforms-field wpforms-field-date-time\" data-field-id=\"8\"><label class=\"wpforms-field-label\">Fecha \/ Hora<\/label><div class=\"wpforms-field-row wpforms-field-medium\"><div class=\"wpforms-field-row-block wpforms-date-type-datepicker\"><div class=\"wpforms-datepicker-wrap\"><input type=\"text\" id=\"wpforms-15421-field_8\" class=\"wpforms-field-date-time-date wpforms-datepicker\" data-date-format=\"d\/m\/Y\" data-disable-past-dates=\"1\" data-disable-todays-date=\"0\" data-input=\"true\" name=\"wpforms[fields][8][date]\" ><a title=\"Borrar fecha\" data-clear class=\"wpforms-datepicker-clear\" style=\"display:none;\"><\/a><\/div><label for=\"wpforms-15421-field_8\" class=\"wpforms-field-sublabel after\">Fecha<\/label><\/div><div class=\"wpforms-field-row-block\"><input type=\"text\" id=\"wpforms-15421-field_8-time\" class=\"wpforms-field-date-time-time wpforms-timepicker\" data-time-format=\"H:i\" data-step=\"30\" data-rule-time24h=\"true\" data-min-time=\"10:00\" data-max-time=\"20:00\" data-rule-time-limit=\"true\" name=\"wpforms[fields][8][time]\" ><label for=\"wpforms-15421-field_8-time\" class=\"wpforms-field-sublabel after\">Hora<\/label><\/div><\/div><\/div><div id=\"wpforms-15421-field_6-container\" class=\"wpforms-field wpforms-field-textarea\" data-field-id=\"6\"><label class=\"wpforms-field-label\" for=\"wpforms-15421-field_6\">Observaciones<\/label><textarea id=\"wpforms-15421-field_6\" class=\"wpforms-field-medium\" name=\"wpforms[fields][6]\" ><\/textarea><\/div><\/div><!-- .wpforms-field-container --><div class=\"wpforms-submit-container\" ><input type=\"hidden\" name=\"wpforms[id]\" value=\"15421\"><input type=\"hidden\" name=\"page_title\" value=\"\"><input type=\"hidden\" name=\"page_url\" value=\"https:\/\/www.paulonogueiraterapias.com\/es\/wp-json\/wp\/v2\/posts\/15944\"><input type=\"hidden\" name=\"url_referer\" value=\"\"><button type=\"submit\" name=\"wpforms[submit]\" id=\"wpforms-submit-15421\" class=\"wpforms-submit\" data-alt-text=\"Enviando...\" data-submit-text=\"Reserva\" aria-live=\"assertive\" value=\"wpforms-submit\">Reserva<\/button><img loading=\"lazy\" decoding=\"async\" src=\"https:\/\/www.paulonogueiraterapias.com\/wp-content\/plugins\/wpforms-disabled\/assets\/images\/submit-spin.svg\" class=\"wpforms-submit-spinner\" style=\"display: none;\" width=\"26\" height=\"26\" alt=\"Cargando\"><\/div><\/form><\/div>  <!-- .wpforms-container -->\n\n\n<p>Consulte tamb\u00e9m a nossa <a href=\"https:\/\/www.facebook.com\/PauloNogueiraTerapias\/\" target=\"_blank\" rel=\"noreferrer noopener\">p\u00e1gina Paulo Nogueira Terapias no Facebook<\/a> e deixe o seu testemunho!<\/p>\n","protected":false},"excerpt":{"rendered":"<p>A Cura Reconectiva \u00ae \u00e9 uma t\u00e9cnica terap\u00eautica que restaura o equil\u00edbrio do ser humano, atrav\u00e9s de frequ\u00eancias de cura que restabelecem o v\u00ednculo da consci\u00eancia do paciente com o [&hellip;]<\/p>\n","protected":false},"author":1,"featured_media":15974,"comment_status":"open","ping_status":"open","sticky":false,"template":"","format":"standard","meta":{"om_disable_all_campaigns":false,"_mi_skip_tracking":false,"site-sidebar-layout":"default","site-content-layout":"","ast-site-content-layout":"default","site-content-style":"default","site-sidebar-style":"default","ast-global-header-display":"","ast-banner-title-visibility":"","ast-main-header-display":"","ast-hfb-above-header-display":"","ast-hfb-below-header-display":"","ast-hfb-mobile-header-display":"","site-post-title":"","ast-breadcrumbs-content":"","ast-featured-img":"","footer-sml-layout":"","ast-disable-related-posts":"","theme-transparent-header-meta":"","adv-header-id-meta":"","stick-header-meta":"","header-above-stick-meta":"","header-main-stick-meta":"","header-below-stick-meta":"","astra-migrate-meta-layouts":"default","ast-page-background-enabled":"default","ast-page-background-meta":{"desktop":{"background-color":"var(--ast-global-color-5)","background-image":"","background-repeat":"repeat","background-position":"center center","background-size":"auto","background-attachment":"scroll","background-type":"","background-media":"","overlay-type":"","overlay-color":"","overlay-opacity":"","overlay-gradient":""},"tablet":{"background-color":"","background-image":"","background-repeat":"repeat","background-position":"center center","background-size":"auto","background-attachment":"scroll","background-type":"","background-media":"","overlay-type":"","overlay-color":"","overlay-opacity":"","overlay-gradient":""},"mobile":{"background-color":"","background-image":"","background-repeat":"repeat","background-position":"center center","background-size":"auto","background-attachment":"scroll","background-type":"","background-media":"","overlay-type":"","overlay-color":"","overlay-opacity":"","overlay-gradient":""}},"ast-content-background-meta":{"desktop":{"background-color":"var(--ast-global-color-4)","background-image":"","background-repeat":"repeat","background-position":"center center","background-size":"auto","background-attachment":"scroll","background-type":"","background-media":"","overlay-type":"","overlay-color":"","overlay-opacity":"","overlay-gradient":""},"tablet":{"background-color":"var(--ast-global-color-4)","background-image":"","background-repeat":"repeat","background-position":"center center","background-size":"auto","background-attachment":"scroll","background-type":"","background-media":"","overlay-type":"","overlay-color":"","overlay-opacity":"","overlay-gradient":""},"mobile":{"background-color":"var(--ast-global-color-4)","background-image":"","background-repeat":"repeat","background-position":"center center","background-size":"auto","background-attachment":"scroll","background-type":"","background-media":"","overlay-type":"","overlay-color":"","overlay-opacity":"","overlay-gradient":""}},"footnotes":""},"categories":[104,114],"tags":[],"class_list":["post-15944","post","type-post","status-publish","format-standard","has-post-thumbnail","hentry","category-reconnective-healing","category-therapies"],"aioseo_notices":[],"_links":{"self":[{"href":"https:\/\/www.paulonogueiraterapias.com\/es\/wp-json\/wp\/v2\/posts\/15944","targetHints":{"allow":["GET"]}}],"collection":[{"href":"https:\/\/www.paulonogueiraterapias.com\/es\/wp-json\/wp\/v2\/posts"}],"about":[{"href":"https:\/\/www.paulonogueiraterapias.com\/es\/wp-json\/wp\/v2\/types\/post"}],"author":[{"embeddable":true,"href":"https:\/\/www.paulonogueiraterapias.com\/es\/wp-json\/wp\/v2\/users\/1"}],"replies":[{"embeddable":true,"href":"https:\/\/www.paulonogueiraterapias.com\/es\/wp-json\/wp\/v2\/comments?post=15944"}],"version-history":[{"count":0,"href":"https:\/\/www.paulonogueiraterapias.com\/es\/wp-json\/wp\/v2\/posts\/15944\/revisions"}],"wp:featuredmedia":[{"embeddable":true,"href":"https:\/\/www.paulonogueiraterapias.com\/es\/wp-json\/wp\/v2\/media\/15974"}],"wp:attachment":[{"href":"https:\/\/www.paulonogueiraterapias.com\/es\/wp-json\/wp\/v2\/media?parent=15944"}],"wp:term":[{"taxonomy":"category","embeddable":true,"href":"https:\/\/www.paulonogueiraterapias.com\/es\/wp-json\/wp\/v2\/categories?post=15944"},{"taxonomy":"post_tag","embeddable":true,"href":"https:\/\/www.paulonogueiraterapias.com\/es\/wp-json\/wp\/v2\/tags?post=15944"}],"curies":[{"name":"wp","href":"https:\/\/api.w.org\/{rel}","templated":true}]}}