{"id":14746,"date":"2012-12-16T19:18:51","date_gmt":"2012-12-16T19:18:51","guid":{"rendered":"https:\/\/www.paulonogueiraterapias.com\/chakras\/"},"modified":"2012-12-16T19:18:51","modified_gmt":"2012-12-16T19:18:51","slug":"chakras","status":"publish","type":"post","link":"https:\/\/www.paulonogueiraterapias.com\/es\/chakras\/","title":{"rendered":"Chakras"},"content":{"rendered":"<div style=\"font-size: 10pt;\">\n<p style=\"text-align: justify;\">Los chakras son centros energ\u00e9ticos que captan, almacenan y distribuyen <em>el prana<\/em> (energ\u00eda vital).<\/p>\n<h2 style=\"text-align: justify;\">Chakra ra\u00edz &#8211; Muladhara<\/h2>\n<figure id=\"attachment_11542\" aria-describedby=\"caption-attachment-11542\" style=\"width: 150px\" class=\"wp-caption aligncenter\"><a href=\"https:\/\/www.paulonogueiraterapias.com\/chakras\/muladhara\/\" rel=\"attachment wp-att-257\"><img loading=\"lazy\" decoding=\"async\" class=\"size-thumbnail wp-image-11542\" alt=\"Muladhara - Chakra ra\u00edz\" src=\"https:\/\/www.paulonogueiraterapias.com\/wp-content\/uploads\/2012\/12\/Muladhara-150x150.png\" width=\"150\" height=\"150\" srcset=\"https:\/\/www.paulonogueiraterapias.com\/wp-content\/uploads\/2012\/12\/Muladhara-150x150.png 150w, https:\/\/www.paulonogueiraterapias.com\/wp-content\/uploads\/2012\/12\/Muladhara-100x100.png 100w, https:\/\/www.paulonogueiraterapias.com\/wp-content\/uploads\/2012\/12\/Muladhara.png 250w\" sizes=\"auto, (max-width: 150px) 100vw, 150px\" \/><\/a><figcaption id=\"caption-attachment-11542\" class=\"wp-caption-text\">Chakra ra\u00edz &#8211; Muladhara<\/figcaption><\/figure>\n<p><strong>Ubicaci\u00f3n:<\/strong> Base<strong>de la<\/strong> columna vertebral<br \/>\n<strong>Mantra:<\/strong> Lam<br \/>\n<strong>P\u00e9talos:<\/strong> 4<br \/>\n<strong>Color:<\/strong> Rojo<br \/>\n<strong>Elemento:<\/strong> Tierra<\/p>\n<h2>Chakra de las emociones &#8211; Svadhisthana<\/h2>\n<figure id=\"attachment_11544\" aria-describedby=\"caption-attachment-11544\" style=\"width: 150px\" class=\"wp-caption aligncenter\"><a href=\"https:\/\/www.paulonogueiraterapias.com\/chakras\/swadhisthana\/\" rel=\"attachment wp-att-258\"><img loading=\"lazy\" decoding=\"async\" class=\"size-thumbnail wp-image-11544\" alt=\"Chakra de las emociones - Swadhisthana\" src=\"https:\/\/www.paulonogueiraterapias.com\/wp-content\/uploads\/2012\/12\/Swadhisthana-150x150.png\" width=\"150\" height=\"150\" srcset=\"https:\/\/www.paulonogueiraterapias.com\/wp-content\/uploads\/2012\/12\/Swadhisthana-150x150.png 150w, https:\/\/www.paulonogueiraterapias.com\/wp-content\/uploads\/2012\/12\/Swadhisthana-100x100.png 100w\" sizes=\"auto, (max-width: 150px) 100vw, 150px\" \/><\/a><figcaption id=\"caption-attachment-11544\" class=\"wp-caption-text\">Chakra de las emociones &#8211; Swadhisthana<\/figcaption><\/figure>\n<p><strong>Ubicaci\u00f3n:<\/strong> debajo del ombligo<br \/>\n<strong>Mantra:<\/strong> Vam<br \/>\n<strong>P\u00e9talos:<\/strong> 6<br \/>\n<strong>Color:<\/strong> Naranja<br \/>\n<strong>Elemento:<\/strong> Agua<\/p>\n<h2>Chakra del plexo solar &#8211; Manipura<\/h2>\n<figure id=\"attachment_11546\" aria-describedby=\"caption-attachment-11546\" style=\"width: 150px\" class=\"wp-caption aligncenter\"><a href=\"https:\/\/www.paulonogueiraterapias.com\/chakras\/manipura\/\" rel=\"attachment wp-att-259\"><img loading=\"lazy\" decoding=\"async\" class=\"size-thumbnail wp-image-11546\" alt=\"Chakra del plexo solar - Manipura\" src=\"https:\/\/www.paulonogueiraterapias.com\/wp-content\/uploads\/2012\/12\/Manipura-150x150.png\" width=\"150\" height=\"150\" srcset=\"https:\/\/www.paulonogueiraterapias.com\/wp-content\/uploads\/2012\/12\/Manipura-150x150.png 150w, https:\/\/www.paulonogueiraterapias.com\/wp-content\/uploads\/2012\/12\/Manipura-100x100.png 100w\" sizes=\"auto, (max-width: 150px) 100vw, 150px\" \/><\/a><figcaption id=\"caption-attachment-11546\" class=\"wp-caption-text\">Chakra del plexo solar &#8211; Manipura<\/figcaption><\/figure>\n<p><strong>Ubicaci\u00f3n:<\/strong> Umbilicus<br \/>\n<strong>Mantra:<\/strong> Ram<br \/>\n<strong>P\u00e9talos:<\/strong> 10<br \/>\n<strong>Color:<\/strong> Amarillo<br \/>\n<strong>Elemento:<\/strong> Fuego<\/p>\n<h2>Chakra del coraz\u00f3n &#8211; Anahata<\/h2>\n<figure id=\"attachment_11548\" aria-describedby=\"caption-attachment-11548\" style=\"width: 150px\" class=\"wp-caption aligncenter\"><a href=\"https:\/\/www.paulonogueiraterapias.com\/chakras\/200px-anahata_green-svg\/\" rel=\"attachment wp-att-260\"><img loading=\"lazy\" decoding=\"async\" class=\"size-thumbnail wp-image-11548\" alt=\"Anahata - Chakra del coraz\u00f3n\" src=\"https:\/\/www.paulonogueiraterapias.com\/wp-content\/uploads\/2012\/12\/200px-Anahata_green.svg_-150x150.png\" width=\"150\" height=\"150\" srcset=\"https:\/\/www.paulonogueiraterapias.com\/wp-content\/uploads\/2012\/12\/200px-Anahata_green.svg_-150x150.png 150w, https:\/\/www.paulonogueiraterapias.com\/wp-content\/uploads\/2012\/12\/200px-Anahata_green.svg_-100x100.png 100w, https:\/\/www.paulonogueiraterapias.com\/wp-content\/uploads\/2012\/12\/200px-Anahata_green.svg_.png 200w\" sizes=\"auto, (max-width: 150px) 100vw, 150px\" \/><\/a><figcaption id=\"caption-attachment-11548\" class=\"wp-caption-text\">Chakra del coraz\u00f3n &#8211; Anahata<\/figcaption><\/figure>\n<p><strong>Ubicaci\u00f3n:<\/strong> Coraz\u00f3n<br \/>\n<strong>Mantra:<\/strong> Yam<br \/>\n<strong>P\u00e9talos:<\/strong> 12<br \/>\n<strong>Color:<\/strong> Verde<br \/>\n<strong>Elemento:<\/strong> Aire<\/p>\n<h2>Chakra de la garganta &#8211; Vishudda<\/h2>\n<figure id=\"attachment_11550\" aria-describedby=\"caption-attachment-11550\" style=\"width: 150px\" class=\"wp-caption aligncenter\"><a href=\"https:\/\/www.paulonogueiraterapias.com\/chakras\/200px-vishuddhi_blue-svg\/\" rel=\"attachment wp-att-261\"><img loading=\"lazy\" decoding=\"async\" class=\"size-thumbnail wp-image-11550\" alt=\"Chacka de la garganta - Vishudda\" src=\"https:\/\/www.paulonogueiraterapias.com\/wp-content\/uploads\/2012\/12\/200px-Vishuddhi_blue.svg_-150x150.png\" width=\"150\" height=\"150\" srcset=\"https:\/\/www.paulonogueiraterapias.com\/wp-content\/uploads\/2012\/12\/200px-Vishuddhi_blue.svg_-150x150.png 150w, https:\/\/www.paulonogueiraterapias.com\/wp-content\/uploads\/2012\/12\/200px-Vishuddhi_blue.svg_-100x100.png 100w, https:\/\/www.paulonogueiraterapias.com\/wp-content\/uploads\/2012\/12\/200px-Vishuddhi_blue.svg_.png 200w\" sizes=\"auto, (max-width: 150px) 100vw, 150px\" \/><\/a><figcaption id=\"caption-attachment-11550\" class=\"wp-caption-text\">Chakra de la garganta &#8211; Vishudda<\/figcaption><\/figure>\n<p><strong>Ubicaci\u00f3n:<\/strong> Garganta<br \/>\n<strong>Mantra:<\/strong> Jam\u00f3n<br \/>\n<strong>P\u00e9talos:<\/strong> 16<br \/>\n<strong>Color:<\/strong> Azul claro<br \/>\n<strong>Elemento:<\/strong> \u00c9ter<\/p>\n<h2>Chakra de la intuici\u00f3n &#8211; Ajna<\/h2>\n<figure id=\"attachment_11552\" aria-describedby=\"caption-attachment-11552\" style=\"width: 150px\" class=\"wp-caption aligncenter\"><a href=\"https:\/\/www.paulonogueiraterapias.com\/chakras\/200px-ajna-svg\/\" rel=\"attachment wp-att-262\"><img loading=\"lazy\" decoding=\"async\" class=\"size-thumbnail wp-image-11552\" alt=\"Chacka de la intuici\u00f3n - Ajna\" src=\"https:\/\/www.paulonogueiraterapias.com\/wp-content\/uploads\/2012\/12\/200px-Ajna.svg_-150x89.png\" width=\"150\" height=\"89\"><\/a><figcaption id=\"caption-attachment-11552\" class=\"wp-caption-text\">Chakra de la intuici\u00f3n &#8211; Ajna<\/figcaption><\/figure>\n<p><strong>Localizaci\u00f3n:<\/strong> Punto entre las cejas<br \/>\n<strong>Mantra:<\/strong> Om<br \/>\n<strong>P\u00e9talos:<\/strong> 2<br \/>\n<strong>Color:<\/strong> \u00cdndigo<br \/>\n<strong>Elemento:<\/strong> Todos los elementos<\/p>\n<h2>Chakra de la corona &#8211; Sahasrara<\/h2>\n<figure id=\"attachment_11554\" aria-describedby=\"caption-attachment-11554\" style=\"width: 150px\" class=\"wp-caption aligncenter\"><a href=\"https:\/\/www.paulonogueiraterapias.com\/chakras\/200px-sahasrara-svg\/\" rel=\"attachment wp-att-263\"><img loading=\"lazy\" decoding=\"async\" class=\"size-thumbnail wp-image-11554\" alt=\"Corona chacka - Sahasrara\" src=\"https:\/\/www.paulonogueiraterapias.com\/wp-content\/uploads\/2012\/12\/200px-Sahasrara.svg_-150x150.png\" width=\"150\" height=\"150\" srcset=\"https:\/\/www.paulonogueiraterapias.com\/wp-content\/uploads\/2012\/12\/200px-Sahasrara.svg_-150x150.png 150w, https:\/\/www.paulonogueiraterapias.com\/wp-content\/uploads\/2012\/12\/200px-Sahasrara.svg_-100x100.png 100w, https:\/\/www.paulonogueiraterapias.com\/wp-content\/uploads\/2012\/12\/200px-Sahasrara.svg_.png 200w\" sizes=\"auto, (max-width: 150px) 100vw, 150px\" \/><\/a><figcaption id=\"caption-attachment-11554\" class=\"wp-caption-text\">Chakra de la corona &#8211; Sahasrara<\/figcaption><\/figure>\n<p><strong>Ubicaci\u00f3n:<\/strong> En la parte superior de la cabeza<br \/>\n<strong>Mantra:<\/strong> Aum<br \/>\n<strong>P\u00e9talos:<\/strong> 1000<br \/>\n<strong>Color:<\/strong> Violeta<br \/>\n<strong>Elemento:<\/strong> Todos los elementos<\/p>\n<\/div>\n","protected":false},"excerpt":{"rendered":"<p>Los chakras son centros energ\u00e9ticos que captan, almacenan y distribuyen el prana (energ\u00eda vital). Chakra ra\u00edz &#8211; Muladhara Ubicaci\u00f3n: Basede la columna vertebral Mantra: Lam P\u00e9talos: 4 Color: Rojo Elemento: [&hellip;]<\/p>\n","protected":false},"author":1,"featured_media":0,"comment_status":"closed","ping_status":"open","sticky":false,"template":"","format":"standard","meta":{"om_disable_all_campaigns":false,"_mi_skip_tracking":false,"site-sidebar-layout":"default","site-content-layout":"","ast-site-content-layout":"default","site-content-style":"default","site-sidebar-style":"default","ast-global-header-display":"","ast-banner-title-visibility":"","ast-main-header-display":"","ast-hfb-above-header-display":"","ast-hfb-below-header-display":"","ast-hfb-mobile-header-display":"","site-post-title":"","ast-breadcrumbs-content":"","ast-featured-img":"","footer-sml-layout":"","ast-disable-related-posts":"","theme-transparent-header-meta":"","adv-header-id-meta":"","stick-header-meta":"","header-above-stick-meta":"","header-main-stick-meta":"","header-below-stick-meta":"","astra-migrate-meta-layouts":"default","ast-page-background-enabled":"default","ast-page-background-meta":{"desktop":{"background-color":"var(--ast-global-color-5)","background-image":"","background-repeat":"repeat","background-position":"center center","background-size":"auto","background-attachment":"scroll","background-type":"","background-media":"","overlay-type":"","overlay-color":"","overlay-opacity":"","overlay-gradient":""},"tablet":{"background-color":"","background-image":"","background-repeat":"repeat","background-position":"center center","background-size":"auto","background-attachment":"scroll","background-type":"","background-media":"","overlay-type":"","overlay-color":"","overlay-opacity":"","overlay-gradient":""},"mobile":{"background-color":"","background-image":"","background-repeat":"repeat","background-position":"center center","background-size":"auto","background-attachment":"scroll","background-type":"","background-media":"","overlay-type":"","overlay-color":"","overlay-opacity":"","overlay-gradient":""}},"ast-content-background-meta":{"desktop":{"background-color":"var(--ast-global-color-4)","background-image":"","background-repeat":"repeat","background-position":"center center","background-size":"auto","background-attachment":"scroll","background-type":"","background-media":"","overlay-type":"","overlay-color":"","overlay-opacity":"","overlay-gradient":""},"tablet":{"background-color":"var(--ast-global-color-4)","background-image":"","background-repeat":"repeat","background-position":"center center","background-size":"auto","background-attachment":"scroll","background-type":"","background-media":"","overlay-type":"","overlay-color":"","overlay-opacity":"","overlay-gradient":""},"mobile":{"background-color":"var(--ast-global-color-4)","background-image":"","background-repeat":"repeat","background-position":"center center","background-size":"auto","background-attachment":"scroll","background-type":"","background-media":"","overlay-type":"","overlay-color":"","overlay-opacity":"","overlay-gradient":""}},"footnotes":""},"categories":[245,254,236],"tags":[],"class_list":["post-14746","post","type-post","status-publish","format-standard","hentry","category-lectura-del-aura","category-meditacion","category-sabiduria"],"aioseo_notices":[],"_links":{"self":[{"href":"https:\/\/www.paulonogueiraterapias.com\/es\/wp-json\/wp\/v2\/posts\/14746","targetHints":{"allow":["GET"]}}],"collection":[{"href":"https:\/\/www.paulonogueiraterapias.com\/es\/wp-json\/wp\/v2\/posts"}],"about":[{"href":"https:\/\/www.paulonogueiraterapias.com\/es\/wp-json\/wp\/v2\/types\/post"}],"author":[{"embeddable":true,"href":"https:\/\/www.paulonogueiraterapias.com\/es\/wp-json\/wp\/v2\/users\/1"}],"replies":[{"embeddable":true,"href":"https:\/\/www.paulonogueiraterapias.com\/es\/wp-json\/wp\/v2\/comments?post=14746"}],"version-history":[{"count":0,"href":"https:\/\/www.paulonogueiraterapias.com\/es\/wp-json\/wp\/v2\/posts\/14746\/revisions"}],"wp:attachment":[{"href":"https:\/\/www.paulonogueiraterapias.com\/es\/wp-json\/wp\/v2\/media?parent=14746"}],"wp:term":[{"taxonomy":"category","embeddable":true,"href":"https:\/\/www.paulonogueiraterapias.com\/es\/wp-json\/wp\/v2\/categories?post=14746"},{"taxonomy":"post_tag","embeddable":true,"href":"https:\/\/www.paulonogueiraterapias.com\/es\/wp-json\/wp\/v2\/tags?post=14746"}],"curies":[{"name":"wp","href":"https:\/\/api.w.org\/{rel}","templated":true}]}}