{"id":19517,"date":"2026-03-09T19:05:55","date_gmt":"2026-03-09T19:05:55","guid":{"rendered":"https:\/\/www.paulonogueiraterapias.com\/?p=19517"},"modified":"2026-03-09T19:09:03","modified_gmt":"2026-03-09T19:09:03","slug":"imaginacao-ativa","status":"publish","type":"post","link":"https:\/\/www.paulonogueiraterapias.com\/en\/imaginacao-ativa\/","title":{"rendered":"Imagina\u00e7\u00e3o Ativa"},"content":{"rendered":"\n<p>A imagina\u00e7\u00e3o ativa, tal como foi concebida e praticada por Carl Gustav Jung, \u00e9 uma das ferramentas mais profundas e ousadas de toda a psicologia anal\u00edtica. Ao contr\u00e1rio de muitas t\u00e9cnicas modernas de \u201cvisualiza\u00e7\u00e3o criativa\u201d, o seu prop\u00f3sito n\u00e3o \u00e9 simplesmente \u201cimaginar coisas boas\u201d para atrair resultados desejados, mas <strong>entrar num di\u00e1logo transformador com o inconsciente<\/strong>, permitindo que imagens, figuras e cenas interiores ganhem voz pr\u00f3pria e nos revelem aquilo que a nossa consci\u00eancia ainda n\u00e3o sabe sobre si mesma.<\/p>\n\n\n\n<p>Jung desenvolveu essa pr\u00e1tica num per\u00edodo de crise pessoal intensa, que ficou registado no <em>Livro Vermelho<\/em> (<em>Red Book<\/em>). Entre 1913 e 1930, ele \u201cdesceu\u201d deliberadamente \u00e0s profundezas da sua psique, acompanhando vis\u00f5es, sonhos diurnos e di\u00e1logos com figuras interiores como Philemon e Salom\u00e9, e deu forma a esse material em texto e pintura. Desse trabalho nasceu, em grande parte, a teoria dos arqu\u00e9tipos, do inconsciente coletivo e da individua\u00e7\u00e3o. A imagina\u00e7\u00e3o ativa n\u00e3o \u00e9, portanto, um adere\u00e7o lateral da psicologia anal\u00edtica, mas um dos seus <strong>laborat\u00f3rios centrais<\/strong>.<\/p>\n\n\n\n<p>O objetivo deste artigo \u00e9, \u00e0 luz da psicologia anal\u00edtica, expor de forma profunda e exaustiva:<\/p>\n\n\n\n<ul class=\"wp-block-list\">\n<li>Os fundamentos te\u00f3ricos da imagina\u00e7\u00e3o ativa;<\/li>\n\n\n\n<li>A forma como Jung a concebia e recomendava;<\/li>\n\n\n\n<li>As suas etapas pr\u00e1ticas, variantes e aplica\u00e7\u00f5es;<\/li>\n\n\n\n<li>As advert\u00eancias e limites de uso;<\/li>\n\n\n\n<li>A sua dimens\u00e3o simultaneamente acad\u00e9mica e espiritual \u2013 como m\u00e9todo de investiga\u00e7\u00e3o da psique e como via de encontro com a alma.<\/li>\n<\/ul>\n\n\n\n<hr class=\"wp-block-separator has-alpha-channel-opacity\"\/>\n\n\n\n<h2 class=\"wp-block-heading\" id=\"1-fundamentos-tericos-por-que-a-imaginao-ativa--ne\">1. Fundamentos te\u00f3ricos: por que a imagina\u00e7\u00e3o ativa \u00e9 necess\u00e1ria?<\/h2>\n\n\n\n<h2 class=\"wp-block-heading\" id=\"11-consciente-inconsciente-e-funo-transcendente\">1.1. Consciente, inconsciente e fun\u00e7\u00e3o transcendente<\/h2>\n\n\n\n<p>Para Jung, a psique humana est\u00e1 estruturada em diferentes n\u00edveis: consci\u00eancia (centrada no ego), inconsciente pessoal (complexos, mem\u00f3rias reprimidas) e inconsciente coletivo (arqu\u00e9tipos). A rela\u00e7\u00e3o entre consciente e inconsciente \u00e9 marcada por <strong>tens\u00f5es de opostos<\/strong>: raz\u00e3o e sentimento, persona e sombra, masculino e feminino internos, estabilidade e mudan\u00e7a.<\/p>\n\n\n\n<p>Normalmente, essas tens\u00f5es manifestam-se em:<\/p>\n\n\n\n<ul class=\"wp-block-list\">\n<li>Sonhos;<\/li>\n\n\n\n<li>Sintomas neur\u00f3ticos;<\/li>\n\n\n\n<li>Conflitos emocionais;<\/li>\n\n\n\n<li>Rea\u00e7\u00f5es desproporcionais;<\/li>\n\n\n\n<li>Fantasias insistentes;<\/li>\n\n\n\n<li>Estados de humor \u201cirracionais\u201d.<\/li>\n<\/ul>\n\n\n\n<p>Para Jung, a sa\u00fade psicol\u00f3gica n\u00e3o vem de eliminar o inconsciente, mas de <strong>criar uma ponte viva entre consciente e inconsciente<\/strong>. Ele chamou \u201cfun\u00e7\u00e3o transcendente\u201d ao processo pelo qual um terceiro elemento, novo, emerge da confronta\u00e7\u00e3o honesta entre esses polos \u2013 algo que n\u00e3o \u00e9 nem pura imposi\u00e7\u00e3o do ego, nem pura invas\u00e3o do inconsciente, mas uma s\u00edntese mais ampla.<\/p>\n\n\n\n<p>A imagina\u00e7\u00e3o ativa \u00e9 precisamente um <strong>m\u00e9todo para ativar a fun\u00e7\u00e3o transcendente<\/strong>: ao dar forma e voz \u00e0s imagens do inconsciente, sob a observa\u00e7\u00e3o consciente, promove-se uma esp\u00e9cie de alquimia ps\u00edquica em que opostos se encontram e algo novo pode nascer.<\/p>\n\n\n\n<h2 class=\"wp-block-heading\" id=\"12-deixar-o-inconsciente-falar-mais-do-que-analisa\">1.2. Deixar o inconsciente \u201cfalar\u201d: mais do que analisar sonhos<\/h2>\n\n\n\n<p>Jung considerava a interpreta\u00e7\u00e3o de sonhos um caminho central para ouvir o inconsciente. Mas ele tamb\u00e9m observou que, muitas vezes, an\u00e1lise de sonhos por si s\u00f3 chegava a um impasse: o sonho era enigm\u00e1tico, ou a compreens\u00e3o intelectual n\u00e3o produzia transforma\u00e7\u00e3o efetiva.<\/p>\n\n\n\n<p>A imagina\u00e7\u00e3o ativa entra a\u00ed:<\/p>\n\n\n\n<ul class=\"wp-block-list\">\n<li>Em vez de se limitar a analisar passivamente o sonho, o sujeito <strong>reencontra, em vig\u00edlia, as imagens on\u00edricas<\/strong> e dialoga com elas.<\/li>\n\n\n\n<li>Ou, mesmo sem sonho, toma um afeto intenso (medo, tristeza, raiva, fasc\u00ednio) como ponto de partida e permite que dele surjam imagens espont\u00e2neas.<\/li>\n<\/ul>\n\n\n\n<p>Dessa forma, o inconsciente deixa de ser apenas \u201cobjeto de estudo\u201d e torna-se <strong>interlocutor vivo<\/strong>. Numa famosa carta, Jung descreve o processo assim:<\/p>\n\n\n\n<blockquote class=\"wp-block-quote is-layout-flow wp-block-quote-is-layout-flow\">\n<p>\u201cTu n\u00e3o apenas analisas o teu inconsciente, como tamb\u00e9m d\u00e1s ao teu inconsciente uma oportunidade de te analisar; e, com isso, vais gradualmente criando a unidade de consciente e inconsciente, sem a qual n\u00e3o h\u00e1 individua\u00e7\u00e3o.\u201d<\/p>\n<\/blockquote>\n\n\n\n<p>A imagina\u00e7\u00e3o ativa \u00e9, portanto, um m\u00e9todo n\u00e3o s\u00f3 terap\u00eautico, mas <strong>gnosiol\u00f3gico<\/strong>: uma forma de conhecer a estrutura profunda da psique por experi\u00eancia direta.<\/p>\n\n\n\n<hr class=\"wp-block-separator has-alpha-channel-opacity\"\/>\n\n\n\n<h2 class=\"wp-block-heading\" id=\"2-o-que--e-o-que-no--imaginao-ativa\">2. O que \u00e9 e o que n\u00e3o \u00e9 imagina\u00e7\u00e3o ativa<\/h2>\n\n\n\n<h2 class=\"wp-block-heading\" id=\"21-diferena-entre-fantasia-passiva-e-imaginao-ativ\">2.1. Diferen\u00e7a entre fantasia passiva e imagina\u00e7\u00e3o ativa<\/h2>\n\n\n\n<p>Jung e int\u00e9rpretes posteriores insistem em distinguir:<\/p>\n\n\n\n<ul class=\"wp-block-list\">\n<li><strong>Fantasia passiva<\/strong> \u2013 devaneios, imagina\u00e7\u00e3o guiada por terceiros, visualiza\u00e7\u00f5es em que a pessoa apenas \u201cassiste\u201d a cenas mentais, sem question\u00e1-las nem relacionar-se ativamente com elas.<\/li>\n\n\n\n<li><strong>Imagina\u00e7\u00e3o ativa<\/strong> \u2013 procedimento em que o ego <strong>participa conscientemente<\/strong>: observa, pergunta, responde, confronta, negocia com as imagens que surgem.<\/li>\n<\/ul>\n\n\n\n<p>Na fantasia passiva, a consci\u00eancia permanece num papel de espectador, como quem v\u00ea um filme. Em imagina\u00e7\u00e3o ativa, a consci\u00eancia torna-se <strong>co-protagonista<\/strong>:<br>entra na cena, dirige-se \u00e0s figuras, estabelece um di\u00e1logo, procura entender o sentido. \u00c9 um encontro \u2013 e n\u00e3o um consumo de imagens.<\/p>\n\n\n\n<h2 class=\"wp-block-heading\" id=\"22-fontes-legtimas-para-iniciar-o-processo\">2.2. Fontes leg\u00edtimas para iniciar o processo<\/h2>\n\n\n\n<p>Jung recomendava iniciar a imagina\u00e7\u00e3o ativa sempre a partir de algo que venha espontaneamente do inconsciente:<\/p>\n\n\n\n<ul class=\"wp-block-list\">\n<li>Um <strong>sonho<\/strong> especialmente forte ou recorrente;<\/li>\n\n\n\n<li>Um <strong>afeto<\/strong> (emo\u00e7\u00e3o intensa) \u2013 tristeza, raiva, medo, ci\u00fame, fasc\u00ednio;<\/li>\n\n\n\n<li>Uma <strong>fantasia involunt\u00e1ria<\/strong> (imagem ou cena que retorna repetidamente);<\/li>\n\n\n\n<li>Uma <strong>vis\u00e3o interior<\/strong> breve, um s\u00edmbolo que se imp\u00f5e.<\/li>\n<\/ul>\n\n\n\n<p>Um texto cl\u00e1ssico cita Jung:<\/p>\n\n\n\n<blockquote class=\"wp-block-quote is-layout-flow wp-block-quote-is-layout-flow\">\n<p>\u201cTome o inconsciente em uma de suas formas mais acess\u00edveis: uma fantasia espont\u00e2nea, um sonho, um estado de humor irracional, um afeto. Concentre-se nele e observe suas altera\u00e7\u00f5es objetivamente (&#8230;). A fantasia\u2011imagem tem tudo o que precisa.\u201d<\/p>\n<\/blockquote>\n\n\n\n<p>O ponto crucial aqui \u00e9: <strong>n\u00e3o se inventa o ponto de partida por capricho<\/strong>. A imagina\u00e7\u00e3o ativa come\u00e7a quando algo j\u00e1 est\u00e1 a bater \u00e0 porta da consci\u00eancia \u2013 um conte\u00fado que quer ser visto. O m\u00e9todo consiste em <strong>n\u00e3o fugir<\/strong>, mas ir ao encontro desse algo, aprofundando a rela\u00e7\u00e3o.<\/p>\n\n\n\n<hr class=\"wp-block-separator has-alpha-channel-opacity\"\/>\n\n\n\n<h2 class=\"wp-block-heading\" id=\"3-como-jung-descreve-o-mtodo-caractersticas-e-etap\">3. Como Jung descreve o m\u00e9todo: caracter\u00edsticas e etapas<\/h2>\n\n\n\n<p>Jung n\u00e3o sistematizou a imagina\u00e7\u00e3o ativa em um \u201cmanual\u201d r\u00edgido \u2013 em parte porque acreditava que o m\u00e9todo devia <strong>ajustar-se \u00e0 singularidade de cada pessoa<\/strong>. Mas \u00e9 poss\u00edvel, a partir de suas obras, cartas e do <em>Livro Vermelho<\/em>, deduzir caracter\u00edsticas e etapas centrais.<\/p>\n\n\n\n<h2 class=\"wp-block-heading\" id=\"31-requisitos-prvios-ego-forte-e-enraizamento-na-r\">3.1. Requisitos pr\u00e9vios: ego forte e enraizamento na realidade<\/h2>\n\n\n\n<p>Um ponto sublinhado repetidas vezes por Jung e por junguianos atuais \u00e9 que <strong>imagina\u00e7\u00e3o ativa n\u00e3o \u00e9 para todos, nem para qualquer momento<\/strong>.<\/p>\n\n\n\n<p>Ele alerta:<\/p>\n\n\n\n<ul class=\"wp-block-list\">\n<li>Em pessoas \u201cligeiramente patol\u00f3gicas\u201d ou com <strong>esquizofrenia latente<\/strong> ou forte disposi\u00e7\u00e3o psicop\u00e1tica, o m\u00e9todo pode ser perigoso, por basear-se numa \u201cdeliberada atenua\u00e7\u00e3o da mente consciente e do seu efeito inibit\u00f3rio\u201d \u2013 correndo-se o risco de desencadear um surto.<\/li>\n\n\n\n<li>Na presen\u00e7a de estados psic\u00f3ticos ativos, fragilidade severa do ego, uso intenso de subst\u00e2ncias, grandes desorganiza\u00e7\u00f5es de vida, a pr\u00e1tica n\u00e3o deve ser feita sem acompanhamento cl\u00ednico especializado.<\/li>\n<\/ul>\n\n\n\n<p>Al\u00e9m disso, Jung era claro: ele pr\u00f3prio s\u00f3 p\u00f4de entregar-se a esse trabalho porque tinha:<\/p>\n\n\n\n<ul class=\"wp-block-list\">\n<li>Uma vida externa estruturada (fam\u00edlia, profiss\u00e3o, atividades quotidianas);<\/li>\n\n\n\n<li>Um ego suficientemente consolidado para ir \u201cao mundo de baixo\u201d e regressar.<\/li>\n<\/ul>\n\n\n\n<p>\u00c9 essencial, portanto, enfatizar:<br><strong>imagina\u00e7\u00e3o ativa n\u00e3o \u00e9 um jogo de sal\u00e3o nem uma medita\u00e7\u00e3o \u201cleve\u201d<\/strong>. \u00c9 uma t\u00e9cnica potente que mexe com profundezas da psique e requer:<\/p>\n\n\n\n<ul class=\"wp-block-list\">\n<li>Algum grau de estabilidade emocional;<\/li>\n\n\n\n<li>Enraizamento concreto (rotina, rela\u00e7\u00f5es, responsabilidades);<\/li>\n\n\n\n<li>Disposi\u00e7\u00e3o para procurar ajuda profissional se conte\u00fados muito perturbadores emergirem.<\/li>\n<\/ul>\n\n\n\n<h2 class=\"wp-block-heading\" id=\"32-etapas-gerais-segundo-jung\">3.2. Etapas gerais segundo Jung<\/h2>\n\n\n\n<p>V\u00e1rios autores condensam o m\u00e9todo de Jung em quatro momentos b\u00e1sicos.<\/p>\n\n\n\n<ol class=\"wp-block-list\">\n<li><strong>Esvaziar a mente consciente<\/strong>\n<ul class=\"wp-block-list\">\n<li>Retirar temporariamente o foco do mundo externo (silenciar ru\u00eddos, desligar dispositivos);<\/li>\n\n\n\n<li>Relaxar o corpo e acalmar o fluxo de pensamentos, sem \u201capagar\u201d a consci\u00eancia.<\/li>\n<\/ul>\n<\/li>\n\n\n\n<li><strong>Deixar surgir uma imagem ou cena<\/strong>\n<ul class=\"wp-block-list\">\n<li>Focar na emo\u00e7\u00e3o, no sonho ou no s\u00edmbolo escolhido;<\/li>\n\n\n\n<li>Permitir que, desse foco, brote uma imagem \u2013 uma paisagem, uma figura, uma situa\u00e7\u00e3o;<\/li>\n\n\n\n<li>N\u00e3o for\u00e7ar, n\u00e3o \u201cinventar\u201d demasiado: confiar que a psique tem \u201ctudo o que precisa\u201d;<\/li>\n<\/ul>\n<\/li>\n\n\n\n<li><strong>Dar forma e dialogar<\/strong>\n<ul class=\"wp-block-list\">\n<li>Uma vez estabilizada a imagem, <strong>interagir<\/strong> com ela:\n<ul class=\"wp-block-list\">\n<li>Falar com as figuras;<\/li>\n\n\n\n<li>Fazer perguntas;<\/li>\n\n\n\n<li>Observar o que elas fazem ou dizem.<\/li>\n<\/ul>\n<\/li>\n\n\n\n<li>Jung destaca um ponto delicado: a dupla posi\u00e7\u00e3o do sujeito, que \u00e9 ao mesmo tempo <strong>observador imparcial<\/strong> e <strong>participante que sofre e age<\/strong>.<\/li>\n<\/ul>\n<\/li>\n\n\n\n<li><strong>Registar e integrar<\/strong>\n<ul class=\"wp-block-list\">\n<li>Anotar o que ocorreu (texto, desenho, m\u00fasica, movimento);<\/li>\n\n\n\n<li>Refletir depois, \u00e0 maneira da an\u00e1lise de sonhos, ampliando as imagens com refer\u00eancias a mitos, contos, experi\u00eancias pessoais;<\/li>\n\n\n\n<li>Tomar decis\u00f5es \u00e9ticas concretas \u00e0 luz do que foi descoberto.<\/li>\n<\/ul>\n<\/li>\n<\/ol>\n\n\n\n<hr class=\"wp-block-separator has-alpha-channel-opacity\"\/>\n\n\n\n<h2 class=\"wp-block-heading\" id=\"4-imaginao-ativa-na-prtica-descries-e-variaes\">4. Imagina\u00e7\u00e3o ativa na pr\u00e1tica: descri\u00e7\u00f5es e varia\u00e7\u00f5es<\/h2>\n\n\n\n<h2 class=\"wp-block-heading\">4.1. A pr\u00e1tica de Jung no <em>Red Book<\/em><\/h2>\n\n\n\n<p>Textos especializados e an\u00e1lises do <em>Red Book<\/em> descrevem como Jung praticava a imagina\u00e7\u00e3o ativa:<\/p>\n\n\n\n<ul class=\"wp-block-list\">\n<li>Sentava-se num local calmo, muitas vezes ao fim do dia;<\/li>\n\n\n\n<li>Deixava que uma imagem ou cena surgisse (por vezes ligada a sonhos);<\/li>\n\n\n\n<li>Endere\u00e7ava-se \u00e0s figuras que surgiam, escrevendo o di\u00e1logo e, mais tarde, pintando-as;<\/li>\n\n\n\n<li>Tratava essas figuras \u2013 especialmente Philemon, o \u201cVelho S\u00e1bio\u201d alado, e Salom\u00e9 \u2013 como <strong>interlocutores com ag\u00eancia pr\u00f3pria<\/strong>, n\u00e3o como simples inven\u00e7\u00f5es.<\/li>\n<\/ul>\n\n\n\n<p>Um ponto decisivo nessa pr\u00e1tica \u00e9 o reconhecimento da <strong>\u201crealidade ps\u00edquica\u201d<\/strong>: o mundo interior n\u00e3o \u00e9 meramente \u201cfantasia\u201d, mas uma realidade com leis e efeitos pr\u00f3prios. Jung n\u00e3o confundia essa realidade com a realidade f\u00edsica, mas tampouco a reduzia a \u201cimagina\u00e7\u00e3o falsa\u201d.<\/p>\n\n\n\n<h2 class=\"wp-block-heading\" id=\"42-o-mtodo-de-robert-johnson-quatro-passos\">4.2. O m\u00e9todo de Robert Johnson (quatro passos)<\/h2>\n\n\n\n<p>O analista junguiano Robert A. Johnson, em <em>Inner Work<\/em>, apresentou um m\u00e9todo de quatro etapas para tornar a imagina\u00e7\u00e3o ativa mais acess\u00edvel:<\/p>\n\n\n\n<ol class=\"wp-block-list\">\n<li><strong>Convidar uma parte do inconsciente<\/strong>\n<ul class=\"wp-block-list\">\n<li>Escolher um sonho, emo\u00e7\u00e3o ou tema.<\/li>\n\n\n\n<li>Formular, em sil\u00eancio, a inten\u00e7\u00e3o de encontrar a figura ou energia por tr\u00e1s disso.<\/li>\n<\/ul>\n<\/li>\n\n\n\n<li><strong>Dialogar ativamente<\/strong>\n<ul class=\"wp-block-list\">\n<li>Deixar que uma imagem ou personagem surja;<\/li>\n\n\n\n<li>Escrever um di\u00e1logo entre o \u201ceu\u201d e essa figura \u2013 perguntas e respostas, sem censura.<\/li>\n<\/ul>\n<\/li>\n\n\n\n<li><strong>Introduzir o elemento \u00e9tico<\/strong>\n<ul class=\"wp-block-list\">\n<li>Refletir sobre valores, consequ\u00eancias;<\/li>\n\n\n\n<li>N\u00e3o se submeter cegamente ao que a figura diz, mas avaliar \u00e0 luz de um senso interno de verdade e responsabilidade.<\/li>\n<\/ul>\n<\/li>\n\n\n\n<li><strong>Tornar concreto (ritual \/ a\u00e7\u00e3o)<\/strong>\n<ul class=\"wp-block-list\">\n<li>Encarnar o \u201cessencial\u201d do encontro em uma a\u00e7\u00e3o simb\u00f3lica (desenho, gesto, pequena mudan\u00e7a de comportamento) \u2013 n\u00e3o \u201catuando literalmente a fantasia\u201d, mas integrando o seu <strong>significado<\/strong> na vida concreta.<\/li>\n<\/ul>\n<\/li>\n<\/ol>\n\n\n\n<p>Johnson sublinha que, quando bem feita, a imagina\u00e7\u00e3o ativa <strong>re\u00fane partes fragmentadas<\/strong> da psique e promove coopera\u00e7\u00e3o entre ego e inconsciente.<\/p>\n\n\n\n<h2 class=\"wp-block-heading\" id=\"43-modalidades-expressivas-escrita-arte-movimento\">4.3. Modalidades expressivas: escrita, arte, movimento<\/h2>\n\n\n\n<p>Jung e muitos analistas posteriores encorajam que o resultado da imagina\u00e7\u00e3o ativa seja expresso por meios diversos:jungplatform+1youtube+1<\/p>\n\n\n\n<ul class=\"wp-block-list\">\n<li><strong>Escrita<\/strong> \u2013 di\u00e1rios, di\u00e1logos, pequenos contos, cartas a figuras interiores;<\/li>\n\n\n\n<li><strong>Desenho e pintura<\/strong> \u2013 mandalas, cenas vividas na imagina\u00e7\u00e3o, s\u00edmbolos;<\/li>\n\n\n\n<li><strong>Modelagem<\/strong> \u2013 argila, constru\u00e7\u00f5es (como Jung fazia com pequenas constru\u00e7\u00f5es de pedra na margem do lago);<\/li>\n\n\n\n<li><strong>Movimento<\/strong> \u2013 dan\u00e7a espont\u00e2nea, gestos que traduzem o encontro;<\/li>\n\n\n\n<li><strong>M\u00fasica<\/strong> \u2013 improvisa\u00e7\u00f5es que seguem a atmosfera sentida.<\/li>\n<\/ul>\n\n\n\n<p>Cada forma refor\u00e7a, de modo diferente, a <strong>incorpora\u00e7\u00e3o<\/strong> do material inconsciente no mundo da consci\u00eancia.<\/p>\n\n\n\n<hr class=\"wp-block-separator has-alpha-channel-opacity\"\/>\n\n\n\n<h2 class=\"wp-block-heading\" id=\"5-advertncias-e-fronteiras-ticas\">5. Advert\u00eancias e fronteiras \u00e9ticas<\/h2>\n\n\n\n<h2 class=\"wp-block-heading\" id=\"51-riscos-psicolgicos\">5.1. Riscos psicol\u00f3gicos<\/h2>\n\n\n\n<p>Fontes junguianas e comentadores contempor\u00e2neos salientam riscos potenciais da imagina\u00e7\u00e3o ativa quando mal compreendida ou aplicada:<\/p>\n\n\n\n<ol class=\"wp-block-list\">\n<li><strong>Infla\u00e7\u00e3o arquet\u00edpica<\/strong>\n<ul class=\"wp-block-list\">\n<li>Identifica\u00e7\u00e3o do ego com uma figura arquet\u00edpica (por exemplo, crer literalmente que \u00e9 Cristo, um salvador, um grande mago).<\/li>\n\n\n\n<li>Isso leva a megalomania, perda de senso cr\u00edtico, ruptura com a realidade compartilhada.<\/li>\n<\/ul>\n<\/li>\n\n\n\n<li><strong>Dissocia\u00e7\u00e3o e psicose<\/strong>\n<ul class=\"wp-block-list\">\n<li>Em pessoas com vulnerabilidade psic\u00f3tica, a \u201cdeliberada atenua\u00e7\u00e3o\u201d do controle consciente pode desencadear estados de confus\u00e3o, vozes internas incontrol\u00e1veis, perda de fronteiras entre realidade interna e externa.<\/li>\n<\/ul>\n<\/li>\n\n\n\n<li><strong>Fuga da realidade<\/strong>\n<ul class=\"wp-block-list\">\n<li>Uso da imagina\u00e7\u00e3o ativa como ref\u00fagio para n\u00e3o enfrentar problemas concretos (trabalho, rela\u00e7\u00f5es, responsabilidades), transformando a pr\u00e1tica numa esp\u00e9cie de depend\u00eancia de fantasia.<\/li>\n<\/ul>\n<\/li>\n<\/ol>\n\n\n\n<p>Por isso, Jung falava de \u201cadvert\u00eancia contra a aplica\u00e7\u00e3o irrefletida\u201d da imagina\u00e7\u00e3o ativa, insistindo que em certos casos ela <strong>requeria supervis\u00e3o de um analista experiente<\/strong>.<\/p>\n\n\n\n<h2 class=\"wp-block-heading\" id=\"52-recomendaes-de-segurana\">5.2. Recomenda\u00e7\u00f5es de seguran\u00e7a<\/h2>\n\n\n\n<p>Guias contempor\u00e2neos, alinhados com o esp\u00edrito de Jung, oferecem algumas indica\u00e7\u00f5es e contra-indica\u00e7\u00f5es:<\/p>\n\n\n\n<p><strong>Fazer:<\/strong><\/p>\n\n\n\n<ul class=\"wp-block-list\">\n<li>Garantir que h\u00e1 um m\u00ednimo de estabilidade emocional e de vida;<\/li>\n\n\n\n<li>Come\u00e7ar sempre a partir de material genu\u00edno (sonho, afeto, imagem insistente), n\u00e3o por mera curiosidade;<\/li>\n\n\n\n<li>Limitar o tempo de pr\u00e1tica (por exemplo, 20\u201340 minutos), retornando depois \u00e0 realidade com atividades concretas;<\/li>\n\n\n\n<li>Registar por escrito ou em arte, e refletir posteriormente;<\/li>\n\n\n\n<li>Buscar apoio profissional se conte\u00fados muito pesados, traumas intensos ou sinais de perda de realidade surgirem.<\/li>\n<\/ul>\n\n\n\n<p><strong>Evitar:<\/strong><\/p>\n\n\n\n<ul class=\"wp-block-list\">\n<li>Praticar em estados de intoxica\u00e7\u00e3o (\u00e1lcool, drogas);<\/li>\n\n\n\n<li>For\u00e7ar imagens ou \u201cbrincar de m\u00e9dium\u201d (especialmente com mortos), como Jung alertou em cartas espec\u00edficas;<\/li>\n\n\n\n<li>Fazer da imagina\u00e7\u00e3o ativa um espet\u00e1culo a ser exibido para convencer outros;<\/li>\n\n\n\n<li>Continuar insistindo se a pr\u00e1tica agrava de forma significativa ansiedade, depress\u00e3o ou desorganiza\u00e7\u00e3o.<\/li>\n<\/ul>\n\n\n\n<hr class=\"wp-block-separator has-alpha-channel-opacity\"\/>\n\n\n\n<h2 class=\"wp-block-heading\" id=\"6-dimenso-espiritual-dilogo-com-a-alma-e-com-o-mun\">6. Dimens\u00e3o espiritual: di\u00e1logo com a alma e com o \u201cmundo imaginal\u201d<\/h2>\n\n\n\n<p>Embora Jung mantivesse linguagem acad\u00e9mica e evitasse alinhar-se com doutrinas religiosas espec\u00edficas, a experi\u00eancia da imagina\u00e7\u00e3o ativa tem uma dimens\u00e3o claramente <strong>espiritual<\/strong>:<\/p>\n\n\n\n<ul class=\"wp-block-list\">\n<li>Toca em figuras que muitas tradi\u00e7\u00f5es chamariam \u201canjos\u201d, \u201cdem\u00f3nios\u201d, \u201cesp\u00edritos\u201d, \u201cguias\u201d, mas que Jung compreendia como <strong>personifica\u00e7\u00f5es de for\u00e7as ps\u00edquicas arquet\u00edpicas<\/strong>;\u200b<\/li>\n\n\n\n<li>Conduz a encontros com um \u201cmestre interior\u201d (Velho S\u00e1bio, Self), experi\u00eancias de sentido, vis\u00f5es de totalidade (mandalas) e insights de ordem \u00e9tica profunda.<\/li>\n<\/ul>\n\n\n\n<p>Num texto sobre o <em>Red Book<\/em>, analistas descrevem como Jung tratava as figuras interiores n\u00e3o como simples met\u00e1foras, mas como \u201cguia espirituais internos com ag\u00eancia pr\u00f3pria\u201d, habitando um dom\u00ednio intermedi\u00e1rio que Henry Corbin chamou de <em>mundus imaginalis<\/em> \u2013 mundo imaginal, com realidade pr\u00f3pria, embora n\u00e3o f\u00edsica.<\/p>\n\n\n\n<p>Para a psicologia anal\u00edtica, isso n\u00e3o \u00e9 supersti\u00e7\u00e3o, mas reconhecimento de que:<\/p>\n\n\n\n<ul class=\"wp-block-list\">\n<li>O ps\u00edquico tem <strong>realidade ontol\u00f3gica<\/strong> \u2013 produz efeitos, organiza a experi\u00eancia;<\/li>\n\n\n\n<li>As figuras da imagina\u00e7\u00e3o ativa s\u00e3o <strong>\u201coutras cenas\u201d onde partes da alma se encontram<\/strong>;<\/li>\n\n\n\n<li>O di\u00e1logo com essas figuras \u00e9 forma de escutar a <strong>sabedoria profunda<\/strong> que o ego n\u00e3o criou, mas pode aprender a honrar.<\/li>\n<\/ul>\n\n\n\n<p>Assim, a imagina\u00e7\u00e3o ativa situa-se num cruzamento entre:<\/p>\n\n\n\n<ul class=\"wp-block-list\">\n<li>M\u00e9todo cl\u00ednico (introspe\u00e7\u00e3o rigorosa, an\u00e1lise simb\u00f3lica)<br>e<\/li>\n\n\n\n<li>Pr\u00e1tica contemplativa (descida \u00e0 alma, busca de sentido, contacto com um \u201ccentro sagrado\u201d interior).<\/li>\n<\/ul>\n\n\n\n<hr class=\"wp-block-separator has-alpha-channel-opacity\"\/>\n\n\n\n<h2 class=\"wp-block-heading\" id=\"7-aplicaes-tpicas-sombra-criana-interior-animaanim\">7. Aplica\u00e7\u00f5es t\u00edpicas: Sombra, crian\u00e7a interior, anima\/animus, complexos<\/h2>\n\n\n\n<h2 class=\"wp-block-heading\" id=\"71-integrao-da-sombra\">7.1. Integra\u00e7\u00e3o da Sombra<\/h2>\n\n\n\n<p>A Sombra \u00e9 frequentemente a primeira grande regi\u00e3o visitada pela imagina\u00e7\u00e3o ativa:<\/p>\n\n\n\n<ul class=\"wp-block-list\">\n<li>Figuras hostis, cr\u00edticas, aterrorizantes, aparecendo em sonhos, podem ser <strong>convidadas<\/strong> para di\u00e1logo;<\/li>\n\n\n\n<li>Em vez de apenas combat\u00ea-las, o sujeito pergunta: \u201cQuem \u00e9s tu? O que queres? O que tens a mostrar sobre mim?\u201d<\/li>\n<\/ul>\n\n\n\n<p>Esse tipo de encontro permite:<\/p>\n\n\n\n<ul class=\"wp-block-list\">\n<li>Reconhecer impulsos agressivos, invejosos, sexuais reprimidos;<\/li>\n\n\n\n<li>Perceber talentos e for\u00e7as negligenciados (coragem, assertividade, poder de dizer n\u00e3o);<\/li>\n\n\n\n<li>Diminuir a tend\u00eancia \u00e0 proje\u00e7\u00e3o (atribuir aos outros o que est\u00e1 em si).<\/li>\n<\/ul>\n\n\n\n<p>A imagina\u00e7\u00e3o ativa cria, assim, uma \u201csala de reuni\u00f5es\u201d onde o ego pode negociar com a Sombra, transformando inimigos internos em aliados potenciais.<\/p>\n\n\n\n<h2 class=\"wp-block-heading\" id=\"72-criana-interior-e-traumas\">7.2. Crian\u00e7a interior e traumas<\/h2>\n\n\n\n<p>Estados de vulnerabilidade, vergonha e desamparo muitas vezes se condensam em imagens de <strong>crian\u00e7as feridas<\/strong>. Em imagina\u00e7\u00e3o ativa, \u00e9 poss\u00edvel:<\/p>\n\n\n\n<ul class=\"wp-block-list\">\n<li>Encontrar essa crian\u00e7a em cen\u00e1rios simb\u00f3licos (casas antigas, escolas, quartos escuros);<\/li>\n\n\n\n<li>Sentar-se com ela, ouvir a sua hist\u00f3ria, oferecer consolo e prote\u00e7\u00e3o;<\/li>\n\n\n\n<li>Tornar-se, interiormente, o \u201cadulto bom\u201d que talvez tenha faltado no passado.<\/li>\n<\/ul>\n\n\n\n<p>Este trabalho n\u00e3o substitui interven\u00e7\u00f5es terap\u00eauticas em traumas graves, mas pode ser um complemento profundo de <strong>reparentaliza\u00e7\u00e3o interna<\/strong>, dando continuidade a processos iniciados em an\u00e1lise.<\/p>\n\n\n\n<h2 class=\"wp-block-heading\" id=\"73-animaanimus-e-relaes-amorosas\">7.3. Anima\/Animus e rela\u00e7\u00f5es amorosas<\/h2>\n\n\n\n<p>Conte\u00fados relativos \u00e0 anima\/animus \u2013 imagem interna de feminino\/masculino \u2013 surgem frequentemente como:<\/p>\n\n\n\n<ul class=\"wp-block-list\">\n<li>Figuras sedutoras, idealizadas ou assustadoras;<\/li>\n\n\n\n<li>Personagens que rejeitam, encantam, traem, salvam o sujeito.<\/li>\n<\/ul>\n\n\n\n<p>Em vez de reduzir essas figuras a \u201capari\u00e7\u00f5es m\u00edsticas\u201d ou desvaloriz\u00e1-las como \u201cpura fantasia\u201d, a imagina\u00e7\u00e3o ativa permite:<\/p>\n\n\n\n<ul class=\"wp-block-list\">\n<li>Dialogar com elas: \u201cPor que me procuras? O que representas em mim? Que tipo de mulher\/homem ideal est\u00e1s a projetar para fora?\u201d<\/li>\n\n\n\n<li>Integrar, no pr\u00f3prio psiquismo, qualidades que antes eram procuradas apenas em parceiros\/as externos\/as (intui\u00e7\u00e3o, ternura, firmeza, clareza de vis\u00e3o).<\/li>\n<\/ul>\n\n\n\n<p>Esse processo tende a:<\/p>\n\n\n\n<ul class=\"wp-block-list\">\n<li>Diminuir depend\u00eancia afetiva e proje\u00e7\u00e3o massiva em parceiros;<\/li>\n\n\n\n<li>Preparar terreno para rela\u00e7\u00f5es mais realistas e maturecidas.<\/li>\n<\/ul>\n\n\n\n<h2 class=\"wp-block-heading\" id=\"74-complexos-autnomos-vozes-internas-e-padres-repe\">7.4. Complexos aut\u00f3nomos: vozes internas e padr\u00f5es repetitivos<\/h2>\n\n\n\n<p>Complexos s\u00e3o n\u00facleos emocionais aut\u00f3nomos (por exemplo, complexo de abandono, de inferioridade, de poder). Em imagina\u00e7\u00e3o ativa, eles surgem como:<\/p>\n\n\n\n<ul class=\"wp-block-list\">\n<li>Personagens recorrentes;<\/li>\n\n\n\n<li>Cenas de humilha\u00e7\u00e3o, cr\u00edtica, persegui\u00e7\u00e3o;<\/li>\n\n\n\n<li>\u201cVozes\u201d internas com discurso pr\u00f3prio.<\/li>\n<\/ul>\n\n\n\n<p>Dialogar com essas figuras permite:<\/p>\n\n\n\n<ul class=\"wp-block-list\">\n<li>Identificar a <strong>narrativa central<\/strong> do complexo (\u201cningu\u00e9m te quer\u201d, \u201ctens de ser perfeito\u201d, \u201cn\u00e3o podes confiar em ningu\u00e9m\u201d);<\/li>\n\n\n\n<li>Contrap\u00f4-la com outras vozes internas (Self, S\u00e1bio, Pai\/M\u00e3e bons);<\/li>\n\n\n\n<li>Diminuir o dom\u00ednio das mensagens destrutivas.<\/li>\n<\/ul>\n\n\n\n<hr class=\"wp-block-separator has-alpha-channel-opacity\"\/>\n\n\n\n<h2 class=\"wp-block-heading\" id=\"8-integrao-e-tica-o-que-fazer-com-o-que-se-descobr\">8. Integra\u00e7\u00e3o e \u00e9tica: o que fazer com o que se descobre?<\/h2>\n\n\n\n<p>Jung e Johnson enfatizam que a imagina\u00e7\u00e3o ativa <strong>n\u00e3o termina na sess\u00e3o interior<\/strong>. Sem integra\u00e7\u00e3o, ela arrisca tornar-se mera curiosidade ou fuga. A integra\u00e7\u00e3o passa por tr\u00eas movimentos:<\/p>\n\n\n\n<h2 class=\"wp-block-heading\" id=\"81-amplificao-e-reflexo-simblica\">8.1. Amplifica\u00e7\u00e3o e reflex\u00e3o simb\u00f3lica<\/h2>\n\n\n\n<p>Ap\u00f3s a experi\u00eancia, \u00e9 importante:<\/p>\n\n\n\n<ul class=\"wp-block-list\">\n<li>Rel\u00ea-la como se rel\u00ea um sonho;<\/li>\n\n\n\n<li>Relacionar as imagens com mitos, contos, tradi\u00e7\u00f5es religiosas, obras de arte (t\u00e9cnica de amplifica\u00e7\u00e3o);<\/li>\n\n\n\n<li>Ver paralelos em situa\u00e7\u00f5es da vida concreta (trabalho, fam\u00edlia, relacionamentos).<\/li>\n<\/ul>\n\n\n\n<p>Esta reflex\u00e3o situa o material individual num pano de fundo maior, mostrando que as dores e lutas pessoais fazem parte de <strong>dramas humanos universais<\/strong>.<\/p>\n\n\n\n<h2 class=\"wp-block-heading\" id=\"82-confronto-tico\">8.2. Confronto \u00e9tico<\/h2>\n\n\n\n<p>Imagina\u00e7\u00e3o ativa n\u00e3o \u00e9 licen\u00e7a para \u201cfazer o que se quer\u201d porque \u201co inconsciente mandou\u201d. Jung insiste no <strong>elemento \u00e9tico<\/strong>:<\/p>\n\n\n\n<ul class=\"wp-block-list\">\n<li>N\u00e3o se deve agir literalmente segundo ordens de uma figura interior (por exemplo, uma voz que incita \u00e0 vingan\u00e7a ou destrui\u00e7\u00e3o);<\/li>\n\n\n\n<li>O ego \u00e9 respons\u00e1vel por avaliar as mensagens e decidir o que, disso, pode ser vivido de forma construtiva.<\/li>\n<\/ul>\n\n\n\n<p>Johnson fala em \u201cadicionar o elemento de valores\u201d: perguntar, por exemplo:<\/p>\n\n\n\n<ul class=\"wp-block-list\">\n<li>\u201cEsta orienta\u00e7\u00e3o \u00e9 coerente com o respeito por mim e pelos outros?\u201d<\/li>\n\n\n\n<li>\u201cH\u00e1 forma simb\u00f3lica e n\u00e3o literal de viver essa energia?\u201d<\/li>\n<\/ul>\n\n\n\n<h2 class=\"wp-block-heading\" id=\"83-encarnar-a-essncia-em-aes\">8.3. Encarnar a ess\u00eancia em a\u00e7\u00f5es<\/h2>\n\n\n\n<p>Por fim, \u00e9 preciso <strong>materializar o essencial<\/strong> do que foi aprendido, n\u00e3o a forma. Johnson diz:<\/p>\n\n\n\n<blockquote class=\"wp-block-quote is-layout-flow wp-block-quote-is-layout-flow\">\n<p>\u201cEncarnar a imagina\u00e7\u00e3o n\u00e3o significa atuar literalmente as fantasias, mas tomar a <em>ess\u00eancia<\/em> \u2014 o significado, o insight \u2014 e incorpor\u00e1-la em a\u00e7\u00e3o f\u00edsica ou mudan\u00e7a pr\u00e1tica de vida.\u201d<\/p>\n<\/blockquote>\n\n\n\n<p>Exemplos:<\/p>\n\n\n\n<ul class=\"wp-block-list\">\n<li>Se uma cena de imagina\u00e7\u00e3o ativa mostra a necessidade de proteger o pr\u00f3prio espa\u00e7o, a a\u00e7\u00e3o concreta pode ser estabelecer um limite numa rela\u00e7\u00e3o, reorganizar a casa, cuidar melhor do corpo.<\/li>\n\n\n\n<li>Se o encontro \u00e9 com uma crian\u00e7a ferida, a integra\u00e7\u00e3o pode envolver reduzir a autoexig\u00eancia, permitir-se descanso, buscar rela\u00e7\u00f5es mais ternas.<\/li>\n<\/ul>\n\n\n\n<p>Assim, a imagina\u00e7\u00e3o ativa deixa de ser mero \u201cespet\u00e1culo interno\u201d e torna-se <strong>motor de individua\u00e7\u00e3o<\/strong>, afetando escolhas reais.<\/p>\n\n\n\n<hr class=\"wp-block-separator has-alpha-channel-opacity\"\/>\n\n\n\n<h2 class=\"wp-block-heading\" id=\"9-esboo-de-um-protocolo-responsvel-de-imaginao-ati\">9. Esbo\u00e7o de um protocolo respons\u00e1vel de imagina\u00e7\u00e3o ativa<\/h2>\n\n\n\n<p>Sem a pretens\u00e3o de substituir orienta\u00e7\u00e3o cl\u00ednica, pode-se delinear um protocolo m\u00ednimo, inspirado em Jung e em analistas posteriores:<\/p>\n\n\n\n<ol class=\"wp-block-list\">\n<li><strong>Avalia\u00e7\u00e3o pr\u00e9via<\/strong>\n<ul class=\"wp-block-list\">\n<li>Pergunta-te:\n<ul class=\"wp-block-list\">\n<li>Tenho hist\u00f3rico de psicose, surtos, desrealiza\u00e7\u00e3o intensa?<\/li>\n\n\n\n<li>Estou em estado emocional t\u00e3o fr\u00e1gil que mal consigo lidar com o dia-a-dia?<\/li>\n<\/ul>\n<\/li>\n\n\n\n<li>Se sim, \u00e9 prudente <strong>n\u00e3o praticar sozinho<\/strong> e buscar apoio profissional.<\/li>\n<\/ul>\n<\/li>\n\n\n\n<li><strong>Escolha do ponto de partida<\/strong>\n<ul class=\"wp-block-list\">\n<li>Seleciona um sonho recente forte, ou um afeto intenso (por exemplo, ci\u00fame, medo num contexto espec\u00edfico), ou uma imagem que retorna com insist\u00eancia.<\/li>\n<\/ul>\n<\/li>\n\n\n\n<li><strong>Prepara\u00e7\u00e3o do ambiente<\/strong>\n<ul class=\"wp-block-list\">\n<li>Local calmo, tempo delimitado (por exemplo, 30 minutos);<\/li>\n\n\n\n<li>Corpo confort\u00e1vel, mas desperto;<\/li>\n\n\n\n<li>Papel e caneta por perto.<\/li>\n<\/ul>\n<\/li>\n\n\n\n<li><strong>Fase de relaxamento e focaliza\u00e7\u00e3o<\/strong>\n<ul class=\"wp-block-list\">\n<li>Respirar profundamente, soltar tens\u00f5es;<\/li>\n\n\n\n<li>Trazer \u00e0 mente o sonho, a emo\u00e7\u00e3o ou a imagem escolhida;<\/li>\n\n\n\n<li>Deixar o fluxo normal de pensamentos diminuir.<\/li>\n<\/ul>\n<\/li>\n\n\n\n<li><strong>Emerg\u00eancia da imagem<\/strong>\n<ul class=\"wp-block-list\">\n<li>Observar o que aparece na tela da mente: lugar, figuras, atmosfera;<\/li>\n\n\n\n<li>N\u00e3o for\u00e7ar, n\u00e3o dirigir demais; apenas permitir.<\/li>\n<\/ul>\n<\/li>\n\n\n\n<li><strong>Encontro e di\u00e1logo<\/strong>\n<ul class=\"wp-block-list\">\n<li>Quando uma figura se destacar (pessoa, animal, objeto animado), dirigir-lhe a palavra:\n<ul class=\"wp-block-list\">\n<li>\u201cQuem \u00e9s tu?\u201d<\/li>\n\n\n\n<li>\u201cO que queres mostrar?\u201d<\/li>\n\n\n\n<li>\u201cPor que vieste agora?\u201d<\/li>\n<\/ul>\n<\/li>\n\n\n\n<li>Deixar que ela responda espontaneamente; escrever o di\u00e1logo se ajudar a manter foco.<\/li>\n<\/ul>\n<\/li>\n\n\n\n<li><strong>Manuten\u00e7\u00e3o da dupla postura<\/strong>\n<ul class=\"wp-block-list\">\n<li>Lembrar-se de que \u00e9s, ao mesmo tempo, <strong>observador<\/strong> e <strong>participante<\/strong>;<\/li>\n\n\n\n<li>N\u00e3o te identificares totalmente com a figura (n\u00e3o \u201c\u00e9s\u201d o s\u00e1bio, o dem\u00f3nio, o her\u00f3i), mas tamb\u00e9m n\u00e3o te distanciares tanto ao ponto de reduzir tudo a \u201cteatro sem import\u00e2ncia\u201d.<\/li>\n<\/ul>\n<\/li>\n\n\n\n<li><strong>Encerramento consciente<\/strong>\n<ul class=\"wp-block-list\">\n<li>Agradecer interiormente \u00e0s figuras;<\/li>\n\n\n\n<li>Visualizar a cena a dissolver-se;<\/li>\n\n\n\n<li>Retomar aten\u00e7\u00e3o para o corpo, o ambiente, sensa\u00e7\u00f5es f\u00edsicas;<\/li>\n\n\n\n<li>Anotar imediatamente o que se passou.<\/li>\n<\/ul>\n<\/li>\n\n\n\n<li><strong>Reflex\u00e3o posterior<\/strong>\n<ul class=\"wp-block-list\">\n<li>Ap\u00f3s algum tempo, ler o registo;<\/li>\n\n\n\n<li>Analisar simbolicamente (como sonho), ampliando com mitos, filmes, experi\u00eancias de vida;<\/li>\n\n\n\n<li>Decidir uma ou duas pequenas a\u00e7\u00f5es concretas em resposta ao que foi aprendido.<\/li>\n<\/ul>\n<\/li>\n\n\n\n<li><strong>Periodicidade e ritmo<\/strong>\n<ul class=\"wp-block-list\">\n<li>N\u00e3o transformar a pr\u00e1tica em obsess\u00e3o di\u00e1ria longa;<\/li>\n\n\n\n<li>Espa\u00e7ar sess\u00f5es, observar efeitos ao longo do tempo;<\/li>\n\n\n\n<li>Integrar a imagina\u00e7\u00e3o ativa numa rotina que inclua trabalho, rela\u00e7\u00f5es, lazer, cuidado f\u00edsico.<\/li>\n<\/ul>\n<\/li>\n<\/ol>\n\n\n\n<hr class=\"wp-block-separator has-alpha-channel-opacity\"\/>\n\n\n\n<h2 class=\"wp-block-heading\" id=\"concluso-imaginao-ativa-como-via-de-individuao\">Conclus\u00e3o: imagina\u00e7\u00e3o ativa como via de individua\u00e7\u00e3o<\/h2>\n\n\n\n<p>\u00c0 luz da psicologia anal\u00edtica, a imagina\u00e7\u00e3o ativa \u00e9 uma <strong>pr\u00e1xis de fronteira<\/strong>: situa-se entre ci\u00eancia e arte, psicoterapia e espiritualidade, introspe\u00e7\u00e3o e criatividade. Em termos acad\u00e9micos, \u00e9 um m\u00e9todo rigoroso de investiga\u00e7\u00e3o emp\u00edrica do inconsciente \u2013 produz \u201cdados\u201d sob a forma de imagens, di\u00e1logos, narrativas que podem ser analisados, comparados com mitos, cotejados com teorias.<\/p>\n\n\n\n<p>Em termos espirituais, \u00e9 uma disciplina de encontro com a alma \u2013 um descer ao \u201cmundo imaginal\u201d para escutar vozes antigas, arqu\u00e9tipos, figuras de sabedoria e de sombra, que nos falam n\u00e3o como teorias, mas como <strong>presen\u00e7as vivas<\/strong>. Jung mostrou, no <em>Red Book<\/em>, que esse caminho, quando trilhado com seriedade e humildade, pode <strong>reconfigurar profundamente a vis\u00e3o de mundo e o sentido da pr\u00f3pria exist\u00eancia<\/strong>.<\/p>\n\n\n\n<p>No entanto, a mesma for\u00e7a que torna a imagina\u00e7\u00e3o ativa t\u00e3o preciosa torna-a tamb\u00e9m perigosa quando mal utilizada: sem enraizamento, sem senso \u00e9tico, sem reconhecimento dos pr\u00f3prios limites, ela pode alimentar infla\u00e7\u00e3o, dissocia\u00e7\u00e3o, fuga da realidade.<\/p>\n\n\n\n<p>Por isso, o uso respons\u00e1vel da imagina\u00e7\u00e3o ativa pede:<\/p>\n\n\n\n<ul class=\"wp-block-list\">\n<li>Respeito pela realidade ps\u00edquica;<\/li>\n\n\n\n<li>Consci\u00eancia dos riscos;<\/li>\n\n\n\n<li>Eventual acompanhamento profissional;<\/li>\n\n\n\n<li>Integra\u00e7\u00e3o cont\u00ednua dos conte\u00fados na vida concreta.<\/li>\n<\/ul>\n\n\n\n<p>Feito assim, o m\u00e9todo deixa de ser curiosidade m\u00edstica e torna-se um dos caminhos mais diretos para aquilo que Jung considerava o n\u00facleo da psicologia anal\u00edtica: <strong>o processo de individua\u00e7\u00e3o<\/strong> \u2013 a jornada em que cada ser humano, ao dialogar com o seu inconsciente, vai-se tornando, passo a passo, aquilo que sempre esteve destinado a ser em profundidade.<\/p>\n","protected":false},"excerpt":{"rendered":"<p>A imagina\u00e7\u00e3o ativa, tal como foi concebida e praticada por Carl Gustav Jung, \u00e9 uma das ferramentas mais profundas e ousadas de toda a psicologia anal\u00edtica. Ao contr\u00e1rio de muitas [&hellip;]<\/p>\n","protected":false},"author":1,"featured_media":0,"comment_status":"open","ping_status":"open","sticky":false,"template":"","format":"standard","meta":{"om_disable_all_campaigns":false,"_mi_skip_tracking":false,"site-sidebar-layout":"default","site-content-layout":"","ast-site-content-layout":"default","site-content-style":"default","site-sidebar-style":"default","ast-global-header-display":"","ast-banner-title-visibility":"","ast-main-header-display":"","ast-hfb-above-header-display":"","ast-hfb-below-header-display":"","ast-hfb-mobile-header-display":"","site-post-title":"","ast-breadcrumbs-content":"","ast-featured-img":"","footer-sml-layout":"","ast-disable-related-posts":"","theme-transparent-header-meta":"","adv-header-id-meta":"","stick-header-meta":"","header-above-stick-meta":"","header-main-stick-meta":"","header-below-stick-meta":"","astra-migrate-meta-layouts":"default","ast-page-background-enabled":"default","ast-page-background-meta":{"desktop":{"background-color":"var(--ast-global-color-5)","background-image":"","background-repeat":"repeat","background-position":"center center","background-size":"auto","background-attachment":"scroll","background-type":"","background-media":"","overlay-type":"","overlay-color":"","overlay-opacity":"","overlay-gradient":""},"tablet":{"background-color":"","background-image":"","background-repeat":"repeat","background-position":"center center","background-size":"auto","background-attachment":"scroll","background-type":"","background-media":"","overlay-type":"","overlay-color":"","overlay-opacity":"","overlay-gradient":""},"mobile":{"background-color":"","background-image":"","background-repeat":"repeat","background-position":"center center","background-size":"auto","background-attachment":"scroll","background-type":"","background-media":"","overlay-type":"","overlay-color":"","overlay-opacity":"","overlay-gradient":""}},"ast-content-background-meta":{"desktop":{"background-color":"var(--ast-global-color-4)","background-image":"","background-repeat":"repeat","background-position":"center center","background-size":"auto","background-attachment":"scroll","background-type":"","background-media":"","overlay-type":"","overlay-color":"","overlay-opacity":"","overlay-gradient":""},"tablet":{"background-color":"var(--ast-global-color-4)","background-image":"","background-repeat":"repeat","background-position":"center center","background-size":"auto","background-attachment":"scroll","background-type":"","background-media":"","overlay-type":"","overlay-color":"","overlay-opacity":"","overlay-gradient":""},"mobile":{"background-color":"var(--ast-global-color-4)","background-image":"","background-repeat":"repeat","background-position":"center center","background-size":"auto","background-attachment":"scroll","background-type":"","background-media":"","overlay-type":"","overlay-color":"","overlay-opacity":"","overlay-gradient":""}},"footnotes":""},"categories":[498],"tags":[501],"class_list":["post-19517","post","type-post","status-publish","format-standard","hentry","category-psicologia-analitica","tag-imaginacao-ativa"],"aioseo_notices":[],"_links":{"self":[{"href":"https:\/\/www.paulonogueiraterapias.com\/en\/wp-json\/wp\/v2\/posts\/19517","targetHints":{"allow":["GET"]}}],"collection":[{"href":"https:\/\/www.paulonogueiraterapias.com\/en\/wp-json\/wp\/v2\/posts"}],"about":[{"href":"https:\/\/www.paulonogueiraterapias.com\/en\/wp-json\/wp\/v2\/types\/post"}],"author":[{"embeddable":true,"href":"https:\/\/www.paulonogueiraterapias.com\/en\/wp-json\/wp\/v2\/users\/1"}],"replies":[{"embeddable":true,"href":"https:\/\/www.paulonogueiraterapias.com\/en\/wp-json\/wp\/v2\/comments?post=19517"}],"version-history":[{"count":2,"href":"https:\/\/www.paulonogueiraterapias.com\/en\/wp-json\/wp\/v2\/posts\/19517\/revisions"}],"predecessor-version":[{"id":19519,"href":"https:\/\/www.paulonogueiraterapias.com\/en\/wp-json\/wp\/v2\/posts\/19517\/revisions\/19519"}],"wp:attachment":[{"href":"https:\/\/www.paulonogueiraterapias.com\/en\/wp-json\/wp\/v2\/media?parent=19517"}],"wp:term":[{"taxonomy":"category","embeddable":true,"href":"https:\/\/www.paulonogueiraterapias.com\/en\/wp-json\/wp\/v2\/categories?post=19517"},{"taxonomy":"post_tag","embeddable":true,"href":"https:\/\/www.paulonogueiraterapias.com\/en\/wp-json\/wp\/v2\/tags?post=19517"}],"curies":[{"name":"wp","href":"https:\/\/api.w.org\/{rel}","templated":true}]}}