{"id":19497,"date":"2026-03-09T14:25:56","date_gmt":"2026-03-09T14:25:56","guid":{"rendered":"https:\/\/www.paulonogueiraterapias.com\/?p=19497"},"modified":"2026-03-09T14:31:58","modified_gmt":"2026-03-09T14:31:58","slug":"curso-de-apometria","status":"publish","type":"post","link":"https:\/\/www.paulonogueiraterapias.com\/en\/curso-de-apometria\/","title":{"rendered":"Curso de Apometria"},"content":{"rendered":"\n<hr class=\"wp-block-separator has-alpha-channel-opacity\"\/>\n\n\n\n<h2 class=\"wp-block-heading\" id=\"viso-geral-do-curso\">Vis\u00e3o geral do curso<\/h2>\n\n\n\n<p>Este Curso de Apometria foi concebido para:<\/p>\n\n\n\n<ul class=\"wp-block-list\">\n<li>Introduzir, de forma s\u00f3lida e respons\u00e1vel, os <strong>fundamentos te\u00f3ricos e espirituais<\/strong> da Apometria.<\/li>\n\n\n\n<li>Capacitar o aluno a compreender a <strong>din\u00e2mica energ\u00e9tica e de consci\u00eancia<\/strong> envolvida nos atendimentos.<\/li>\n\n\n\n<li>Desenvolver uma postura de <strong>servi\u00e7o, \u00e9tica, humildade e amor<\/strong>, indispens\u00e1vel a qualquer trabalho espiritual.<\/li>\n\n\n\n<li>Preparar para a participa\u00e7\u00e3o, gradativa, em grupos de trabalho apom\u00e9trico devidamente estruturados.<\/li>\n<\/ul>\n\n\n\n<p>Estrutura sugerida:<\/p>\n\n\n\n<ul class=\"wp-block-list\">\n<li><strong>M\u00f3dulo 1 \u2013 Fundamentos da Apometria<\/strong><\/li>\n\n\n\n<li><strong>M\u00f3dulo 2 \u2013 Vis\u00e3o Energ\u00e9tica e Espiritual do Ser Humano<\/strong><\/li>\n\n\n\n<li><strong>M\u00f3dulo 3 \u2013 Mediunidade, Sensibilidade e Parapsiquismo<\/strong><\/li>\n\n\n\n<li><strong>M\u00f3dulo 4 \u2013 Leis Cl\u00e1ssicas da Apometria<\/strong><\/li>\n\n\n\n<li><strong>M\u00f3dulo 5 \u2013 T\u00e9cnicas B\u00e1sicas Apom\u00e9tricas<\/strong><\/li>\n\n\n\n<li><strong>M\u00f3dulo 6 \u2013 Protocolos Pr\u00e1ticos de Atendimento<\/strong><\/li>\n\n\n\n<li><strong>M\u00f3dulo 7 \u2013 Prote\u00e7\u00e3o, Seguran\u00e7a Espiritual e \u00c9tica em Grupo<\/strong><\/li>\n\n\n\n<li><strong>M\u00f3dulo 8 \u2013 Apometria Avan\u00e7ada e Integra\u00e7\u00e3o Terap\u00eautica<\/strong><\/li>\n\n\n\n<li><strong>M\u00f3dulo 9 \u2013 Crescimento Pessoal e Espiritual do Ap\u00f4metra<\/strong><\/li>\n<\/ul>\n\n\n\n<hr class=\"wp-block-separator has-alpha-channel-opacity\"\/>\n\n\n\n<h2 class=\"wp-block-heading\" id=\"mdulo-1--fundamentos-da-apometria\">M\u00d3DULO 1 \u2013 FUNDAMENTOS DA APOMETRIA<\/h2>\n\n\n\n<h2 class=\"wp-block-heading\" id=\"11--origem-e-histria-da-apometria\">1.1 \u2013 Origem e hist\u00f3ria da Apometria<\/h2>\n\n\n\n<p>Neste t\u00f3pico \u00e9 apresentada a trajet\u00f3ria hist\u00f3rica da Apometria: suas ra\u00edzes em experi\u00eancias de desdobramento da consci\u00eancia (hipnometria) realizadas pelo farmac\u00eautico Luiz Rodrigues, e a sistematiza\u00e7\u00e3o posterior feita pelo m\u00e9dico esp\u00edrita <strong>Dr. Jos\u00e9 Lacerda de Azevedo<\/strong>, no Hospital Esp\u00edrita de Porto Alegre, a partir da d\u00e9cada de 1960.<\/p>\n\n\n\n<p>Os alunos estudam:<\/p>\n\n\n\n<ul class=\"wp-block-list\">\n<li>O significado etimol\u00f3gico de \u201cApometria\u201d \u2013 do grego <em>apo<\/em> (al\u00e9m) + <em>metron<\/em> (medida), ou seja, \u201cmedir al\u00e9m\u201d, ultrapassar os limites comuns da percep\u00e7\u00e3o.<\/li>\n\n\n\n<li>O contexto em que a t\u00e9cnica surge: tentativa de lidar com casos complexos de desequil\u00edbrios espirituais, obsess\u00f5es e perturba\u00e7\u00f5es energ\u00e9ticas que n\u00e3o respondiam bem \u00e0s pr\u00e1ticas tradicionais.<\/li>\n\n\n\n<li>O papel da <strong>Casa do Jardim<\/strong>, em Porto Alegre, como ber\u00e7o de pesquisa e aplica\u00e7\u00e3o da Apometria.<\/li>\n<\/ul>\n\n\n\n<p>Objetivo espiritual deste t\u00f3pico: colocar o estudante em contato com a <strong>inten\u00e7\u00e3o original<\/strong> da Apometria \u2014 servir com amor, ampliar possibilidades de aux\u00edlio e aprofundar o entendimento sobre a intera\u00e7\u00e3o entre esp\u00edrito, mente e energia.<\/p>\n\n\n\n<hr class=\"wp-block-separator has-alpha-channel-opacity\"\/>\n\n\n\n<h2 class=\"wp-block-heading\" id=\"12--o-que--apometria-conceito-e-finalidade\">1.2 \u2013 O que \u00e9 Apometria: conceito e finalidade<\/h2>\n\n\n\n<p>Aqui o aluno constr\u00f3i uma defini\u00e7\u00e3o operacional de Apometria:<br>um <strong>conjunto de t\u00e9cnicas espirituais e energ\u00e9ticas<\/strong> que utilizam impulsos mentais (pulsos ou contagens) para facilitar o <strong>desdobramento dos corpos subtis e n\u00edveis de consci\u00eancia<\/strong>, permitindo diagn\u00f3stico e tratamento espiritual mais profundo.<\/p>\n\n\n\n<p>S\u00e3o abordados:<\/p>\n\n\n\n<ul class=\"wp-block-list\">\n<li>Apometria como <strong>t\u00e9cnica an\u00edmico\u2013medi\u00fanica<\/strong>: depende da vontade dirigida do operador e da colabora\u00e7\u00e3o de m\u00e9diuns, em sintonia com equipes espirituais.<\/li>\n\n\n\n<li>Objetivos principais:\n<ul class=\"wp-block-list\">\n<li>Harmonizar campos energ\u00e9ticos e n\u00edveis de consci\u00eancia;<\/li>\n\n\n\n<li>Auxiliar em processos obsessivos e auto-obsessivos;<\/li>\n\n\n\n<li>Favorecer a expans\u00e3o de consci\u00eancia e o autoconhecimento;<\/li>\n\n\n\n<li>Apoiar processos de cura integral (esp\u00edrito\u2013mente\u2013emo\u00e7\u00f5es), respeitando sempre os limites k\u00e1rmicos e o livre-arb\u00edtrio do atendido.<\/li>\n<\/ul>\n<\/li>\n<\/ul>\n\n\n\n<p>Enfatiza-se que <strong>Apometria n\u00e3o \u00e9 religi\u00e3o, nem doutrina fechada<\/strong>; \u00e9 uma t\u00e9cnica que pode ser praticada em diferentes linhas espiritualistas, sempre sob a \u00e9gide do amor e da caridade.<\/p>\n\n\n\n<hr class=\"wp-block-separator has-alpha-channel-opacity\"\/>\n\n\n\n<h2 class=\"wp-block-heading\" id=\"13--alcances-limites-e-responsabilidade\">1.3 \u2013 Alcances, limites e responsabilidade<\/h2>\n\n\n\n<p>Todo curso s\u00e9rio precisa come\u00e7ar pelos <strong>limites<\/strong>:<\/p>\n\n\n\n<ul class=\"wp-block-list\">\n<li>A Apometria <strong>n\u00e3o substitui<\/strong> tratamentos m\u00e9dicos, psicol\u00f3gicos ou psiqui\u00e1tricos.<\/li>\n\n\n\n<li>N\u00e3o faz promessas de cura milagrosa, nem garante resultados espec\u00edficos.<\/li>\n\n\n\n<li>Atua, segundo os seus praticantes, em planos subtis, que podem favorecer reequil\u00edbrios, mas o resultado final depende de m\u00faltiplos fatores: m\u00e9rito espiritual, escolha \u00edntima, compromisso com mudan\u00e7a de h\u00e1bitos, etc.<\/li>\n<\/ul>\n\n\n\n<p>Discute-se aqui:<\/p>\n\n\n\n<ul class=\"wp-block-list\">\n<li>O perigo de <strong>omnipot\u00eancia espiritual<\/strong>: achar que a t\u00e9cnica resolve tudo.<\/li>\n\n\n\n<li>A necessidade de encaminhar o atendido, quando necess\u00e1rio, para profissionais da sa\u00fade.<\/li>\n\n\n\n<li>A diferen\u00e7a entre <strong>ajudar<\/strong> e <strong>invadir<\/strong>: respeitar o tempo do outro, sem for\u00e7ar processos.<\/li>\n<\/ul>\n\n\n\n<p>\u00c9 um t\u00f3pico que instala, desde o in\u00edcio, uma postura de <strong>humildade, prud\u00eancia e discernimento<\/strong>, protegendo tanto o grupo quanto o assistido.<\/p>\n\n\n\n<hr class=\"wp-block-separator has-alpha-channel-opacity\"\/>\n\n\n\n<h2 class=\"wp-block-heading\" id=\"14--princpios-ticos-na-prtica-apomtrica\">1.4 \u2013 Princ\u00edpios \u00e9ticos na pr\u00e1tica apom\u00e9trica<\/h2>\n\n\n\n<p>Este t\u00f3pico aprofunda as bases \u00e9ticas:<\/p>\n\n\n\n<ul class=\"wp-block-list\">\n<li><strong>Amor e caridade<\/strong> como fundamento de todo trabalho, conforme insistem diversos grupos e autores apom\u00e9tricos..<\/li>\n\n\n\n<li>Sigilo absoluto sobre o que \u00e9 visto ou relatado em atendimentos.<\/li>\n\n\n\n<li>Proibi\u00e7\u00e3o de qualquer tipo de explora\u00e7\u00e3o financeira do sofrimento alheio.<\/li>\n\n\n\n<li>Respeito a cren\u00e7as, limites e decis\u00f5es pessoais do assistido.<\/li>\n\n\n\n<li>Proibi\u00e7\u00e3o de manipula\u00e7\u00e3o emocional, depend\u00eancia ou v\u00ednculo de poder.<\/li>\n<\/ul>\n\n\n\n<p>Prop\u00f5e-se que o grupo formule um <strong>c\u00f3digo de \u00e9tica interno<\/strong>, revisitado ao longo do curso. \u00c9 tamb\u00e9m aqui que se aborda o risco de fanatismo, de \u201cego espiritual inflado\u201d e de rivalidade entre casas ou correntes. O aluno \u00e9 convidado a alinhar-se com o prop\u00f3sito maior: <strong>servir<\/strong>.<\/p>\n\n\n\n<hr class=\"wp-block-separator has-alpha-channel-opacity\"\/>\n\n\n\n<h2 class=\"wp-block-heading\" id=\"mdulo-2--viso-energtica-e-espiritual-do-ser-humano\">M\u00d3DULO 2 \u2013 VIS\u00c3O ENERG\u00c9TICA E ESPIRITUAL DO SER HUMANO<\/h2>\n\n\n\n<h2 class=\"wp-block-heading\" id=\"21--o-homem-setenrio-e-os-corpos-sutis\">2.1 \u2013 O \u201chomem seten\u00e1rio\u201d e os corpos subtis<\/h2>\n\n\n\n<p>Inspirado em diversas tradi\u00e7\u00f5es esot\u00e9ricas e espiritualistas, o modelo do \u201chomem seten\u00e1rio\u201d v\u00ea o ser humano composto por m\u00faltiplos \u201ccorpos\u201d ou ve\u00edculos:<\/p>\n\n\n\n<ul class=\"wp-block-list\">\n<li>Corpo f\u00edsico;<\/li>\n\n\n\n<li>Corpo et\u00e9rico;<\/li>\n\n\n\n<li>Corpo astral (emocional);<\/li>\n\n\n\n<li>Corpo mental inferior;<\/li>\n\n\n\n<li>Corpo mental superior;<\/li>\n\n\n\n<li>Corpo b\u00fadico (intuitivo\u2013amoroso);<\/li>\n\n\n\n<li>Corpo \u00e1tmico (v\u00ednculo com a centelha divina, muitas vezes entendido mais como princ\u00edpio do que como corpo em si).<\/li>\n<\/ul>\n\n\n\n<p>O aluno estuda a fun\u00e7\u00e3o simb\u00f3lica de cada corpo, sua rela\u00e7\u00e3o com estados de consci\u00eancia, emo\u00e7\u00f5es e padr\u00f5es de pensamento. Entende-se que a Apometria, ao desdobrar e tratar n\u00edveis, atua predominantemente nesses ve\u00edculos subtis.<\/p>\n\n\n\n<p>Objetivo: fornecer um mapa que ajude a compreender <strong>onde<\/strong> e <strong>como<\/strong> as t\u00e9cnicas apom\u00e9tricas operam, sempre com a consci\u00eancia de que se trata de um modelo simb\u00f3lico, n\u00e3o de uma descri\u00e7\u00e3o anat\u00f3mica literal.<\/p>\n\n\n\n<hr class=\"wp-block-separator has-alpha-channel-opacity\"\/>\n\n\n\n<h2 class=\"wp-block-heading\" id=\"22--chakras-e-centros-de-fora\">2.2 \u2013 Chakras e centros de for\u00e7a<\/h2>\n\n\n\n<p>Neste t\u00f3pico s\u00e3o apresentados os <strong>chakras<\/strong> como centros energ\u00e9ticos que regulam a troca de energia entre os corpos subtis e o corpo f\u00edsico.espacohonrara.com+1<\/p>\n\n\n\n<ul class=\"wp-block-list\">\n<li>Estudo dos principais chakras (b\u00e1sico, espl\u00eanico, umbilical, card\u00edaco, lar\u00edngeo, frontal, coron\u00e1rio) e suas poss\u00edveis correla\u00e7\u00f5es com:\n<ul class=\"wp-block-list\">\n<li>Fun\u00e7\u00f5es f\u00edsicas (\u00f3rg\u00e3os, gl\u00e2ndulas);<\/li>\n\n\n\n<li>Estados emocionais;<\/li>\n\n\n\n<li>Temas existenciais (seguran\u00e7a, prazer, poder pessoal, amor, express\u00e3o, intui\u00e7\u00e3o, espiritualidade).<\/li>\n<\/ul>\n<\/li>\n<\/ul>\n\n\n\n<p>O aluno aprende a:<\/p>\n\n\n\n<ul class=\"wp-block-list\">\n<li>Reconhecer sinais de desequil\u00edbrio (por observa\u00e7\u00e3o, percep\u00e7\u00e3o intuitiva, relatos do assistido).<\/li>\n\n\n\n<li>Compreender como certas t\u00e9cnicas apom\u00e9tricas visam harmonizar chakras, seja por comandos mentais, seja pela atua\u00e7\u00e3o dos mentores espirituais.<\/li>\n<\/ul>\n\n\n\n<p>\u00c9 tamb\u00e9m um espa\u00e7o para desmistificar medos e fantasias, enfatizando o <strong>respeito profundo<\/strong> a esses centros e a import\u00e2ncia de n\u00e3o for\u00e7ar nada energeticamente.<\/p>\n\n\n\n<hr class=\"wp-block-separator has-alpha-channel-opacity\"\/>\n\n\n\n<h2 class=\"wp-block-heading\" id=\"23--nveis-e-subnveis-de-conscincia\">2.3 \u2013 N\u00edveis e subn\u00edveis de consci\u00eancia<\/h2>\n\n\n\n<p>Aqui se aborda a ideia de que o ser humano n\u00e3o \u00e9 um bloco \u00fanico, mas um <strong>conjunto de n\u00edveis de consci\u00eancia<\/strong>, por vezes em conflito entre si.<\/p>\n\n\n\n<ul class=\"wp-block-list\">\n<li>Conceito de <strong>personalidades de outras vidas<\/strong>, fragmentos ps\u00edquicos, partes traumatizadas que podem permanecer atuando de forma inconsciente, influenciando comportamentos atuais.<\/li>\n\n\n\n<li>Diferen\u00e7a entre \u201cn\u00edvel\u201d (parte leg\u00edtima do pr\u00f3prio ser) e \u201cintruso\u201d (consci\u00eancia externa, como esp\u00edritos obsessores), para n\u00e3o atribuir tudo a fatores externos.geae.org+1<\/li>\n\n\n\n<li>Entendimento de que a Apometria busca identificar e harmonizar esses n\u00edveis, promovendo reconcilia\u00e7\u00e3o interna.<\/li>\n<\/ul>\n\n\n\n<p>O aluno come\u00e7a a perceber que muito do que se vivencia como \u201cproblema espiritual\u201d \u00e9, tamb\u00e9m, <strong>conte\u00fado ps\u00edquico pr\u00f3prio<\/strong> pedindo integra\u00e7\u00e3o.<\/p>\n\n\n\n<hr class=\"wp-block-separator has-alpha-channel-opacity\"\/>\n\n\n\n<h2 class=\"wp-block-heading\" id=\"24--formas-pensamento-e-padres-energticos\">2.4 \u2013 Formas-pensamento e padr\u00f5es energ\u00e9ticos<\/h2>\n\n\n\n<p>Pensamentos e emo\u00e7\u00f5es recorrentes moldam o campo energ\u00e9tico em estruturas chamadas, em muitas linhas, de <strong>formas-pensamento<\/strong>.<\/p>\n\n\n\n<ul class=\"wp-block-list\">\n<li>Como formas-pensamento se alimentam de repeti\u00e7\u00e3o e emo\u00e7\u00e3o intensa.<\/li>\n\n\n\n<li>Como podem cristalizar medos, culpas, cren\u00e7as de desvalor, ressentimento \u2013 afetando rela\u00e7\u00f5es, sa\u00fade e caminhos de vida.<\/li>\n\n\n\n<li>Formas-pensamento positivas: f\u00e9, gratid\u00e3o, confian\u00e7a, amor.<\/li>\n<\/ul>\n\n\n\n<p>A Apometria, segundo seus praticantes, pode atuar na <strong>limpeza e ressignifica\u00e7\u00e3o<\/strong> dessas estruturas, mas o aluno \u00e9 lembrado de que <strong>sem mudan\u00e7a de atitude mental e emocional<\/strong>, os antigos padr\u00f5es tendem a se refazer. Assim, t\u00e9cnica e reforma \u00edntima s\u00e3o insepar\u00e1veis.<\/p>\n\n\n\n<hr class=\"wp-block-separator has-alpha-channel-opacity\"\/>\n\n\n\n<h2 class=\"wp-block-heading\" id=\"mdulo-3--mediunidade-sensibilidade-e-parapsiquismo\">M\u00d3DULO 3 \u2013 MEDIUNIDADE, SENSIBILIDADE E PARAPSIQUISMO<\/h2>\n\n\n\n<h2 class=\"wp-block-heading\" id=\"31--conceitos-bsicos-de-mediunidade\">3.1 \u2013 Conceitos b\u00e1sicos de mediunidade<\/h2>\n\n\n\n<p>Neste t\u00f3pico, o aluno \u00e9 introduzido \u00e0 no\u00e7\u00e3o de mediunidade como <strong>faculdade natural de percep\u00e7\u00e3o e intera\u00e7\u00e3o com planos subtis<\/strong>.<\/p>\n\n\n\n<p>Conte\u00fados:<\/p>\n\n\n\n<ul class=\"wp-block-list\">\n<li>Tipos de mediunidade: vid\u00eancia, audi\u00e7\u00e3o, psicografia, psicofonia, cura, intui\u00e7\u00e3o, etc.<\/li>\n\n\n\n<li>Mediunidade ostensiva x sensibilidade mais discreta.<\/li>\n\n\n\n<li>Diferen\u00e7a entre mediunidade e imagina\u00e7\u00e3o; a import\u00e2ncia de an\u00e1lise, bom senso e acompanhamento em grupo experiente.<\/li>\n<\/ul>\n\n\n\n<p>Em contexto apom\u00e9trico, ressalta-se que <strong>nem todos precisam ser m\u00e9diuns ostensivos<\/strong> para participar; h\u00e1 fun\u00e7\u00f5es diversas (dirigente, apoio, ancoragem, estudos, acolhimento).<\/p>\n\n\n\n<hr class=\"wp-block-separator has-alpha-channel-opacity\"\/>\n\n\n\n<h2 class=\"wp-block-heading\" id=\"32--animismo-e-mediunidade-na-apometria\">3.2 \u2013 Animismo e mediunidade na Apometria<\/h2>\n\n\n\n<p>Apometria \u00e9 frequentemente descrita como t\u00e9cnica <strong>an\u00edmico\u2013medi\u00fanica<\/strong>.feap+1<\/p>\n\n\n\n<ul class=\"wp-block-list\">\n<li><strong>Animismo<\/strong>: manifesta\u00e7\u00e3o de conte\u00fados do pr\u00f3prio esp\u00edrito encarnado (lembran\u00e7as, emo\u00e7\u00f5es, pensamentos), muitas vezes atrav\u00e9s do m\u00e9dium.<\/li>\n\n\n\n<li><strong>Mediunidade<\/strong>: comunica\u00e7\u00e3o com consci\u00eancias desencarnadas.<\/li>\n<\/ul>\n\n\n\n<p>O aluno aprende que, em Apometria, os dois fen\u00f3menos se misturam e que <strong>ambos s\u00e3o \u00fateis<\/strong> no diagn\u00f3stico e tratamento. O importante \u00e9 n\u00e3o demonizar o animismo, mas compreend\u00ea-lo como ferramenta de acesso ao pr\u00f3prio inconsciente.<\/p>\n\n\n\n<hr class=\"wp-block-separator has-alpha-channel-opacity\"\/>\n\n\n\n<h2 class=\"wp-block-heading\" id=\"33--desenvolvimento-seguro-da-sensibilidade\">3.3 \u2013 Desenvolvimento seguro da sensibilidade<\/h2>\n\n\n\n<p>Aqui s\u00e3o discutidos cuidados pr\u00e1ticos:<\/p>\n\n\n\n<ul class=\"wp-block-list\">\n<li>Necessidade de <strong>equil\u00edbrio emocional<\/strong>, rotina saud\u00e1vel, sono adequado.<\/li>\n\n\n\n<li>Riscos de uso de \u00e1lcool e drogas, que fragilizam o campo e abrem brechas a influ\u00eancias desarm\u00f3nicas.<\/li>\n\n\n\n<li>Import\u00e2ncia da vida \u00e9tica, do esfor\u00e7o de coer\u00eancia entre o que se prega e o que se vive.<\/li>\n\n\n\n<li>A fun\u00e7\u00e3o da ora\u00e7\u00e3o, da medita\u00e7\u00e3o e do estudo continuado na estabiliza\u00e7\u00e3o da mediunidade.<\/li>\n<\/ul>\n\n\n\n<p>O aluno \u00e9 encorajado a ver a sensibilidade n\u00e3o como maldi\u00e7\u00e3o, mas como <strong>instrumento de servi\u00e7o<\/strong>, desde que trabalhada com disciplina amorosa.<\/p>\n\n\n\n<hr class=\"wp-block-separator has-alpha-channel-opacity\"\/>\n\n\n\n<h2 class=\"wp-block-heading\" id=\"34--higiene-psquica-e-emocional\">3.4 \u2013 Higiene ps\u00edquica e emocional<\/h2>\n\n\n\n<p>A pr\u00e1tica apom\u00e9trica exige boa <strong>higiene ps\u00edquica<\/strong>:<\/p>\n\n\n\n<ul class=\"wp-block-list\">\n<li>Limites saud\u00e1veis: n\u00e3o carregar problemas dos assistidos para a pr\u00f3pria vida.<\/li>\n\n\n\n<li>T\u00e9cnicas simples de descarrego energ\u00e9tico (banhos simples, respira\u00e7\u00e3o consciente, caminhadas na natureza, prece).<\/li>\n\n\n\n<li>A import\u00e2ncia de ter espa\u00e7os de supervis\u00e3o e partilha com o grupo, para elaborar emo\u00e7\u00f5es que surgem em atendimentos.<\/li>\n<\/ul>\n\n\n\n<p>Este t\u00f3pico \u00e9 um ant\u00eddoto contra a exaust\u00e3o, o desgaste e o \u201csalvador espiritual\u201d. Lembra-se o aluno de que cuidar de si \u00e9 parte essencial de cuidar dos outros.<\/p>\n\n\n\n<hr class=\"wp-block-separator has-alpha-channel-opacity\"\/>\n\n\n\n<h2 class=\"wp-block-heading\" id=\"mdulo-4--leis-clssicas-da-apometria\">M\u00d3DULO 4 \u2013 LEIS CL\u00c1SSICAS DA APOMETRIA<\/h2>\n\n\n\n<h2 class=\"wp-block-heading\" id=\"41--viso-geral-das-leis-apomtricas\">4.1 \u2013 Vis\u00e3o geral das Leis Apom\u00e9tricas<\/h2>\n\n\n\n<p>Inspirado na sistematiza\u00e7\u00e3o de Jos\u00e9 Lacerda de Azevedo, este m\u00f3dulo apresenta o conjunto de <strong>leis da Apometria<\/strong> \u2014 princ\u00edpios operativos que regem o uso dos pulsos magn\u00e9ticos, do desdobramento e da atua\u00e7\u00e3o nos planos subtis.<\/p>\n\n\n\n<p>O objetivo n\u00e3o \u00e9 decorar listas, mas compreender a l\u00f3gica:<\/p>\n\n\n\n<ul class=\"wp-block-list\">\n<li>A vontade dirigida;<\/li>\n\n\n\n<li>A contagem r\u00edtmica;<\/li>\n\n\n\n<li>A plasticidade dos corpos subtis;<\/li>\n\n\n\n<li>A relatividade do tempo e do espa\u00e7o em planos espirituais;<\/li>\n\n\n\n<li>A possibilidade de atuar em m\u00faltiplos n\u00edveis simultaneamente.<\/li>\n<\/ul>\n\n\n\n<p>O aluno recebe uma vis\u00e3o panor\u00e2mica, que ser\u00e1 detalhada nos t\u00f3picos seguintes.<\/p>\n\n\n\n<hr class=\"wp-block-separator has-alpha-channel-opacity\"\/>\n\n\n\n<h2 class=\"wp-block-heading\" id=\"42--primeiras-leis-desdobramento-e-contagem-mental\">4.2 \u2013 Primeiras leis: desdobramento e contagem mental<\/h2>\n\n\n\n<p>Abordam-se aqui as leis associadas:<\/p>\n\n\n\n<ul class=\"wp-block-list\">\n<li>\u00c0 <strong>dissocia\u00e7\u00e3o dos corpos<\/strong> (desdobramento), permitindo que n\u00edveis de consci\u00eancia do assistido sejam conduzidos a ambientes espirituais de cura.<\/li>\n\n\n\n<li>Ao uso de <strong>contagens<\/strong> (por exemplo, s\u00e9ries de 7, 14, 21) e comandos mentais para induzir estados espec\u00edficos:\n<ul class=\"wp-block-list\">\n<li>desdobramento;<\/li>\n\n\n\n<li>deslocamento no espa\u00e7o;<\/li>\n\n\n\n<li>focaliza\u00e7\u00e3o de energia.<\/li>\n<\/ul>\n<\/li>\n<\/ul>\n\n\n\n<p>Explora-se a ideia de que a mente, quando concentrada e em sintonia com equipes espirituais, atua como <strong>disparador de processos subtis<\/strong>. O aluno treina visualiza\u00e7\u00f5es e exerc\u00edcios b\u00e1sicos de concentra\u00e7\u00e3o, sempre em ambiente protegido e supervisionado.<\/p>\n\n\n\n<hr class=\"wp-block-separator has-alpha-channel-opacity\"\/>\n\n\n\n<h2 class=\"wp-block-heading\" id=\"43--leis-relacionadas-a-tempo-espao-e-projeo\">4.3 \u2013 Leis relacionadas a tempo, espa\u00e7o e proje\u00e7\u00e3o<\/h2>\n\n\n\n<p>Outras leis dizem respeito \u00e0 forma como a Apometria lida com:<\/p>\n\n\n\n<ul class=\"wp-block-list\">\n<li><strong>Deslocamentos no tempo ps\u00edquico<\/strong> \u2013 trabalhar com mem\u00f3rias de outras encarna\u00e7\u00f5es, cenas traum\u00e1ticas, etc.<\/li>\n\n\n\n<li>Atua\u00e7\u00e3o em <strong>ambientes espirituais espec\u00edficos<\/strong> (hospitais, col\u00f4nias, c\u00e2maras de regenera\u00e7\u00e3o, etc.);<\/li>\n\n\n\n<li>Possibilidade de abordar simultaneamente m\u00faltiplos n\u00edveis de um mesmo ser (personalidades, subpersonalidades).<\/li>\n<\/ul>\n\n\n\n<p>\u00c9 enfatizado que essa linguagem, embora usada em muitos grupos, \u00e9 simb\u00f3lica e que o mais importante \u00e9 a <strong>inten\u00e7\u00e3o de cura, esclarecimento e liberta\u00e7\u00e3o<\/strong>, n\u00e3o a curiosidade fantasiosa.<\/p>\n\n\n\n<hr class=\"wp-block-separator has-alpha-channel-opacity\"\/>\n\n\n\n<h2 class=\"wp-block-heading\" id=\"44--leis-de-proteo-recomposio-e-retorno\">4.4 \u2013 Leis de prote\u00e7\u00e3o, recomposi\u00e7\u00e3o e retorno<\/h2>\n\n\n\n<p>Aqui s\u00e3o estudadas as leis que:<\/p>\n\n\n\n<ul class=\"wp-block-list\">\n<li>Garantem o <strong>retorno seguro<\/strong> dos corpos subtis ao corpo f\u00edsico.<\/li>\n\n\n\n<li>Estabelecem <strong>blindagens energ\u00e9ticas<\/strong> tempor\u00e1rias.<\/li>\n\n\n\n<li>Ajudam a recompor campos esgar\u00e7ados, chakras fragilizados, la\u00e7os desarm\u00f3nicos.<\/li>\n<\/ul>\n\n\n\n<p>O aluno compreende que <strong>nenhum desdobramento deve ser deixado em aberto<\/strong>; toda sess\u00e3o precisa incluir comandos de retorno, recomposi\u00e7\u00e3o e ancoragem, para preservar a sa\u00fade energ\u00e9tica do assistido e da equipa.<\/p>\n\n\n\n<hr class=\"wp-block-separator has-alpha-channel-opacity\"\/>\n\n\n\n<h2 class=\"wp-block-heading\" id=\"mdulo-5--tcnicas-bsicas-apomtricas\">M\u00d3DULO 5 \u2013 T\u00c9CNICAS B\u00c1SICAS APOM\u00c9TRICAS<\/h2>\n\n\n\n<h2 class=\"wp-block-heading\" id=\"51--preparao-do-ambiente-e-da-equipa\">5.1 \u2013 Prepara\u00e7\u00e3o do ambiente e da equipa<\/h2>\n\n\n\n<p>Antes de qualquer t\u00e9cnica, vem a prepara\u00e7\u00e3o:<\/p>\n\n\n\n<ul class=\"wp-block-list\">\n<li>Escolha de um local limpo, arejado, tranquilo.<\/li>\n\n\n\n<li>Cuidados com ru\u00eddos, interrup\u00e7\u00f5es, aparelhos eletr\u00f3nicos desnecess\u00e1rios.<\/li>\n\n\n\n<li>Limpeza energ\u00e9tica pr\u00e9via (preces, vibra\u00e7\u00f5es, incenso se for da linha da casa).<\/li>\n\n\n\n<li>Defini\u00e7\u00e3o clara das fun\u00e7\u00f5es: dirigente, m\u00e9dium de incorpora\u00e7\u00e3o, m\u00e9dium vidente, apoio, anotador.<\/li>\n<\/ul>\n\n\n\n<p>Trabalha-se tamb\u00e9m a <strong>sintonia do grupo<\/strong>: harmoniza\u00e7\u00e3o, exerc\u00edcio de empatia, alinhamento com o prop\u00f3sito de servir. O ambiente \u00e9 entendido como \u201ccampo sagrado\u201d tempor\u00e1rio.<\/p>\n\n\n\n<hr class=\"wp-block-separator has-alpha-channel-opacity\"\/>\n\n\n\n<h2 class=\"wp-block-heading\" id=\"52--tcnica-da-contagem-e-dos-pulsos-magnticos\">5.2 \u2013 T\u00e9cnica da contagem e dos pulsos magn\u00e9ticos<\/h2>\n\n\n\n<p>O cora\u00e7\u00e3o da pr\u00e1tica apom\u00e9trica cl\u00e1ssica \u00e9 a <strong>contagem r\u00edtmica associada a comandos mentais<\/strong>.afa.org+2<\/p>\n\n\n\n<p>Neste t\u00f3pico, o aluno aprende:<\/p>\n\n\n\n<ul class=\"wp-block-list\">\n<li>A manter a mente focada durante contagens (por exemplo, de 1 a 7), visualizando pulsos de luz que atuam sobre o assistido.<\/li>\n\n\n\n<li>A rela\u00e7\u00e3o entre ritmo, inten\u00e7\u00e3o e efeito energ\u00e9tico.<\/li>\n\n\n\n<li>O papel do dirigente como foco central da vontade dirigida.<\/li>\n<\/ul>\n\n\n\n<p>S\u00e3o feitos exerc\u00edcios simples (sem atendimento real), para que o aluno se familiarize com a disciplina mental e com a sensa\u00e7\u00e3o energ\u00e9tica dos pulsos.<\/p>\n\n\n\n<hr class=\"wp-block-separator has-alpha-channel-opacity\"\/>\n\n\n\n<h2 class=\"wp-block-heading\" id=\"53--abertura-de-frequncia-desdobramento-e-acoplame\">5.3 \u2013 Abertura de frequ\u00eancia, desdobramento e acoplamento<\/h2>\n\n\n\n<p>\u201cAbrir a frequ\u00eancia\u201d de uma pessoa significa, em muitos grupos, sintonizar-se com seu campo energ\u00e9tico e autorizar, com permiss\u00e3o espiritual, o trabalho de desdobramento de n\u00edveis.cepeccuritiba.org+1<\/p>\n\n\n\n<p>O aluno estuda:<\/p>\n\n\n\n<ul class=\"wp-block-list\">\n<li>Como, simbolicamente, se solicita autoriza\u00e7\u00e3o ao plano espiritual e ao Eu Superior do assistido.<\/li>\n\n\n\n<li>Comandos b\u00e1sicos de desdobramento: separar corpos subtis, conduzir n\u00edveis a um hospital espiritual, chamar equipes de socorro.<\/li>\n\n\n\n<li>Import\u00e2ncia de n\u00e3o for\u00e7ar: se h\u00e1 resist\u00eancia, respeitar.<\/li>\n<\/ul>\n\n\n\n<p>Tamb\u00e9m se aborda o <strong>acoplamento \u00e1urico<\/strong> \u2013 quando um m\u00e9dium se alinha energeticamente ao campo do assistido para perceber mais claramente o que se passa, sempre dentro de limites \u00e9ticos e de autoprote\u00e7\u00e3o.<\/p>\n\n\n\n<hr class=\"wp-block-separator has-alpha-channel-opacity\"\/>\n\n\n\n<h2 class=\"wp-block-heading\" id=\"54--encerramento-recomposio-e-ancoragem\">5.4 \u2013 Encerramento, recomposi\u00e7\u00e3o e ancoramento<\/h2>\n\n\n\n<p>Nenhum trabalho fica completo sem um <strong>bom encerramento<\/strong>:<\/p>\n\n\n\n<ul class=\"wp-block-list\">\n<li>Comandos de retorno dos n\u00edveis ao corpo f\u00edsico.<\/li>\n\n\n\n<li>Visualiza\u00e7\u00f5es de luz envolvendo o assistido e a equipa.<\/li>\n\n\n\n<li>Refor\u00e7o de prote\u00e7\u00e3o e equil\u00edbrio.<\/li>\n\n\n\n<li>Agradecimento \u00e0s equipes espirituais.<\/li>\n<\/ul>\n\n\n\n<p>O aluno \u00e9 treinado a nunca negligenciar esta etapa. \u00c9 ela que garante a seguran\u00e7a do processo, minimiza sensa\u00e7\u00f5es de tontura, dispers\u00e3o ou mal-estar ap\u00f3s o trabalho.<\/p>\n\n\n\n<hr class=\"wp-block-separator has-alpha-channel-opacity\"\/>\n\n\n\n<h2 class=\"wp-block-heading\" id=\"mdulo-6--protocolos-prticos-de-atendimento\">M\u00d3DULO 6 \u2013 PROTOCOLOS PR\u00c1TICOS DE ATENDIMENTO<\/h2>\n\n\n\n<h2 class=\"wp-block-heading\" id=\"61--harmonizao-pessoal-e-limpeza-energtica\">6.1 \u2013 Harmoniza\u00e7\u00e3o pessoal e limpeza energ\u00e9tica<\/h2>\n\n\n\n<p>Primeiro protocolo: <strong>atendimento de harmoniza\u00e7\u00e3o geral<\/strong>.<\/p>\n\n\n\n<p>Conte\u00fados:<\/p>\n\n\n\n<ul class=\"wp-block-list\">\n<li>Avalia\u00e7\u00e3o inicial simples: queixas do assistido (emocionais, espirituais, f\u00edsicas), hist\u00f3rico b\u00e1sico, limites.<\/li>\n\n\n\n<li>Abertura de frequ\u00eancia, convite \u00e0s equipes espirituais, contagens de desdobramento suaves.<\/li>\n\n\n\n<li>T\u00e9cnicas para:\n<ul class=\"wp-block-list\">\n<li>limpar formas-pensamento densas;<\/li>\n\n\n\n<li>harmonizar chakras;<\/li>\n\n\n\n<li>limpar miasmas energ\u00e9ticos no campo.<\/li>\n<\/ul>\n<\/li>\n<\/ul>\n\n\n\n<p>Este protocolo \u00e9 o \u201cb\u00ea-\u00e1-b\u00e1\u201d da Apometria: prioriza-se o al\u00edvio, a paz interior, a clareza mental. Recomenda-se sempre poucas sess\u00f5es, bem espa\u00e7adas, evitando depend\u00eancia.<\/p>\n\n\n\n<hr class=\"wp-block-separator has-alpha-channel-opacity\"\/>\n\n\n\n<h2 class=\"wp-block-heading\" id=\"62--atendimento-em-casos-de-obsesso-simples\">6.2 \u2013 Atendimento em casos de obsess\u00e3o simples<\/h2>\n\n\n\n<p>Obsess\u00e3o simples \u00e9 entendida como a influ\u00eancia de um ou alguns esp\u00edritos em conflito com o assistido, sem quadro grave de perda de controle ou ruptura com a realidade.<\/p>\n\n\n\n<p>Neste t\u00f3pico, o aluno aprende a:<\/p>\n\n\n\n<ul class=\"wp-block-list\">\n<li>Identificar ind\u00edcios de influ\u00eancia espiritual (pensamentos obsessivos, impulsos estranhos, sensa\u00e7\u00f5es de presen\u00e7a, etc.), sempre ponderando fatores psicol\u00f3gicos.<\/li>\n\n\n\n<li>Conduzir o atendimento apom\u00e9trico de forma fraterna:\n<ul class=\"wp-block-list\">\n<li>acolhendo o assistido;<\/li>\n\n\n\n<li>abrindo frequ\u00eancia;<\/li>\n\n\n\n<li>ajudando a trazer \u00e0 luz o(s) esp\u00edrito(s) envolvido(s), atrav\u00e9s dos m\u00e9diuns;<\/li>\n\n\n\n<li>aplicando pulsos para esclarecimento, encaminhamento a postos de socorro, dissolu\u00e7\u00e3o de la\u00e7os doentios.<\/li>\n<\/ul>\n<\/li>\n<\/ul>\n\n\n\n<p>Fica claro que o objetivo <strong>n\u00e3o \u00e9 \u201ccombater\u201d esp\u00edritos<\/strong>, mas promover reconcilia\u00e7\u00e3o, esclarecimento e liberta\u00e7\u00e3o para todos os envolvidos.<\/p>\n\n\n\n<hr class=\"wp-block-separator has-alpha-channel-opacity\"\/>\n\n\n\n<h2 class=\"wp-block-heading\" id=\"63--auto-obsesso-e-personalidades-internas\">6.3 \u2013 Auto-obsess\u00e3o e personalidades internas<\/h2>\n\n\n\n<p>Muitos casos tradicionalmente tratados como \u201cobsess\u00e3o espiritual\u201d s\u00e3o, em grande parte, <strong>auto-obsess\u00e3o<\/strong>: partes da pr\u00f3pria psique (culpa, raiva, auto-sabotagem) persegindo a pessoa.cepeccuritiba.org+1<\/p>\n\n\n\n<p>O curso aborda:<\/p>\n\n\n\n<ul class=\"wp-block-list\">\n<li>Como a Apometria pode trazer \u00e0 consci\u00eancia essas \u201cvozes internas\u201d, muitas vezes personificadas em atendimentos.<\/li>\n\n\n\n<li>A import\u00e2ncia de tratar auto-obsess\u00e3o com delicadeza, evitando refor\u00e7ar a culpa.<\/li>\n\n\n\n<li>Integra\u00e7\u00e3o com psicoterapia, quando poss\u00edvel, para que o assistido tenha espa\u00e7o cont\u00ednuo de elabora\u00e7\u00e3o.<\/li>\n<\/ul>\n\n\n\n<p>O aluno aprende a ver, nesses casos, uma oportunidade profunda de <strong>cura interior<\/strong> e mudan\u00e7a de padr\u00f5es de pensamento, indo al\u00e9m de explica\u00e7\u00f5es exclusivamente externas.<\/p>\n\n\n\n<hr class=\"wp-block-separator has-alpha-channel-opacity\"\/>\n\n\n\n<h2 class=\"wp-block-heading\" id=\"64--harmonizao-de-ambientes\">6.4 \u2013 Harmoniza\u00e7\u00e3o de ambientes<\/h2>\n\n\n\n<p>Ambientes (casas, locais de trabalho, centros espirituais) tamb\u00e9m acumulam formas-pensamento, mem\u00f3rias emocionais e presen\u00e7as espirituais.<\/p>\n\n\n\n<p>Este t\u00f3pico ensina protocolos para:<\/p>\n\n\n\n<ul class=\"wp-block-list\">\n<li>Limpeza e harmoniza\u00e7\u00e3o de lares e espa\u00e7os:\n<ul class=\"wp-block-list\">\n<li>contagens direcionadas ao campo do im\u00f3vel;<\/li>\n\n\n\n<li>encaminhamento de presen\u00e7as desequilibradas;<\/li>\n\n\n\n<li>reprograma\u00e7\u00e3o energ\u00e9tica do ambiente com vibra\u00e7\u00f5es de paz, prosperidade, harmonia.<\/li>\n<\/ul>\n<\/li>\n\n\n\n<li>Cuidados para n\u00e3o alimentar medos (n\u00e3o transformar qualquer ru\u00eddo em \u201cobsessor\u201d).<\/li>\n<\/ul>\n\n\n\n<p>O aluno aprende a ser <strong>calmo, discreto e respeitoso<\/strong> tamb\u00e9m no trabalho com ambientes, evitando teatraliza\u00e7\u00f5es ou alarmismos.<\/p>\n\n\n\n<hr class=\"wp-block-separator has-alpha-channel-opacity\"\/>\n\n\n\n<h2 class=\"wp-block-heading\" id=\"mdulo-7--proteo-segurana-espiritual-e-tica-em-grup\">M\u00d3DULO 7 \u2013 PROTE\u00c7\u00c3O, SEGURAN\u00c7A ESPIRITUAL E \u00c9TICA EM GRUPO<\/h2>\n\n\n\n<h2 class=\"wp-block-heading\" id=\"71--campos-de-proteo-e-blindagens-energticas\">7.1 \u2013 Campos de prote\u00e7\u00e3o e blindagens energ\u00e9ticas<\/h2>\n\n\n\n<p>A pr\u00e1tica regular de Apometria exige s\u00f3lida estrutura de prote\u00e7\u00e3o:<\/p>\n\n\n\n<ul class=\"wp-block-list\">\n<li>Cria\u00e7\u00e3o de <strong>campos de for\u00e7a<\/strong> antes dos trabalhos, com ora\u00e7\u00f5es, visualiza\u00e7\u00f5es de luz, invoca\u00e7\u00e3o de mentores.<\/li>\n\n\n\n<li>T\u00e9cnicas de blindagem energ\u00e9tica para a equipa (capas de luz, esferas, cruzes de prote\u00e7\u00e3o, conforme a linha da casa).<\/li>\n\n\n\n<li>Fundamenta\u00e7\u00e3o espiritual: a melhor prote\u00e7\u00e3o \u00e9 o <strong>padr\u00e3o moral e vibrat\u00f3rio<\/strong> do grupo.<\/li>\n<\/ul>\n\n\n\n<p>O aluno entende que prote\u00e7\u00e3o n\u00e3o \u00e9 medo, mas <strong>consci\u00eancia e responsabilidade<\/strong>.<\/p>\n\n\n\n<hr class=\"wp-block-separator has-alpha-channel-opacity\"\/>\n\n\n\n<h2 class=\"wp-block-heading\" id=\"72--riscos-autolimitaes-e-critrios-de-encaminhamen\">7.2 \u2013 Riscos, autolimita\u00e7\u00f5es e crit\u00e9rios de encaminhamento<\/h2>\n\n\n\n<p>Toda t\u00e9cnica poderosa pode ser mal utilizada. Este t\u00f3pico trata:<\/p>\n\n\n\n<ul class=\"wp-block-list\">\n<li>Dos riscos de atuar sem forma\u00e7\u00e3o adequada, sem supervis\u00e3o ou em estado emocional inst\u00e1vel.<\/li>\n\n\n\n<li>De casos que <strong>n\u00e3o devem<\/strong> ser atendidos exclusivamente por Apometria:\n<ul class=\"wp-block-list\">\n<li>transtornos psiqui\u00e1tricos graves;<\/li>\n\n\n\n<li>quadros de risco de suic\u00eddio;<\/li>\n\n\n\n<li>pessoas em surto psic\u00f3tico.<\/li>\n<\/ul>\n<\/li>\n\n\n\n<li>Da necessidade de encaminhar a profissionais da sa\u00fade e, se poss\u00edvel, acompanhar espiritualmente em paralelo, sem substituir a medicina.<\/li>\n<\/ul>\n\n\n\n<p>Os alunos s\u00e3o convidados a reconhecer seus <strong>limites pessoais<\/strong> e do grupo, evitando aventuras espirituais.<\/p>\n\n\n\n<hr class=\"wp-block-separator has-alpha-channel-opacity\"\/>\n\n\n\n<h2 class=\"wp-block-heading\" id=\"73--trabalho-em-equipa-papis-e-dinmica\">7.3 \u2013 Trabalho em equipa: pap\u00e9is e din\u00e2mica<\/h2>\n\n\n\n<p>Apometria \u00e9, essencialmente, um <strong>trabalho em grupo<\/strong>.casadojardim.com+1<\/p>\n\n\n\n<p>Conte\u00fados:<\/p>\n\n\n\n<ul class=\"wp-block-list\">\n<li>Pap\u00e9is principais: dirigente, m\u00e9diuns, dialogadores, apoio magn\u00e9tico, secret\u00e1rio de anota\u00e7\u00f5es.<\/li>\n\n\n\n<li>Import\u00e2ncia da coes\u00e3o e da confian\u00e7a m\u00fatua.<\/li>\n\n\n\n<li>Como lidar com conflitos, ci\u00fames, diverg\u00eancias doutrin\u00e1rias:\n<ul class=\"wp-block-list\">\n<li>pr\u00e1tica do di\u00e1logo;<\/li>\n\n\n\n<li>foco no prop\u00f3sito comum;<\/li>\n\n\n\n<li>humildade para rever posturas.<\/li>\n<\/ul>\n<\/li>\n<\/ul>\n\n\n\n<p>O aluno percebe que a <strong>qualidade do campo grupal<\/strong> \u00e9 t\u00e3o importante quanto a t\u00e9cnica em si.<\/p>\n\n\n\n<hr class=\"wp-block-separator has-alpha-channel-opacity\"\/>\n\n\n\n<h2 class=\"wp-block-heading\" id=\"74--relao-com-outras-linhas-e-casas-espirituais\">7.4 \u2013 Rela\u00e7\u00e3o com outras linhas e casas espirituais<\/h2>\n\n\n\n<p>Este t\u00f3pico amplia a vis\u00e3o:<\/p>\n\n\n\n<ul class=\"wp-block-list\">\n<li>Apometria como t\u00e9cnica que pode ser integrada a diferentes tradi\u00e7\u00f5es: Espiritismo, Umbanda, esoterismo, etc.<\/li>\n\n\n\n<li>Respeito \u00e0 diversidade de m\u00e9todos e nomenclaturas.<\/li>\n\n\n\n<li>Evitar esp\u00edrito de competi\u00e7\u00e3o ou sentimento de superioridade (\u201ca minha t\u00e9cnica \u00e9 melhor\u201d).<\/li>\n<\/ul>\n\n\n\n<p>O curso incentiva uma postura de <strong>coopera\u00e7\u00e3o interinstitucional<\/strong> e de unidade no essencial: servir \u00e0 luz e ao amor.<\/p>\n\n\n\n<hr class=\"wp-block-separator has-alpha-channel-opacity\"\/>\n\n\n\n<h2 class=\"wp-block-heading\" id=\"mdulo-8--apometria-avanada-e-integrao-teraputica\">M\u00d3DULO 8 \u2013 APOMETRIA AVAN\u00c7ADA E INTEGRA\u00c7\u00c3O TERAP\u00caUTICA<\/h2>\n\n\n\n<h2 class=\"wp-block-heading\" id=\"81--trabalhos-com-vidas-passadas-e-reajustes-krmic\">8.1 \u2013 Trabalhos com vidas passadas e reajustes k\u00e1rmicos<\/h2>\n\n\n\n<p>Em muitos grupos, Apometria \u00e9 usada em abordagens de <strong>vidas passadas<\/strong>, com o objetivo de esclarecer causas remotas de conflitos atuais.caminhosluz.com+2<\/p>\n\n\n\n<p>O aluno estuda:<\/p>\n\n\n\n<ul class=\"wp-block-list\">\n<li>Cuidados \u00e9ticos: evitar sensacionalismo, n\u00e3o usar informa\u00e7\u00f5es de vidas passadas para manipular ou rotular o assistido.<\/li>\n\n\n\n<li>Foco na <strong>ressignifica\u00e7\u00e3o<\/strong> e liberta\u00e7\u00e3o, n\u00e3o em refor\u00e7ar culpas.<\/li>\n\n\n\n<li>A ideia de que o importante n\u00e3o \u00e9 se tudo \u00e9 literal ou simb\u00f3lico, mas o <strong>efeito terap\u00eautico<\/strong>: al\u00edvio, compreens\u00e3o, perd\u00e3o, mudan\u00e7a de atitude.<\/li>\n<\/ul>\n\n\n\n<p>Ressalta-se que este tipo de trabalho \u00e9 avan\u00e7ado e s\u00f3 deve ser conduzido por equipas j\u00e1 maduras.<\/p>\n\n\n\n<hr class=\"wp-block-separator has-alpha-channel-opacity\"\/>\n\n\n\n<h2 class=\"wp-block-heading\" id=\"82--resgates-coletivos-magias-e-implantes\">8.2 \u2013 Resgates coletivos, magias e implantes<\/h2>\n\n\n\n<p>Outro campo avan\u00e7ado envolve:<\/p>\n\n\n\n<ul class=\"wp-block-list\">\n<li>Atendimentos em situa\u00e7\u00f5es de magias antigas, pactos, compromissos negativos.<\/li>\n\n\n\n<li>Limpeza de estruturas chamadas, em alguns grupos, de \u201cimplantes\u201d energ\u00e9ticos ou parasitas astrais.<\/li>\n\n\n\n<li>Trabalhos coletivos em regi\u00f5es densas (col\u00f4nias espirituais de sofrimento, zonas umbralinas), sempre sob intensa cobertura de equipes de luz.<\/li>\n<\/ul>\n\n\n\n<p>O aluno compreende que:<\/p>\n\n\n\n<ul class=\"wp-block-list\">\n<li>Esses temas exigem <strong>profunda humildade<\/strong>;<\/li>\n\n\n\n<li>N\u00e3o se \u201cenfrenta\u201d trevas por hero\u00edsmo pessoal, mas atua-se como canal da miseric\u00f3rdia divina;<\/li>\n\n\n\n<li>A melhor defesa continua sendo o <strong>amor, a coer\u00eancia e a pureza de inten\u00e7\u00e3o<\/strong>.<\/li>\n<\/ul>\n\n\n\n<hr class=\"wp-block-separator has-alpha-channel-opacity\"\/>\n\n\n\n<h2 class=\"wp-block-heading\" id=\"83--integrao-com-psicoterapia-e-outras-prticas\">8.3 \u2013 Integra\u00e7\u00e3o com psicoterapia e outras pr\u00e1ticas<\/h2>\n\n\n\n<p>Um curso s\u00e9rio mostra que Apometria <strong>pode dialogar<\/strong> com:<\/p>\n\n\n\n<ul class=\"wp-block-list\">\n<li>Psicoterapia (principalmente abordagens transpessoais, junguianas, sist\u00e9micas).<\/li>\n\n\n\n<li>Outras terapias complementares (reiki, passes, florais, medita\u00e7\u00e3o, etc.), sempre com respeito e sem promessas exageradas.<\/li>\n<\/ul>\n\n\n\n<p>Discutem-se casos em que a combina\u00e7\u00e3o de acompanhamento terap\u00eautico e apoio espiritual traz benef\u00edcios significativos:<\/p>\n\n\n\n<ul class=\"wp-block-list\">\n<li>Processos de luto;<\/li>\n\n\n\n<li>Traumas de inf\u00e2ncia;<\/li>\n\n\n\n<li>Depend\u00eancias emocionais;<\/li>\n\n\n\n<li>Crises existenciais.<\/li>\n<\/ul>\n\n\n\n<p>O aluno aprende a ver a Apometria como <strong>uma ferramenta entre muitas<\/strong>, n\u00e3o como panaceia.<\/p>\n\n\n\n<hr class=\"wp-block-separator has-alpha-channel-opacity\"\/>\n\n\n\n<h2 class=\"wp-block-heading\" id=\"84--estudo-de-casos-reflexo-e-superviso\">8.4 \u2013 Estudo de casos, reflex\u00e3o e supervis\u00e3o<\/h2>\n\n\n\n<p>Por fim, este m\u00f3dulo inclui:<\/p>\n\n\n\n<ul class=\"wp-block-list\">\n<li>Relato de casos (devidamente anonimizados) para estudo, discuss\u00e3o \u00e9tica e t\u00e9cnica.<\/li>\n\n\n\n<li>Reflex\u00e3o em grupo sobre erros, acertos, aprendizados.<\/li>\n\n\n\n<li>Cria\u00e7\u00e3o de uma cultura de <strong>supervis\u00e3o cont\u00ednua<\/strong>: ningu\u00e9m trabalha sozinho, todos aprendem juntos.<\/li>\n<\/ul>\n\n\n\n<p>Este espa\u00e7o ajuda a consolidar o conhecimento, a desenvolver discernimento e a evitar cristaliza\u00e7\u00e3o dogm\u00e1tica.<\/p>\n\n\n\n<hr class=\"wp-block-separator has-alpha-channel-opacity\"\/>\n\n\n\n<h2 class=\"wp-block-heading\" id=\"mdulo-9--crescimento-pessoal-e-espiritual-do-apmet\">M\u00d3DULO 9 \u2013 CRESCIMENTO PESSOAL E ESPIRITUAL DO AP\u00d4METRA<\/h2>\n\n\n\n<h2 class=\"wp-block-heading\" id=\"91--autoconhecimento-sombra-e-ego-espiritual\">9.1 \u2013 Autoconhecimento, sombra e ego espiritual<\/h2>\n\n\n\n<p>Este m\u00f3dulo final traz o foco de volta ao estudante:<\/p>\n\n\n\n<ul class=\"wp-block-list\">\n<li>O maior \u201ccampo de trabalho\u201d do ap\u00f4metra \u00e9 ele mesmo.<\/li>\n\n\n\n<li>Necessidade de encarar a pr\u00f3pria sombra: vaidade espiritual, desejo de poder, necessidade de reconhecimento, dureza de cora\u00e7\u00e3o.<\/li>\n\n\n\n<li>Risco do \u201cego espiritual\u201d: sentir-se superior por conhecer t\u00e9cnicas ou ter sensibilidade.<\/li>\n<\/ul>\n\n\n\n<p>Prop\u00f5e-se:<\/p>\n\n\n\n<ul class=\"wp-block-list\">\n<li>Exerc\u00edcios de autorreflex\u00e3o;<\/li>\n\n\n\n<li>Di\u00e1rios de bordo espirituais;<\/li>\n\n\n\n<li>Momentos de partilha sincera no grupo.<\/li>\n<\/ul>\n\n\n\n<p>A mensagem central: <strong>quanto mais o ap\u00f4metra cresce por dentro, mais seguro, simples e amoroso se torna o seu trabalho por fora.<\/strong><\/p>\n\n\n\n<hr class=\"wp-block-separator has-alpha-channel-opacity\"\/>\n\n\n\n<h2 class=\"wp-block-heading\" id=\"92--disciplina-energtica-e-vida-diria\">9.2 \u2013 Disciplina energ\u00e9tica e vida di\u00e1ria<\/h2>\n\n\n\n<p>A Apometria n\u00e3o \u00e9 apenas algo que se faz uma vez por semana no centro; \u00e9 um <strong>modo de viver<\/strong>:<\/p>\n\n\n\n<ul class=\"wp-block-list\">\n<li>Cuidar do corpo: alimenta\u00e7\u00e3o equilibrada, sono, exerc\u00edcios, exames m\u00e9dicos quando necess\u00e1rio.<\/li>\n\n\n\n<li>Cuidar da mente: vigiar pensamentos, cultivar gratid\u00e3o, n\u00e3o se alimentar de conte\u00fados t\u00f3xicos continuamente.<\/li>\n\n\n\n<li>Cuidar do esp\u00edrito: ora\u00e7\u00e3o, medita\u00e7\u00e3o, leitura edificante, servi\u00e7o ao pr\u00f3ximo.<\/li>\n<\/ul>\n\n\n\n<p>Este t\u00f3pico convida o aluno a construir uma <strong>rotina espiritual pr\u00e1tica<\/strong>, que sustente o trabalho e a pr\u00f3pria sa\u00fade ao longo dos anos.<\/p>\n\n\n\n<hr class=\"wp-block-separator has-alpha-channel-opacity\"\/>\n\n\n\n<h2 class=\"wp-block-heading\" id=\"93--servio-desinteressado-e-caridade\">9.3 \u2013 Servi\u00e7o desinteressado e caridade<\/h2>\n\n\n\n<p>Toda t\u00e9cnica espiritual encontra seu verdadeiro sentido no <strong>servi\u00e7o desinteressado<\/strong>:<\/p>\n\n\n\n<ul class=\"wp-block-list\">\n<li>Atender por amor, n\u00e3o por ganho material ou poder.<\/li>\n\n\n\n<li>Ver no assistido n\u00e3o um \u201ccaso interessante\u201d, mas um irm\u00e3o em jornada.<\/li>\n\n\n\n<li>Compreender que quem cura, em \u00faltima an\u00e1lise, \u00e9 <strong>Deus \/ a Consci\u00eancia Maior \/ a Vida<\/strong>, e que o ap\u00f4metra \u00e9 apenas instrumento.<\/li>\n<\/ul>\n\n\n\n<p>Reflete-se aqui sobre a frase tantas vezes repetida em casas apom\u00e9tricas:<\/p>\n\n\n\n<blockquote class=\"wp-block-quote is-layout-flow wp-block-quote-is-layout-flow\">\n<p>\u201cSem amor e sem caridade, nenhuma t\u00e9cnica vale.\u201d<\/p>\n<\/blockquote>\n\n\n\n<hr class=\"wp-block-separator has-alpha-channel-opacity\"\/>\n\n\n\n<h2 class=\"wp-block-heading\" id=\"94--continuidade-estgio-participao-em-grupos-e-est\">9.4 \u2013 Continuidade: est\u00e1gio, participa\u00e7\u00e3o em grupos e estudo vital\u00edcio<\/h2>\n\n\n\n<p>O curso encerra apontando caminhos:<\/p>\n\n\n\n<ul class=\"wp-block-list\">\n<li>Est\u00e1gio supervisionado em grupos j\u00e1 formados, com atua\u00e7\u00e3o gradual.<\/li>\n\n\n\n<li>Participa\u00e7\u00e3o em reuni\u00f5es de estudo continuado sobre Apometria, mediunidade, doutrina espiritualista da casa.<\/li>\n\n\n\n<li>Incentivo \u00e0 leitura permanente das obras de refer\u00eancia (por exemplo, as de Jos\u00e9 Lacerda de Azevedo e de outros estudiosos) e de autores de psicologia profunda e espiritualidade.<\/li>\n<\/ul>\n\n\n\n<p>A ideia \u00e9 consolidar no aluno a consci\u00eancia de que <strong>n\u00e3o h\u00e1 \u201cformados\u201d em Apometria<\/strong> no sentido definitivo. H\u00e1, sim, caminhantes, sempre aprendendo, purificando inten\u00e7\u00f5es e refinando a capacidade de amar.<\/p>\n\n\n\n<hr class=\"wp-block-separator has-alpha-channel-opacity\"\/>\n\n\n\n<h2 class=\"wp-block-heading\" id=\"encerramento\">Encerramento<\/h2>\n\n\n\n<p>Este programa de Curso de Apometria, com seus m\u00f3dulos e t\u00f3picos desenvolvidos, n\u00e3o pretende ser um modelo \u00fanico, mas uma <strong>base abrangente<\/strong> para uma forma\u00e7\u00e3o respons\u00e1vel e espiritualmente profunda.<\/p>\n\n\n\n<p>Ele articula:<\/p>\n\n\n\n<ul class=\"wp-block-list\">\n<li>Conhecimento hist\u00f3rico e te\u00f3rico;<\/li>\n\n\n\n<li>Vis\u00e3o energ\u00e9tica e espiritual do ser humano;<\/li>\n\n\n\n<li>T\u00e9cnicas fundamentais da Apometria;<\/li>\n\n\n\n<li>Protocolos pr\u00e1ticos de atendimento;<\/li>\n\n\n\n<li>Prote\u00e7\u00e3o, \u00e9tica e trabalho em equipa;<\/li>\n\n\n\n<li>Dimens\u00f5es avan\u00e7adas da pr\u00e1tica;<\/li>\n\n\n\n<li>E, sobretudo, o <strong>crescimento interior<\/strong> do pr\u00f3prio ap\u00f4metra.<\/li>\n<\/ul>\n\n\n\n<p>Qualquer estrutura concreta de curso pode adaptar a carga hor\u00e1ria, a ordem dos m\u00f3dulos e o n\u00edvel de profundidade, mas o essencial permanece:<br>que a Apometria seja sempre um <strong>caminho de servi\u00e7o amoroso<\/strong>, de responsabilidade e de evolu\u00e7\u00e3o consciente, onde a t\u00e9cnica esteja ao servi\u00e7o do cora\u00e7\u00e3o \u2014 e n\u00e3o o contr\u00e1rio.<\/p>\n","protected":false},"excerpt":{"rendered":"<p>Vis\u00e3o geral do curso Este Curso de Apometria foi concebido para: Estrutura sugerida: M\u00d3DULO 1 \u2013 FUNDAMENTOS DA APOMETRIA 1.1 \u2013 Origem e hist\u00f3ria da Apometria Neste t\u00f3pico \u00e9 apresentada [&hellip;]<\/p>\n","protected":false},"author":1,"featured_media":0,"comment_status":"open","ping_status":"open","sticky":false,"template":"","format":"standard","meta":{"om_disable_all_campaigns":false,"_mi_skip_tracking":false,"site-sidebar-layout":"default","site-content-layout":"","ast-site-content-layout":"default","site-content-style":"default","site-sidebar-style":"default","ast-global-header-display":"","ast-banner-title-visibility":"","ast-main-header-display":"","ast-hfb-above-header-display":"","ast-hfb-below-header-display":"","ast-hfb-mobile-header-display":"","site-post-title":"","ast-breadcrumbs-content":"","ast-featured-img":"","footer-sml-layout":"","ast-disable-related-posts":"","theme-transparent-header-meta":"","adv-header-id-meta":"","stick-header-meta":"","header-above-stick-meta":"","header-main-stick-meta":"","header-below-stick-meta":"","astra-migrate-meta-layouts":"default","ast-page-background-enabled":"default","ast-page-background-meta":{"desktop":{"background-color":"var(--ast-global-color-5)","background-image":"","background-repeat":"repeat","background-position":"center center","background-size":"auto","background-attachment":"scroll","background-type":"","background-media":"","overlay-type":"","overlay-color":"","overlay-opacity":"","overlay-gradient":""},"tablet":{"background-color":"","background-image":"","background-repeat":"repeat","background-position":"center center","background-size":"auto","background-attachment":"scroll","background-type":"","background-media":"","overlay-type":"","overlay-color":"","overlay-opacity":"","overlay-gradient":""},"mobile":{"background-color":"","background-image":"","background-repeat":"repeat","background-position":"center center","background-size":"auto","background-attachment":"scroll","background-type":"","background-media":"","overlay-type":"","overlay-color":"","overlay-opacity":"","overlay-gradient":""}},"ast-content-background-meta":{"desktop":{"background-color":"var(--ast-global-color-4)","background-image":"","background-repeat":"repeat","background-position":"center center","background-size":"auto","background-attachment":"scroll","background-type":"","background-media":"","overlay-type":"","overlay-color":"","overlay-opacity":"","overlay-gradient":""},"tablet":{"background-color":"var(--ast-global-color-4)","background-image":"","background-repeat":"repeat","background-position":"center center","background-size":"auto","background-attachment":"scroll","background-type":"","background-media":"","overlay-type":"","overlay-color":"","overlay-opacity":"","overlay-gradient":""},"mobile":{"background-color":"var(--ast-global-color-4)","background-image":"","background-repeat":"repeat","background-position":"center center","background-size":"auto","background-attachment":"scroll","background-type":"","background-media":"","overlay-type":"","overlay-color":"","overlay-opacity":"","overlay-gradient":""}},"footnotes":""},"categories":[232],"tags":[],"class_list":["post-19497","post","type-post","status-publish","format-standard","hentry","category-courses"],"aioseo_notices":[],"_links":{"self":[{"href":"https:\/\/www.paulonogueiraterapias.com\/en\/wp-json\/wp\/v2\/posts\/19497","targetHints":{"allow":["GET"]}}],"collection":[{"href":"https:\/\/www.paulonogueiraterapias.com\/en\/wp-json\/wp\/v2\/posts"}],"about":[{"href":"https:\/\/www.paulonogueiraterapias.com\/en\/wp-json\/wp\/v2\/types\/post"}],"author":[{"embeddable":true,"href":"https:\/\/www.paulonogueiraterapias.com\/en\/wp-json\/wp\/v2\/users\/1"}],"replies":[{"embeddable":true,"href":"https:\/\/www.paulonogueiraterapias.com\/en\/wp-json\/wp\/v2\/comments?post=19497"}],"version-history":[{"count":2,"href":"https:\/\/www.paulonogueiraterapias.com\/en\/wp-json\/wp\/v2\/posts\/19497\/revisions"}],"predecessor-version":[{"id":19499,"href":"https:\/\/www.paulonogueiraterapias.com\/en\/wp-json\/wp\/v2\/posts\/19497\/revisions\/19499"}],"wp:attachment":[{"href":"https:\/\/www.paulonogueiraterapias.com\/en\/wp-json\/wp\/v2\/media?parent=19497"}],"wp:term":[{"taxonomy":"category","embeddable":true,"href":"https:\/\/www.paulonogueiraterapias.com\/en\/wp-json\/wp\/v2\/categories?post=19497"},{"taxonomy":"post_tag","embeddable":true,"href":"https:\/\/www.paulonogueiraterapias.com\/en\/wp-json\/wp\/v2\/tags?post=19497"}],"curies":[{"name":"wp","href":"https:\/\/api.w.org\/{rel}","templated":true}]}}