{"id":19485,"date":"2026-03-07T22:39:31","date_gmt":"2026-03-07T22:39:31","guid":{"rendered":"https:\/\/www.paulonogueiraterapias.com\/?p=19485"},"modified":"2026-03-07T22:52:48","modified_gmt":"2026-03-07T22:52:48","slug":"o-universo-conspira-para-a-evolucao-da-consciencia","status":"publish","type":"post","link":"https:\/\/www.paulonogueiraterapias.com\/en\/o-universo-conspira-para-a-evolucao-da-consciencia\/","title":{"rendered":"O Universo Conspira para a Evolu\u00e7\u00e3o da Consci\u00eancia"},"content":{"rendered":"\n<p>H\u00e1 momentos na vida em que olhamos para os nossos bloqueios \u2014 sobretudo os amorosos \u2014 e sentimos uma esp\u00e9cie de condena\u00e7\u00e3o silenciosa: \u201cSou assim, vou ser sempre assim. Repito sempre os mesmos erros. Talvez n\u00e3o haja sa\u00edda para mim.\u201d \u00c0 superf\u00edcie, tudo parece estagnado. N\u00e3o fazemos nada de especial para mudar, e no entanto, por dentro, algo continua a mover-se. A vida insiste em trazer pessoas, situa\u00e7\u00f5es, desafios que \u201ctocam\u201d exatamente nas nossas feridas mais profundas.<\/p>\n\n\n\n<p>Este artigo parte de uma vis\u00e3o espiritual profunda: mesmo quando o ser humano n\u00e3o faz nada conscientemente para mudar, a consci\u00eancia continua em perp\u00e9tuo crescimento, atraindo de forma quase misteriosa as experi\u00eancias exatas de que precisa para dissolver bloqueios, curar feridas e amadurecer. A pr\u00f3pria psique, na sua busca de se tornar inteira, convoca pessoas e circunst\u00e2ncias que a ajudam a integrar o que falta. E, num horizonte mais amplo, \u00e9 como se cada ser humano estivesse, vida ap\u00f3s vida, \u201cfatalmente destinado\u201d \u00e0 ilumina\u00e7\u00e3o, n\u00e3o por castigo ou privil\u00e9gio, mas porque a pr\u00f3pria estrutura da evolu\u00e7\u00e3o espiritual conduz inevitavelmente para a plenitude.<\/p>\n\n\n\n<p>O prop\u00f3sito aqui n\u00e3o \u00e9 debater dogmas, mas oferecer uma compreens\u00e3o libertadora: a tua vida n\u00e3o est\u00e1 parada; mesmo no aparente imobilismo, h\u00e1 um trabalho silencioso a acontecer em ti. E, se escolheres colaborar com esse movimento, podes transformar bloqueios em portais de crescimento.<\/p>\n\n\n\n<hr class=\"wp-block-separator has-alpha-channel-opacity\"\/>\n\n\n\n<h2 class=\"wp-block-heading\" id=\"1-a-conscincia-que-nunca-pra-crescimento-mesmo-sem\">1. A consci\u00eancia que nunca p\u00e1ra: crescimento mesmo sem \u201cesfor\u00e7o\u201d<\/h2>\n\n\n\n<p>Diversas tradi\u00e7\u00f5es espirituais e escolas de psicologia profunda convergem numa ideia essencial: <strong>a psique humana tende espontaneamente \u00e0 totalidade, \u00e0 integra\u00e7\u00e3o, \u00e0 cura.<\/strong> Jung chamou a este movimento de <em>processo de individua\u00e7\u00e3o<\/em>: um processo cont\u00ednuo em que a personalidade se torna mais inteira, integrando partes conscientes e inconscientes, e aproximando-se de um centro mais profundo chamado <em>Self<\/em>, o \u201cSi mesmo\u201d.<\/p>\n\n\n\n<p>Na psicologia junguiana, a individua\u00e7\u00e3o \u00e9 descrita como uma jornada de autodescoberta e autorrealiza\u00e7\u00e3o, uma busca pela totalidade em que aspectos da personalidade antes exclu\u00eddos ou reprimidos s\u00e3o reintegrados. \u00c9 como se o nosso \u201ceu\u201d mais profundo fosse uma semente com um potencial imenso, que precisa de tempo, experi\u00eancias e at\u00e9 de trope\u00e7os para desabrochar.<\/p>\n\n\n\n<p>Esse movimento em dire\u00e7\u00e3o \u00e0 inteireza n\u00e3o depende apenas da nossa vontade consciente. Jung e muitos junguianos mostram que o inconsciente \u201cchama\u201d o ego para essa jornada atrav\u00e9s de sonhos, sintomas, crises e tamb\u00e9m encontros significativos. Mesmo quem nunca ouviu falar de individua\u00e7\u00e3o \u00e9, de algum modo, tocado por esse processo, porque ele \u00e9 uma lei natural da psique, uma tend\u00eancia org\u00e2nica ao equil\u00edbrio e \u00e0 totalidade.<\/p>\n\n\n\n<p>Isto significa que, mesmo quando \u201cn\u00e3o fazemos nada\u201d, algo em n\u00f3s continua a mover-se. O inconsciente reorganiza-se, compensa desequil\u00edbrios, cria tens\u00f5es internas que nos empurram para a mudan\u00e7a. A consci\u00eancia est\u00e1 sempre a expandir-se, ainda que n\u00e3o o percebamos de imediato.<\/p>\n\n\n\n<hr class=\"wp-block-separator has-alpha-channel-opacity\"\/>\n\n\n\n<h2 class=\"wp-block-heading\" id=\"2-a-conscincia-como-man-atramos-as-experincias-de\">2. A consci\u00eancia como \u00edman: atra\u00edmos as experi\u00eancias de que precisamos<\/h2>\n\n\n\n<p>Se a psique tende \u00e0 totalidade, ela n\u00e3o trabalha apenas \u201cpor dentro\u201d; mobiliza tamb\u00e9m o mundo \u00e0 sua volta. Jung falava de <em>sincronicidade<\/em>: coincid\u00eancias significativas entre acontecimentos internos (sonhos, emo\u00e7\u00f5es, intui\u00e7\u00f5es) e factos externos, como se houvesse uma intelig\u00eancia subtil a articular ambos. Muitas tradi\u00e7\u00f5es espirituais descrevem algo semelhante como \u201cLei de atra\u00e7\u00e3o\u201d, \u201ccarma\u201d, \u201cresson\u00e2ncia vibrat\u00f3ria\u201d: aquilo que carregamos em n\u00f3s atrai circunst\u00e2ncias compat\u00edveis para serem vistas, trabalhadas e transcendidas.<\/p>\n\n\n\n<p>Diz-se, ent\u00e3o, que a consci\u00eancia \u201catrai\u201d as experi\u00eancias exatas de que precisa. N\u00e3o no sentido simplista de culpar a v\u00edtima (\u201cse te aconteceu algo doloroso, \u00e9 porque atra\u00edste\u201d), mas no sentido mais profundo de reconhecer que, dentro do mist\u00e9rio da vida, tudo pode ser utilizado para o crescimento. As circunst\u00e2ncias da nossa hist\u00f3ria \u2014 encontros, separa\u00e7\u00f5es, rejei\u00e7\u00f5es, desafios materiais ou de sa\u00fade \u2014 tornam-se cen\u00e1rios onde velhos padr\u00f5es s\u00e3o ativados para que, um dia, possam ser curados.<\/p>\n\n\n\n<p>Um bloqueio amoroso, por exemplo, pode manifestar-se como um padr\u00e3o recorrente:<\/p>\n\n\n\n<ul class=\"wp-block-list\">\n<li>Escolher parceiros emocionalmente indispon\u00edveis;<\/li>\n\n\n\n<li>Sentir um medo profundo de abandono e, por defesa, sabotar rela\u00e7\u00f5es;<\/li>\n\n\n\n<li>Repetir hist\u00f3rias de trai\u00e7\u00e3o ou desvaloriza\u00e7\u00e3o.<\/li>\n<\/ul>\n\n\n\n<p>\u00c0 primeira vista, parece \u201cazar\u201d. Mas, numa perspetiva mais ampla, \u00e9 como se a psique estivesse a reproduzir, em pessoa e cena diferentes, o mesmo tema central: medo de n\u00e3o ser digno de amor, dificuldade em confiar, feridas de inf\u00e2ncia, mem\u00f3rias de outras vidas. O inconsciente convoca pessoas que encarnam simbolicamente esses temas, para que a dor antiga se torne vis\u00edvel e, finalmente, consciente.<\/p>\n\n\n\n<p>Assim, mesmo quando a pessoa n\u00e3o est\u00e1 a fazer um esfor\u00e7o deliberado para \u201ctrabalhar em si\u201d, a vida continua a trazer-lhe vers\u00f5es do mesmo problema. A consci\u00eancia cria, \u00e0 sua volta, um campo que magnetiza circunst\u00e2ncias capazes de espelhar o que precisa de ser visto. A fun\u00e7\u00e3o n\u00e3o \u00e9 castigar, mas revelar. E, a cada nova repeti\u00e7\u00e3o, abre-se a possibilidade \u2014 num gesto, numa l\u00e1grima, numa tomada de consci\u00eancia \u2014 de responder de maneira um pouco diferente.<\/p>\n\n\n\n<hr class=\"wp-block-separator has-alpha-channel-opacity\"\/>\n\n\n\n<h2 class=\"wp-block-heading\" id=\"3-bloqueios-amorosos-feridas-antigas--espera-de-lu\">3. Bloqueios amorosos: feridas antigas \u00e0 espera de luz<\/h2>\n\n\n\n<p>Os bloqueios amorosos, em especial, costumam ser portas privilegiadas para esse processo. \u00c9 nas rela\u00e7\u00f5es \u00edntimas que as nossas defesas caem, que os medos mais profundos emergem, que a crian\u00e7a interior se manifesta com mais for\u00e7a.<\/p>\n\n\n\n<p>Da perspetiva da individua\u00e7\u00e3o, um bloqueio amoroso raramente \u00e9 \u201cs\u00f3\u201d sobre a pessoa atual. Ele toca camadas profundas:<\/p>\n\n\n\n<ul class=\"wp-block-list\">\n<li>Complexos familiares (padr\u00f5es repetidos dos pais, av\u00f3s);<\/li>\n\n\n\n<li>Feridas de inf\u00e2ncia (abandono, humilha\u00e7\u00e3o, rejei\u00e7\u00e3o, invas\u00e3o);<\/li>\n\n\n\n<li>Partes da personalidade banidas da consci\u00eancia (a vulnerabilidade, a raiva, o desejo, a autonomia);<\/li>\n\n\n\n<li>Poss\u00edveis conte\u00fados mais antigos, que algumas tradi\u00e7\u00f5es associam a mem\u00f3rias de outras vidas.<\/li>\n<\/ul>\n\n\n\n<p>Quando duas pessoas se encontram, n\u00e3o se encontram apenas dois \u201cegos\u201d com biografias individuais; encontram-se tamb\u00e9m dois inconscientes cheios de s\u00edmbolos, mem\u00f3rias, <a href=\"https:\/\/www.paulonogueiraterapias.com\/karma\/\" title=\"Karma\">karmas<\/a> e potenciais. Em termos espirituais, diz-se que as almas fazem \u201cacordos\u201d antes de encarnar, comprometendo-se a tocar nas feridas umas das outras para que ambas cres\u00e7am. Em termos psicol\u00f3gicos, pode-se dizer que h\u00e1 uma complementaridade de sombras e car\u00eancias que faz daquele encontro um laborat\u00f3rio intenso de transforma\u00e7\u00e3o.<\/p>\n\n\n\n<p>O ponto mais libertador desta vis\u00e3o \u00e9 o seguinte: mesmo que uma rela\u00e7\u00e3o termine em dor, mesmo que aparentemente \u201cfalhe\u201d, nada \u00e9 em v\u00e3o. A experi\u00eancia em si \u00e9 o rem\u00e9dio, embora o sabor possa ser amargo. A consci\u00eancia registra, metaboliza, cresce. <strong>O que hoje \u00e9 bloqueio r\u00edgido, amanh\u00e3 pode ser cicatriz s\u00e1bia.<\/strong><\/p>\n\n\n\n<hr class=\"wp-block-separator has-alpha-channel-opacity\"\/>\n\n\n\n<h2 class=\"wp-block-heading\" id=\"4-o-processo-de-individuao-a-psique-em-busca-de-in\">4. O processo de individua\u00e7\u00e3o: a psique em busca de inteireza<\/h2>\n\n\n\n<p>Na psicologia anal\u00edtica, a individua\u00e7\u00e3o \u00e9 o processo pelo qual o indiv\u00edduo se torna aquilo que, no fundo, sempre foi: realiza a sua personalidade origin\u00e1ria, aproxima-se do seu verdadeiro centro e integra opostos antes inconcili\u00e1veis. N\u00e3o \u00e9 um ideal de perfei\u00e7\u00e3o moral, mas uma tend\u00eancia \u00e0 completude \u2014 aceitar luz e sombra, for\u00e7a e fragilidade, amor e medo, humanidade inteira.<\/p>\n\n\n\n<p>Alguns autores descrevem este processo como uma espiral: a pessoa roda em torno de um centro interior (o Self), voltando ciclicamente a temas antigos, mas cada vez em n\u00edveis mais profundos de compreens\u00e3o. N\u00e3o \u00e9 linear, n\u00e3o \u00e9 \u201csubir uma escada\u201d sem voltar atr\u00e1s; \u00e9 uma circum-ambula\u00e7\u00e3o: aproxima\u00e7\u00f5es sucessivas ao n\u00facleo do ser.<\/p>\n\n\n\n<p>Em termos did\u00e1ticos, Jung e int\u00e9rpretes do seu pensamento falam em etapas ou focos principais desse caminho:<\/p>\n\n\n\n<ul class=\"wp-block-list\">\n<li><strong>A sombra<\/strong>: tudo o que foi negado, reprimido ou projetado nos outros (raiva, inveja, desejo, vulnerabilidade, poder pessoal). O primeiro passo \u00e9 reconhecer e integrar aquilo que, at\u00e9 ent\u00e3o, rejeit\u00e1vamos em n\u00f3s.<\/li>\n\n\n\n<li><strong>A anima\/animus<\/strong>: a dimens\u00e3o feminina no homem e a dimens\u00e3o masculina na mulher (no sentido simb\u00f3lico: intui\u00e7\u00e3o, sensibilidade, raz\u00e3o, a\u00e7\u00e3o, etc.). Integrar estas polaridades \u00e9 essencial para rela\u00e7\u00f5es amorosas mais maduras e para um equil\u00edbrio interior profundo.<\/li>\n\n\n\n<li><strong>O Self<\/strong>: o centro mais profundo da psique, que vai al\u00e9m do ego. \u00c9 a imagem interna de totalidade, muitas vezes simbolizada por mandalas, c\u00edrculos, figuras de plenitude espiritual. O Self \u00e9 como um sol interior que atrai a personalidade para a integra\u00e7\u00e3o.<\/li>\n<\/ul>\n\n\n\n<p>Importante: esse processo \u00e9, ao mesmo tempo, natural e exigente. Natural, porque existe como tend\u00eancia espont\u00e2nea da psique; exigente, porque requer que o ego aceite ouvir, enfrentar as sombras, abandonar m\u00e1scaras e ilus\u00f5es de controlo. A individua\u00e7\u00e3o n\u00e3o \u00e9 ego\u00edsmo; pelo contr\u00e1rio, leva o indiv\u00edduo a relacionar-se de forma mais aut\u00eantica, menos defensiva, mais respons\u00e1vel com o coletivo.<\/p>\n\n\n\n<p>Quando se diz que \u201c<strong>a pr\u00f3pria psique, na sua busca de se tornar inteira, atrai as pessoas e os eventos que necessita para a sua integra\u00e7\u00e3o plena<\/strong>\u201d, est\u00e1-se a traduzir, em linguagem espiritual, esta din\u00e2mica junguiana: o Self convoca situa\u00e7\u00f5es que desestabilizam a unilateralidade do ego, for\u00e7ando-o a alargar a consci\u00eancia.<\/p>\n\n\n\n<hr class=\"wp-block-separator has-alpha-channel-opacity\"\/>\n\n\n\n<h2 class=\"wp-block-heading\" id=\"5-como-a-psique-atrai-pessoas-e-eventos-para-a-cur\">5. Como a psique \u201catrai\u201d pessoas e eventos para a cura<\/h2>\n\n\n\n<p>Se o objetivo profundo \u00e9 a totalidade, a psique utiliza todos os recursos \u00e0 sua disposi\u00e7\u00e3o:<\/p>\n\n\n\n<ul class=\"wp-block-list\">\n<li><strong>Sonhos<\/strong> que exp\u00f5em medos e desejos ocultos;<\/li>\n\n\n\n<li><strong>Sintomas f\u00edsicos ou emocionais<\/strong> que sinalizam desequil\u00edbrios;<\/li>\n\n\n\n<li><strong>Encontros e desencontros<\/strong> que dramatizam conflitos internos;<\/li>\n\n\n\n<li><strong>Crises<\/strong> que quebram estruturas r\u00edgidas e abrem espa\u00e7o para o novo.<\/li>\n<\/ul>\n\n\n\n<p>Jung observou que o inconsciente tende a compensar a unilateralidade do consciente. Se uma pessoa est\u00e1 demasiado identificada com uma imagem de \u201cforte, controlada, independente\u201d, a psique pode atrair rela\u00e7\u00f5es que a confrontam com a sua vulnerabilidade, depend\u00eancia afetiva ou necessidade de apoio. Se algu\u00e9m vive preso a um papel de \u201cv\u00edtima eterna\u201d, a vida pode trazer figuras duras, desafiadoras, que a empurram a assumir o pr\u00f3prio poder.<\/p>\n\n\n\n<p>Em termos simb\u00f3licos, cada pessoa que entra na nossa vida traz consigo um \u201cespelho\u201d. Alguns espelhos mostram a nossa luz; outros mostram a nossa sombra. O que incomoda no outro frequentemente aponta para algo nosso, ainda n\u00e3o integrado, que precisa de aten\u00e7\u00e3o e carinho. \u00c9 claro que isto n\u00e3o invalida a realidade de comportamentos t\u00f3xicos ou abusivos, nem significa que se deva permanecer em rela\u00e7\u00f5es destrutivas. Significa, sim, que mesmo ao sair delas, podemos perguntar: \u201cO que esta experi\u00eancia me mostrou sobre mim? Que parte minha estava a pedir cura?\u201d<\/p>\n\n\n\n<p>A psique, na sua intelig\u00eancia profunda, parece n\u00e3o desperdi\u00e7ar nada. Toda experi\u00eancia, mesmo as mais dif\u00edceis, pode ser mat\u00e9ria-prima para a individua\u00e7\u00e3o. Nada \u00e9 irrelevante. E, vida ap\u00f3s vida, esse tecido de experi\u00eancias vai sendo tecido com infinita paci\u00eancia.<\/p>\n\n\n\n<hr class=\"wp-block-separator has-alpha-channel-opacity\"\/>\n\n\n\n<h2 class=\"wp-block-heading\" id=\"6-evoluo-espiritual-e-reencarnao-um-caminho-sem-fi\">6. Evolu\u00e7\u00e3o espiritual e reencarna\u00e7\u00e3o: um caminho sem fim para cima<\/h2>\n\n\n\n<p>Muitas tradi\u00e7\u00f5es espiritualistas, como o Espiritismo, descrevem a evolu\u00e7\u00e3o da consci\u00eancia em termos de m\u00faltiplas exist\u00eancias. O esp\u00edrito seria criado \u201csimples e ignorante\u201d e, ao longo de in\u00fameras encarna\u00e7\u00f5es, aprenderia, amadureceria, desenvolveria intelig\u00eancia e moralidade. A reencarna\u00e7\u00e3o \u00e9 vista como um mecanismo de miseric\u00f3rdia: cada vida oferece novas oportunidades de corrigir erros, reparar danos, desenvolver virtudes e aprofundar o amor.<\/p>\n\n\n\n<p>Autores esp\u00edritas afirmam que a perfei\u00e7\u00e3o \u00e9 o destino de todo o esp\u00edrito, sem excep\u00e7\u00e3o, mas que esse destino n\u00e3o pode ser alcan\u00e7ado numa \u00fanica exist\u00eancia. Assim, renascemos quantas vezes forem necess\u00e1rias, em contextos sociais, familiares e culturais diferentes, para experimentar todos os \u00e2ngulos da experi\u00eancia humana: v\u00edtima e agressor, pobre e rico, cuidando e sendo cuidado, ensinando e aprendendo.<\/p>\n\n\n\n<p>Nessa perspetiva, os bloqueios amorosos, os medos, as dificuldades de autoestima ou de confian\u00e7a n\u00e3o nascem do nada. Eles podem ser vistos como n\u00f3s k\u00e1rmicos, padr\u00f5es antigos que trazemos connosco e que, em cada vida, surgem sob novas formas para serem finalmente compreendidos, amados e transcendidos. A evolu\u00e7\u00e3o espiritual seria, ent\u00e3o, uma espiral ascendente: n\u00e3o uma linha reta, mas um processo em que se pode recuar, resistir, estagnar por um tempo \u2014 mas nunca para sempre. H\u00e1 uma lei de progresso que, mais cedo ou mais tarde, faz com que todo esp\u00edrito avance.<\/p>\n\n\n\n<p>Outro aspeto belo desta vis\u00e3o \u00e9 a ideia de que n\u00e3o h\u00e1 destino de condena\u00e7\u00e3o eterna. A alma pode demorar, pode resistir, pode repetir muitas vezes os mesmos erros, mas o \u201cchamado\u201d para crescer nunca cessa. A pr\u00f3pria estrutura da vida \u2014 interna e externa \u2014 conspira a favor do nosso despertar.<\/p>\n\n\n\n<hr class=\"wp-block-separator has-alpha-channel-opacity\"\/>\n\n\n\n<h2 class=\"wp-block-heading\" id=\"7-fatalmente-destinados--iluminao\">7. \u201cFatalmente destinados\u201d \u00e0 ilumina\u00e7\u00e3o?<\/h2>\n\n\n\n<p>Sempre afirmo em todos os meus cursos, perante os alunos: &#8220;Estamos condenados \u00e0 Ilumina\u00e7\u00e3o&#8221;.<\/p>\n\n\n\n<p>Quando se diz que \u201c\u00e9 como se cada ser humano estivesse fatalmente destinado \u00e0 ilumina\u00e7\u00e3o, vida ap\u00f3s vida\u201d, n\u00e3o se est\u00e1 a negar o livre-arb\u00edtrio, mas a afirmar a confian\u00e7a num princ\u00edpio maior: a consci\u00eancia tende naturalmente \u00e0 expans\u00e3o. Da mesma forma que uma semente tende, por natureza, a tornar-se \u00e1rvore, o esp\u00edrito tende, por natureza, a tornar-se s\u00e1bio, compassivo, luminoso.<\/p>\n\n\n\n<p>N\u00e3o significa que essa realiza\u00e7\u00e3o plena seja obrigat\u00f3ria numa vida espec\u00edfica, nem que n\u00e3o possamos atrasar o processo com escolhas destrutivas ou resist\u00eancias. Mas, no horizonte das eras, a alma n\u00e3o pode escapar eternamente ao pr\u00f3prio potencial. Textos espiritualistas falam de uma \u201clei do progresso\u201d \u00e0 qual ningu\u00e9m escapa, pela simples raz\u00e3o de que ela \u00e9 express\u00e3o da pr\u00f3pria ess\u00eancia da vida.<\/p>\n\n\n\n<p>Se olharmos para dentro, com sinceridade, talvez reconhe\u00e7amos esse impulso:<\/p>\n\n\n\n<ul class=\"wp-block-list\">\n<li>A inquieta\u00e7\u00e3o diante da injusti\u00e7a;<\/li>\n\n\n\n<li>O desejo de amar melhor;<\/li>\n\n\n\n<li>O cansa\u00e7o de repetir velhos sofrimentos;<\/li>\n\n\n\n<li>A sede de sentido;<\/li>\n\n\n\n<li>A intui\u00e7\u00e3o de que \u201cdeve haver algo mais\u201d.<\/li>\n<\/ul>\n\n\n\n<p>Esses movimentos interiores s\u00e3o sinais de que a consci\u00eancia j\u00e1 n\u00e3o se satisfaz com um viver autom\u00e1tico. S\u00e3o ecos da voca\u00e7\u00e3o mais profunda: tornar-se inteiro, voltar \u00e0 Fonte, despertar para a pr\u00f3pria natureza luminosa. Alguns autores espirituais falam na \u201cconquista da consci\u00eancia\u201d como um grande marco da evolu\u00e7\u00e3o: deixar de viver apenas pelos instintos e mergulhar num viver mais l\u00facido, compassivo, respons\u00e1vel.<\/p>\n\n\n\n<p>Nessa perspetiva, a ilumina\u00e7\u00e3o n\u00e3o \u00e9 um privil\u00e9gio reservado a poucos m\u00edsticos raros, mas o destino remoto de todos. Alguns caminham mais depressa, outros mais devagar; alguns acordam cedo, outros mais tarde; mas, em \u00faltima an\u00e1lise, todos s\u00e3o chamados. Cada l\u00e1grima, cada bloqueio superado, cada gesto de amor conta.<\/p>\n\n\n\n<hr class=\"wp-block-separator has-alpha-channel-opacity\"\/>\n\n\n\n<h2 class=\"wp-block-heading\" id=\"8-o-que-isto-muda-na-prtica-para-quem-sofre-hoje\">8. O que isto muda, na pr\u00e1tica, para quem sofre hoje?<\/h2>\n\n\n\n<p>Pode surgir a pergunta: \u201cSe a consci\u00eancia vai crescer de qualquer maneira, mesmo que eu n\u00e3o fa\u00e7a nada, ent\u00e3o o que eu tenho de fazer?\u201d<\/p>\n\n\n\n<p>A resposta, em tom de autoajuda profunda, \u00e9 dupla:<\/p>\n\n\n\n<ol class=\"wp-block-list\">\n<li><strong>H\u00e1 um movimento que n\u00e3o depende de ti<\/strong> \u2014 e isto \u00e9 uma not\u00edcia libertadora. Mesmo nos teus dias mais confusos, algo em ti continua a aprender. N\u00e3o h\u00e1 fracasso absoluto, porque cada experi\u00eancia \u00e9 assimilada pela tua alma.<\/li>\n\n\n\n<li><strong>H\u00e1 um espa\u00e7o em que a tua escolha faz toda a diferen\u00e7a<\/strong> \u2014 podes resistir, prolongar sofrimentos, culpar o mundo; ou podes colaborar, escutar, assumir responsabilidade, abrir-te ao crescimento. A dire\u00e7\u00e3o final \u00e9 a mesma, mas a qualidade do caminho muda profundamente.<\/li>\n<\/ol>\n\n\n\n<p>Colaborar com esse processo n\u00e3o significa controlar tudo ou \u201cter sempre pensamentos positivos\u201d. Significa, antes de mais, tr\u00eas atitudes interiores:<\/p>\n\n\n\n<h2 class=\"wp-block-heading\" id=\"81-aceitar-que-a-vida-sabe-mais-do-que-o-ego\">8.1. Aceitar que a vida sabe mais do que o ego<\/h2>\n\n\n\n<p>Em vez de perguntar apenas \u201cPor que isto me aconteceu?\u201d, come\u00e7ar a perguntar: \u201cPara que isto me aconteceu? O que esta situa\u00e7\u00e3o est\u00e1 a tentar mostrar-me?\u201d Esta mudan\u00e7a de pergunta desloca-te da posi\u00e7\u00e3o de v\u00edtima para a postura de aprendiz. N\u00e3o invalida a dor, mas d\u00e1-lhe um horizonte.<\/p>\n\n\n\n<h2 class=\"wp-block-heading\" id=\"82-observar-padres-com-gentileza\">8.2. Observar padr\u00f5es com gentileza<\/h2>\n\n\n\n<p>Ao reconhecer um bloqueio amoroso ou um padr\u00e3o repetitivo, evita a autocr\u00edtica severa. Lembra-te: se est\u00e1s a viver isto, \u00e9 porque a consci\u00eancia julgou que est\u00e1s pronto para ver aquilo que antes estavas demasiado fr\u00e1gil para encarar. Observa o padr\u00e3o com curiosidade amorosa:<\/p>\n\n\n\n<ul class=\"wp-block-list\">\n<li>\u201cO que sinto quando isto acontece?\u201d<\/li>\n\n\n\n<li>\u201cA que mem\u00f3rias antigas isto se parece?\u201d<\/li>\n\n\n\n<li>\u201cQue crian\u00e7a em mim est\u00e1 a sofrer?\u201d<\/li>\n<\/ul>\n\n\n\n<h2 class=\"wp-block-heading\" id=\"83-abrir-se--ajuda\">8.3. Abrir-se \u00e0 ajuda<\/h2>\n\n\n\n<p>Se a consci\u00eancia atrai as experi\u00eancias de que precisa, tamb\u00e9m atrai os recursos: livros, terapias, amizades, mestres, sincronicidades. Estar atento a esses convites faz parte da colabora\u00e7\u00e3o com o processo. \u00c0s vezes, um simples texto, uma conversa, um sonho pode marcar um antes e um depois.<\/p>\n\n\n\n<p>Ao mesmo tempo, saber que a psique e a vida est\u00e3o a teu favor \u2014 e n\u00e3o contra ti \u2014 traz uma paz profunda. Mesmo nos dias em que pareces \u201cn\u00e3o fazer nada\u201d, o trabalho silencioso continua. O importante \u00e9 n\u00e3o cortar o di\u00e1logo interior, n\u00e3o desistir de ti, n\u00e3o te identifical completamente com o bloqueio.<\/p>\n\n\n\n<p>Tu n\u00e3o \u00e9s o bloqueio; \u00e9s a consci\u00eancia que o est\u00e1 a atravessar.<\/p>\n\n\n\n<hr class=\"wp-block-separator has-alpha-channel-opacity\"\/>\n\n\n\n<h2 class=\"wp-block-heading\" id=\"9-integrar-e-no-corrigir-uma-nova-forma-de-olhar-p\">9. Integrar, e n\u00e3o \u201ccorrigir\u201d: uma nova forma de olhar para ti mesmo<\/h2>\n\n\n\n<p>Uma das grandes contribui\u00e7\u00f5es da individua\u00e7\u00e3o \u00e9 lembrar que o objetivo n\u00e3o \u00e9 tornar-se \u201cperfeito\u201d, mas inteiro. Em vez de tentar eliminar partes de ti (medo, ci\u00fame, inseguran\u00e7a), o convite \u00e9 integr\u00e1-las de forma consciente.<\/p>\n\n\n\n<ul class=\"wp-block-list\">\n<li>O medo pode transformar-se em prud\u00eancia s\u00e1bia.<\/li>\n\n\n\n<li>A raiva pode tornar-se for\u00e7a para estabelecer limites.<\/li>\n\n\n\n<li>A car\u00eancia pode revelar a tua necessidade de aprender a cuidar de ti.<\/li>\n<\/ul>\n\n\n\n<p>Quando v\u00eas as tuas dores como material de crescimento, e n\u00e3o como defeitos imperdo\u00e1veis, o cora\u00e7\u00e3o suaviza. Come\u00e7as a relacionar-te contigo como um ser em processo, n\u00e3o como um projeto falhado. Esta mudan\u00e7a, por si s\u00f3, dissolve muitos bloqueios, porque grande parte do sofrimento vem da luta contra o que se \u00e9, e n\u00e3o do que se \u00e9 em si.<\/p>\n\n\n\n<p>Lembra-te: a tua psique n\u00e3o est\u00e1 \u201ccontra ti\u201d. Os teus sintomas, crises e bloqueios s\u00e3o formas, por vezes desajeitadas, de tentar proteger-te ou chamar-te a aten\u00e7\u00e3o para algo essencial. Ao escut\u00e1-los, em vez de apenas combat\u00ea-los, colaboras com o movimento natural de individua\u00e7\u00e3o.<\/p>\n\n\n\n<hr class=\"wp-block-separator has-alpha-channel-opacity\"\/>\n\n\n\n<h2 class=\"wp-block-heading\" id=\"10-viver-hoje-com-a-conscincia-de-um-destino-lumin\">10. Viver hoje com a consci\u00eancia de um destino luminoso<\/h2>\n\n\n\n<p>Se aceitas, ainda que como hip\u00f3tese inspiradora, que a tua alma est\u00e1 numa longa jornada de evolu\u00e7\u00e3o, vida ap\u00f3s vida, e que o destino remoto \u00e9 a ilumina\u00e7\u00e3o, algo muda imediatamente na tua forma de estar no mundo:<\/p>\n\n\n\n<ul class=\"wp-block-list\">\n<li>As compara\u00e7\u00f5es perdem for\u00e7a: n\u00e3o precisas de estar onde o outro est\u00e1; cada um tem o seu tempo, o seu curr\u00edculo.<\/li>\n\n\n\n<li>A culpa pesada dissolve-se: errar deixa de ser sinal de condena\u00e7\u00e3o eterna, e passa a ser parte do caminho de aprender.<\/li>\n\n\n\n<li>O desespero atenua-se: nenhuma noite \u00e9 definitiva, nenhum bloqueio \u00e9 inamov\u00edvel, nenhum fracasso \u00e9 o fim.<\/li>\n<\/ul>\n\n\n\n<p>Podes come\u00e7ar a perguntar-te: \u201cSe a minha alma estivesse a escolher, a partir de um n\u00edvel mais alto de consci\u00eancia, que aprendizados ela teria desejado extrair desta situa\u00e7\u00e3o?\u201d Esta pergunta n\u00e3o nega a dor, mas coloca-a num contexto de sentido.<\/p>\n\n\n\n<p>E, ao mesmo tempo, podes tomar pequenas decis\u00f5es concretas que alinham o teu dia a dia com esse destino luminoso:<\/p>\n\n\n\n<ul class=\"wp-block-list\">\n<li>Um pouco mais de honestidade contigo mesmo;<\/li>\n\n\n\n<li>Um pouco mais de gentileza no trato com os outros;<\/li>\n\n\n\n<li>Um pouco mais de escuta interior;<\/li>\n\n\n\n<li>Um pouco mais de coragem para dizer \u201csim\u201d ao que te faz crescer e \u201cn\u00e3o\u201d ao que te diminui.<\/li>\n<\/ul>\n\n\n\n<p>S\u00e3o estes gestos simples que, somados, aceleram e suavizam o processo natural de evolu\u00e7\u00e3o da tua consci\u00eancia.<\/p>\n\n\n\n<hr class=\"wp-block-separator has-alpha-channel-opacity\"\/>\n\n\n\n<h2 class=\"wp-block-heading\" id=\"11-concluso-o-sossego-de-saber-que-a-vida-conspira\">11. Conclus\u00e3o: o sossego de saber que a vida conspira a teu favor<\/h2>\n\n\n\n<p>Imagina, por um momento, que tudo o que viveste at\u00e9 hoje \u2014 amores e desamores, sucessos e fracassos, encontros e desencontros \u2014 formam um grande mosaico desenhado para acordar em ti a tua verdadeira grandeza. Imagina que cada dor foi, ao mesmo tempo, um golpe e um empurr\u00e3o para a frente; que cada bloqueio foi um convite \u00e0 cura; que cada pessoa que passou pela tua vida foi, de algum modo, mensageira de algo que precisavas de ver.<\/p>\n\n\n\n<p>Sob esta luz, a tua hist\u00f3ria n\u00e3o \u00e9 uma sequ\u00eancia de erros aleat\u00f3rios, mas uma jornada de amadurecimento. Sim, poderias ter escolhido menos sofrimento em muitos momentos \u2014 e ainda podes escolher daqui para a frente. Mas tamb\u00e9m podes olhar para tr\u00e1s com mais compaix\u00e3o e reconhecer: \u201cFiz o melhor que pude com a consci\u00eancia que tinha na altura.\u201d Agora tens mais consci\u00eancia. Logo, podes fazer diferente.<\/p>\n\n\n\n<p>A grande mensagem \u00e9:<\/p>\n\n\n\n<ul class=\"wp-block-list\">\n<li>Mesmo quando pensas que n\u00e3o est\u00e1s a evoluir, est\u00e1s.<\/li>\n\n\n\n<li>Mesmo quando n\u00e3o v\u00eas sa\u00edda, h\u00e1 um movimento secreto a preparar novas possibilidades.<\/li>\n\n\n\n<li>Mesmo quando repetes padr\u00f5es dolorosos, a vida n\u00e3o se cansa de te oferecer oportunidades de entender, de soltar, de amar melhor.<\/li>\n<\/ul>\n\n\n\n<p>\u00c9 como se uma Sabedoria profunda \u2014 chamemos-lhe Self, Alma, Esp\u00edrito, Presen\u00e7a Divina \u2014 conhecesse cada recanto do teu ser e organizasse, com infinita paci\u00eancia, um curr\u00edculo perfeito para o teu despertar. Tu podes resistir, adiar, cansar-te; mas essa Sabedoria n\u00e3o desiste. Atrai, em cada momento, as circunst\u00e2ncias exatas de que precisas para dar o pr\u00f3ximo passo.<\/p>\n\n\n\n<p>Talvez o convite, hoje, seja simplesmente este:<\/p>\n\n\n\n<ul class=\"wp-block-list\">\n<li>Fazer as pazes com o teu ritmo;<\/li>\n\n\n\n<li>Confiar um pouco mais no processo;<\/li>\n\n\n\n<li>Olhar para os teus bloqueios como professores, n\u00e3o como inimigos;<\/li>\n\n\n\n<li>E lembrar, profundamente, que est\u00e1s a caminho. Sempre.<\/li>\n<\/ul>\n\n\n\n<p>Vida ap\u00f3s vida, experi\u00eancia ap\u00f3s experi\u00eancia, a tua consci\u00eancia expande-se. E, em algum ponto, nesta longa viagem, descobrir\u00e1s \u2014 n\u00e3o como teoria, mas como realidade viva \u2014 que aquilo que sempre buscaste fora estava, desde o in\u00edcio, a crescer silenciosamente dentro de ti.<\/p>\n","protected":false},"excerpt":{"rendered":"<p>H\u00e1 momentos na vida em que olhamos para os nossos bloqueios \u2014 sobretudo os amorosos \u2014 e sentimos uma esp\u00e9cie de condena\u00e7\u00e3o silenciosa: \u201cSou assim, vou ser sempre assim. Repito [&hellip;]<\/p>\n","protected":false},"author":1,"featured_media":0,"comment_status":"open","ping_status":"open","sticky":false,"template":"","format":"standard","meta":{"om_disable_all_campaigns":false,"_mi_skip_tracking":false,"site-sidebar-layout":"default","site-content-layout":"","ast-site-content-layout":"default","site-content-style":"default","site-sidebar-style":"default","ast-global-header-display":"","ast-banner-title-visibility":"","ast-main-header-display":"","ast-hfb-above-header-display":"","ast-hfb-below-header-display":"","ast-hfb-mobile-header-display":"","site-post-title":"","ast-breadcrumbs-content":"","ast-featured-img":"","footer-sml-layout":"","ast-disable-related-posts":"","theme-transparent-header-meta":"","adv-header-id-meta":"","stick-header-meta":"","header-above-stick-meta":"","header-main-stick-meta":"","header-below-stick-meta":"","astra-migrate-meta-layouts":"default","ast-page-background-enabled":"default","ast-page-background-meta":{"desktop":{"background-color":"var(--ast-global-color-5)","background-image":"","background-repeat":"repeat","background-position":"center center","background-size":"auto","background-attachment":"scroll","background-type":"","background-media":"","overlay-type":"","overlay-color":"","overlay-opacity":"","overlay-gradient":""},"tablet":{"background-color":"","background-image":"","background-repeat":"repeat","background-position":"center center","background-size":"auto","background-attachment":"scroll","background-type":"","background-media":"","overlay-type":"","overlay-color":"","overlay-opacity":"","overlay-gradient":""},"mobile":{"background-color":"","background-image":"","background-repeat":"repeat","background-position":"center center","background-size":"auto","background-attachment":"scroll","background-type":"","background-media":"","overlay-type":"","overlay-color":"","overlay-opacity":"","overlay-gradient":""}},"ast-content-background-meta":{"desktop":{"background-color":"var(--ast-global-color-4)","background-image":"","background-repeat":"repeat","background-position":"center center","background-size":"auto","background-attachment":"scroll","background-type":"","background-media":"","overlay-type":"","overlay-color":"","overlay-opacity":"","overlay-gradient":""},"tablet":{"background-color":"var(--ast-global-color-4)","background-image":"","background-repeat":"repeat","background-position":"center center","background-size":"auto","background-attachment":"scroll","background-type":"","background-media":"","overlay-type":"","overlay-color":"","overlay-opacity":"","overlay-gradient":""},"mobile":{"background-color":"var(--ast-global-color-4)","background-image":"","background-repeat":"repeat","background-position":"center center","background-size":"auto","background-attachment":"scroll","background-type":"","background-media":"","overlay-type":"","overlay-color":"","overlay-opacity":"","overlay-gradient":""}},"footnotes":""},"categories":[236],"tags":[247],"class_list":["post-19485","post","type-post","status-publish","format-standard","hentry","category-sabiduria","tag-sabiduria"],"aioseo_notices":[],"_links":{"self":[{"href":"https:\/\/www.paulonogueiraterapias.com\/en\/wp-json\/wp\/v2\/posts\/19485","targetHints":{"allow":["GET"]}}],"collection":[{"href":"https:\/\/www.paulonogueiraterapias.com\/en\/wp-json\/wp\/v2\/posts"}],"about":[{"href":"https:\/\/www.paulonogueiraterapias.com\/en\/wp-json\/wp\/v2\/types\/post"}],"author":[{"embeddable":true,"href":"https:\/\/www.paulonogueiraterapias.com\/en\/wp-json\/wp\/v2\/users\/1"}],"replies":[{"embeddable":true,"href":"https:\/\/www.paulonogueiraterapias.com\/en\/wp-json\/wp\/v2\/comments?post=19485"}],"version-history":[{"count":2,"href":"https:\/\/www.paulonogueiraterapias.com\/en\/wp-json\/wp\/v2\/posts\/19485\/revisions"}],"predecessor-version":[{"id":19490,"href":"https:\/\/www.paulonogueiraterapias.com\/en\/wp-json\/wp\/v2\/posts\/19485\/revisions\/19490"}],"wp:attachment":[{"href":"https:\/\/www.paulonogueiraterapias.com\/en\/wp-json\/wp\/v2\/media?parent=19485"}],"wp:term":[{"taxonomy":"category","embeddable":true,"href":"https:\/\/www.paulonogueiraterapias.com\/en\/wp-json\/wp\/v2\/categories?post=19485"},{"taxonomy":"post_tag","embeddable":true,"href":"https:\/\/www.paulonogueiraterapias.com\/en\/wp-json\/wp\/v2\/tags?post=19485"}],"curies":[{"name":"wp","href":"https:\/\/api.w.org\/{rel}","templated":true}]}}