{"id":18309,"date":"2025-09-21T12:08:46","date_gmt":"2025-09-21T12:08:46","guid":{"rendered":"https:\/\/www.paulonogueiraterapias.com\/?p=18309"},"modified":"2025-09-21T12:14:05","modified_gmt":"2025-09-21T12:14:05","slug":"ritual-com-vela-preta-para-expandir-a-clarividencia","status":"publish","type":"post","link":"https:\/\/www.paulonogueiraterapias.com\/en\/ritual-com-vela-preta-para-expandir-a-clarividencia\/","title":{"rendered":"Ritual com Vela Preta para Expandir a Clarivid\u00eancia"},"content":{"rendered":"\n<h1 class=\"wp-block-heading\">Ritual com Vela Preta para <strong>Expandir a Clarivid\u00eancia<\/strong> e Desenvolver Dons Ps\u00edquicos<\/h1>\n\n\n\n<p>A vela preta \u00e9 considerada um \u201cportal\u201d para o inconsciente profundo: absorve ru\u00eddo mental, cria foco interior e facilita o mergulho em camadas sutis da consci\u00eancia. O roteiro abaixo emprega <strong>1 vel\u00e3o preto de 7 dias<\/strong> (ou equivalente) para abrir e estabilizar habilidades intuitivas de forma segura.<\/p>\n\n\n\n<hr class=\"wp-block-separator has-alpha-channel-opacity\"\/>\n\n\n\n<h2 class=\"wp-block-heading\" id=\"materiais\">Materiais<\/h2>\n\n\n\n<figure class=\"wp-block-table\"><table class=\"has-fixed-layout\"><thead><tr><th>Item<\/th><th>Fun\u00e7\u00e3o<\/th><\/tr><\/thead><tbody><tr><td>Vel\u00e3o preto de 7 dias (ou vela pilar alta)<\/td><td>Foco de introspec\u00e7\u00e3o; \u201cporta ao inconsciente\u201d<\/td><\/tr><tr><td>Casti\u00e7al\/recipiente resistente ao calor<\/td><td>Seguran\u00e7a<\/td><\/tr><tr><td>1 drusa pequena de <strong>ametista<\/strong><\/td><td>Ativa chakra coron\u00e1rio e terceiro olho<\/td><\/tr><tr><td>1 cristal <strong>quartzo transparente<\/strong><\/td><td>Amplifica percep\u00e7\u00e3o<\/td><\/tr><tr><td>1 espelho de mesa (15\u201320 cm)<\/td><td>Treino de auto-scrying<\/td><\/tr><tr><td>\u00d3leo base + 3 gotas de <strong>louro<\/strong> (clarivid\u00eancia)<\/td><td>Un\u00e7\u00e3o da vela<\/td><\/tr><tr><td>Punhado de <strong>sal grosso<\/strong><\/td><td>Selo protetor<\/td><\/tr><tr><td>Incenso de <strong>s\u00e2ndalo<\/strong><\/td><td>Eleva frequ\u00eancia e centra a mente<\/td><\/tr><tr><td>Caderninho para anotar vis\u00f5es<\/td><td>Ancoramento pr\u00e1tica<\/td><\/tr><\/tbody><\/table><\/figure>\n\n\n\n<p><em>Melhor momento<\/em>: quarta-feira (regida por Merc\u00fario, planeta da mente) em <strong>Lua crescente<\/strong>, \u00e0s 22 h, quando o psiquismo est\u00e1 naturalmente receptivo.<\/p>\n\n\n\n<hr class=\"wp-block-separator has-alpha-channel-opacity\"\/>\n\n\n\n<h2 class=\"wp-block-heading\" id=\"passo-a-passo-detalhado\">Passo-a-Passo Detalhado<\/h2>\n\n\n\n<h2 class=\"wp-block-heading\">1. Prepara\u00e7\u00e3o e Prote\u00e7\u00e3o<\/h2>\n\n\n\n<ol class=\"wp-block-list\">\n<li>Tome um banho morno com 1 punhado de sal grosso + 7 folhas de louro; visualize bloqueios mentais se dissolvendo na \u00e1gua.<\/li>\n\n\n\n<li>No local do ritual, disponha o sal tra\u00e7ando um <strong>c\u00edrculo de 1 m<\/strong> no ch\u00e3o: ele bloquear\u00e1 interfer\u00eancias externas.<\/li>\n<\/ol>\n\n\n\n<h2 class=\"wp-block-heading\">2. Consagra\u00e7\u00e3o da Vela<\/h2>\n\n\n\n<ol class=\"wp-block-list\">\n<li>Misture \u00f3leo base \u00e0s gotas de louro; <strong>unte a vela da base ao pavio<\/strong> (sentido hor\u00e1rio) pedindo abertura de vis\u00e3o interior.<\/li>\n\n\n\n<li>Encoste a ametista e o quartzo juntos na base da vela durante 3 min para carregar a cera com vibra\u00e7\u00f5es de intui\u00e7\u00e3o.<\/li>\n<\/ol>\n\n\n\n<h2 class=\"wp-block-heading\">3. Montagem do Altar<\/h2>\n\n\n\n<ol class=\"wp-block-list\">\n<li>Coloque a vela no casti\u00e7al, ao centro do c\u00edrculo salino.<\/li>\n\n\n\n<li>Posicione o espelho atr\u00e1s da vela, levemente inclinado, de modo que reflita a chama para seus olhos quando estiver sentado.<\/li>\n\n\n\n<li>De cada lado da vela, apoie a ametista (esquerda) e o quartzo (direita).<\/li>\n<\/ol>\n\n\n\n<h2 class=\"wp-block-heading\">4. Invoca\u00e7\u00e3o da Percep\u00e7\u00e3o<\/h2>\n\n\n\n<p>Com as m\u00e3os sobre a vela apagada, declare:<\/p>\n\n\n\n<blockquote class=\"wp-block-quote is-layout-flow wp-block-quote-is-layout-flow\">\n<p>\u201cFogo arcaico, luz que rasga v\u00e9us: ilumina meus canais ps\u00edquicos, abre meus olhos internos e revela a verdade oculta. Que assim se fa\u00e7a em harmonia e prote\u00e7\u00e3o.\u201d<\/p>\n<\/blockquote>\n\n\n\n<h2 class=\"wp-block-heading\">5. Acendimento Ritual<\/h2>\n\n\n\n<p>Acenda o incenso de s\u00e2ndalo; depois, acenda a vela dizendo: <em>\u201cDesperto a vis\u00e3o clara.\u201d<\/em><br>Sente-se no centro do c\u00edrculo, a 50 cm da chama, mantendo a coluna ereta.<\/p>\n\n\n\n<h2 class=\"wp-block-heading\">6. T\u00e9cnica de <strong>Scrying<\/strong> no Espelho<\/h2>\n\n\n\n<ol class=\"wp-block-list\">\n<li>Olhe para a chama refletida no espelho sem piscar por 2 min; permita que o entorno fique nebuloso.<\/li>\n\n\n\n<li>Feche os olhos e observe imagens internas surgindo. Se nada aparecer, permane\u00e7a na respira\u00e7\u00e3o 4-4-8 at\u00e9 notar cores ou s\u00edmbolos.<\/li>\n\n\n\n<li>Repita o ciclo \u201cabrir-fechar\u201d olhos <strong>por 21 min<\/strong> (\u2248tr\u00eas s\u00e9ries de 7 min).<\/li>\n<\/ol>\n\n\n\n<h2 class=\"wp-block-heading\">7. \u00c2ncora Cristalina<\/h2>\n\n\n\n<p>Terminado o scrying, segure a ametista na testa (entre as sobrancelhas) por 1 min, mentalizando um \u201colho violeta\u201d se abrindo. Em seguida, segure o quartzo sobre o topo da cabe\u00e7a por 1 min, visualizando um feixe claro subindo ao c\u00e9u.<\/p>\n\n\n\n<h2 class=\"wp-block-heading\">8. Registo das Impress\u00f5es<\/h2>\n\n\n\n<p>Anote imediat\u00adamente qualquer cor, s\u00edmbolo, palavra ou sensa\u00e7\u00e3o no caderno. Essa pr\u00e1tica treina o c\u00e9rebro a valorizar os flashes intuitivos e a transform\u00e1-los em informa\u00e7\u00e3o utiliz\u00e1vel.<\/p>\n\n\n\n<h2 class=\"wp-block-heading\">9. Selamento<\/h2>\n\n\n\n<p>Olhe de novo para a vela e proclame:<\/p>\n\n\n\n<blockquote class=\"wp-block-quote is-layout-flow wp-block-quote-is-layout-flow\">\n<p>\u201cO meu inconsciente est\u00e1 desperto; recebo, interpreto e transmuto cada <em>insight<\/em> com sabedoria e seguran\u00e7a.\u201d<\/p>\n<\/blockquote>\n\n\n\n<p>Saia do c\u00edrculo, deixando a vela queimar pelo menos 1 h. Se precisar, apague-a com abafador (nunca soprando) e reacenda nas noites seguintes \u00e0 mesma hora at\u00e9 completar os 7 dias.<\/p>\n\n\n\n<hr class=\"wp-block-separator has-alpha-channel-opacity\"\/>\n\n\n\n<h2 class=\"wp-block-heading\" id=\"por-que-funciona\">Por que Funciona<\/h2>\n\n\n\n<figure class=\"wp-block-table\"><table class=\"has-fixed-layout\"><thead><tr><th>Camada<\/th><th>Elemento<\/th><th>Resultado<\/th><\/tr><\/thead><tbody><tr><td>Neuropsicol\u00f3gica<\/td><td>Foco visual na chama + espelho<\/td><td>Induz estado alfa\/leve transe, facilitando imagens hipnag\u00f3gicas<\/td><\/tr><tr><td>Energ\u00e9tica<\/td><td>Chama preta e sal<\/td><td>Silencia ru\u00eddo externo e direciona consci\u00eancia para dentro<\/td><\/tr><tr><td>Frequencial<\/td><td>S\u00e2ndalo, ametista, quartzo<\/td><td>Elevam vibra\u00e7\u00e3o e sintonizam chakras superiores<\/td><\/tr><tr><td>Operacional<\/td><td>Registo escrito<\/td><td>Refor\u00e7a sinapses, fixando o \u201ccanal\u201d de recep\u00e7\u00e3o intuitiva<\/td><\/tr><\/tbody><\/table><\/figure>\n\n\n\n<hr class=\"wp-block-separator has-alpha-channel-opacity\"\/>\n\n\n\n<h2 class=\"wp-block-heading\" id=\"dicas-de-sustentao\">Dicas de Sustenta\u00e7\u00e3o<\/h2>\n\n\n\n<ul class=\"wp-block-list\">\n<li>Medite 15 min di\u00e1rios em sil\u00eancio enquanto a vela arde; observe respir\u00ada\u00e7\u00e3o e deixe pensamentos flu\u00edrem.<\/li>\n\n\n\n<li>Evite \u00e1lcool, alimentos pesados e excesso de tela ap\u00f3s o p\u00f4r-do-sol durante os 7 dias, pois diminuem a percep\u00e7\u00e3o subtil.<\/li>\n\n\n\n<li>Limpe cristais em \u00e1gua corrente e carregue-os \u00e0 luz lunar crescente para manter a vibra\u00e7\u00e3o.<\/li>\n<\/ul>\n\n\n\n<p>Seguindo estes passos, voc\u00ea cria um ambiente interno-externo adequado para <strong>ativar a <a href=\"https:\/\/www.paulonogueiraterapias.com\/abrindo-a-clarividencia\/\" title=\"Abrindo a clarivid\u00eancia\">clarivid\u00eancia<\/a><\/strong> e desvelar potencialidades ps\u00edquicas de forma estruturada e protegida.<\/p>\n","protected":false},"excerpt":{"rendered":"<p>Ritual com Vela Preta para Expandir a Clarivid\u00eancia e Desenvolver Dons Ps\u00edquicos A vela preta \u00e9 considerada um \u201cportal\u201d para o inconsciente profundo: absorve ru\u00eddo mental, cria foco interior e [&hellip;]<\/p>\n","protected":false},"author":1,"featured_media":0,"comment_status":"open","ping_status":"open","sticky":false,"template":"","format":"standard","meta":{"om_disable_all_campaigns":false,"_mi_skip_tracking":false,"site-sidebar-layout":"default","site-content-layout":"","ast-site-content-layout":"default","site-content-style":"default","site-sidebar-style":"default","ast-global-header-display":"","ast-banner-title-visibility":"","ast-main-header-display":"","ast-hfb-above-header-display":"","ast-hfb-below-header-display":"","ast-hfb-mobile-header-display":"","site-post-title":"","ast-breadcrumbs-content":"","ast-featured-img":"","footer-sml-layout":"","ast-disable-related-posts":"","theme-transparent-header-meta":"","adv-header-id-meta":"","stick-header-meta":"","header-above-stick-meta":"","header-main-stick-meta":"","header-below-stick-meta":"","astra-migrate-meta-layouts":"default","ast-page-background-enabled":"default","ast-page-background-meta":{"desktop":{"background-color":"var(--ast-global-color-5)","background-image":"","background-repeat":"repeat","background-position":"center center","background-size":"auto","background-attachment":"scroll","background-type":"","background-media":"","overlay-type":"","overlay-color":"","overlay-opacity":"","overlay-gradient":""},"tablet":{"background-color":"","background-image":"","background-repeat":"repeat","background-position":"center center","background-size":"auto","background-attachment":"scroll","background-type":"","background-media":"","overlay-type":"","overlay-color":"","overlay-opacity":"","overlay-gradient":""},"mobile":{"background-color":"","background-image":"","background-repeat":"repeat","background-position":"center center","background-size":"auto","background-attachment":"scroll","background-type":"","background-media":"","overlay-type":"","overlay-color":"","overlay-opacity":"","overlay-gradient":""}},"ast-content-background-meta":{"desktop":{"background-color":"var(--ast-global-color-4)","background-image":"","background-repeat":"repeat","background-position":"center center","background-size":"auto","background-attachment":"scroll","background-type":"","background-media":"","overlay-type":"","overlay-color":"","overlay-opacity":"","overlay-gradient":""},"tablet":{"background-color":"var(--ast-global-color-4)","background-image":"","background-repeat":"repeat","background-position":"center center","background-size":"auto","background-attachment":"scroll","background-type":"","background-media":"","overlay-type":"","overlay-color":"","overlay-opacity":"","overlay-gradient":""},"mobile":{"background-color":"var(--ast-global-color-4)","background-image":"","background-repeat":"repeat","background-position":"center center","background-size":"auto","background-attachment":"scroll","background-type":"","background-media":"","overlay-type":"","overlay-color":"","overlay-opacity":"","overlay-gradient":""}},"footnotes":""},"categories":[442,448],"tags":[443,449],"class_list":["post-18309","post","type-post","status-publish","format-standard","hentry","category-clarividencia","category-rituais-com-velas","tag-clarividencia-2","tag-vela-preta"],"aioseo_notices":[],"_links":{"self":[{"href":"https:\/\/www.paulonogueiraterapias.com\/en\/wp-json\/wp\/v2\/posts\/18309","targetHints":{"allow":["GET"]}}],"collection":[{"href":"https:\/\/www.paulonogueiraterapias.com\/en\/wp-json\/wp\/v2\/posts"}],"about":[{"href":"https:\/\/www.paulonogueiraterapias.com\/en\/wp-json\/wp\/v2\/types\/post"}],"author":[{"embeddable":true,"href":"https:\/\/www.paulonogueiraterapias.com\/en\/wp-json\/wp\/v2\/users\/1"}],"replies":[{"embeddable":true,"href":"https:\/\/www.paulonogueiraterapias.com\/en\/wp-json\/wp\/v2\/comments?post=18309"}],"version-history":[{"count":4,"href":"https:\/\/www.paulonogueiraterapias.com\/en\/wp-json\/wp\/v2\/posts\/18309\/revisions"}],"predecessor-version":[{"id":18314,"href":"https:\/\/www.paulonogueiraterapias.com\/en\/wp-json\/wp\/v2\/posts\/18309\/revisions\/18314"}],"wp:attachment":[{"href":"https:\/\/www.paulonogueiraterapias.com\/en\/wp-json\/wp\/v2\/media?parent=18309"}],"wp:term":[{"taxonomy":"category","embeddable":true,"href":"https:\/\/www.paulonogueiraterapias.com\/en\/wp-json\/wp\/v2\/categories?post=18309"},{"taxonomy":"post_tag","embeddable":true,"href":"https:\/\/www.paulonogueiraterapias.com\/en\/wp-json\/wp\/v2\/tags?post=18309"}],"curies":[{"name":"wp","href":"https:\/\/api.w.org\/{rel}","templated":true}]}}