{"id":18301,"date":"2025-09-20T22:28:19","date_gmt":"2025-09-20T22:28:19","guid":{"rendered":"https:\/\/www.paulonogueiraterapias.com\/?p=18301"},"modified":"2026-03-07T23:19:42","modified_gmt":"2026-03-07T23:19:42","slug":"ritual-com-vela-preta-para-trabalho-com-a-sombra","status":"publish","type":"post","link":"https:\/\/www.paulonogueiraterapias.com\/en\/ritual-com-vela-preta-para-trabalho-com-a-sombra\/","title":{"rendered":"Ritual com Vela Preta para trabalho com a Sombra"},"content":{"rendered":"\n<p>Uma <strong>vela preta<\/strong> \u00e9 tradicionalmente usada para absorver e banir energias e emo\u00e7\u00f5es indesejadas, promovendo prote\u00e7\u00e3o, transmuta\u00e7\u00e3o e trabalho de <a href=\"https:\/\/www.paulonogueiraterapias.com\/sombra-humana\/\" title=\"A Sombra Humana\">Sombra<\/a> (shadow work) de forma focada e segura. Abaixo est\u00e1 um passo\u2011a\u2011passo completo, do preparo ao encerramento e descarte, para neutralizar um medo, culpa ou raiva espec\u00edfica usando magia de velas com base em pr\u00e1ticas consolidadas e recomenda\u00e7\u00f5es de seguran\u00e7a.<\/p>\n\n\n\n<h2 class=\"wp-block-heading\" id=\"materiais\">Materiais<\/h2>\n\n\n\n<ul class=\"wp-block-list\">\n<li>1 vela preta  e um casti\u00e7al\/recipiente resistente ao calor.<\/li>\n\n\n\n<li>1 folha de papel e caneta para escrever a inten\u00e7\u00e3o espec\u00edfica do trabalho.<\/li>\n\n\n\n<li>\u00d3leo para \u201cungir\u201d a vela e, opcionalmente, ervas secas apropriadas ao objetivo (ex.: alecrim\/arruda para limpeza), usados de forma simples e segura.<\/li>\n\n\n\n<li>Opcional: cristal de prote\u00e7\u00e3o\/aterramento (ex.: turmalina negra ou obsidiana), que combinam bem com o simbolismo de velas pretas.<\/li>\n\n\n\n<li>F\u00f3sforos\/isqueiro, base est\u00e1vel e superf\u00edcies desobstru\u00eddas e ventiladas.<\/li>\n<\/ul>\n\n\n\n<h2 class=\"wp-block-heading\" id=\"segurana-antes-de-comear\">Seguran\u00e7a (antes de come\u00e7ar)<\/h2>\n\n\n\n<ul class=\"wp-block-list\">\n<li>Nunca deixar a vela acesa sem supervis\u00e3o e manter fora do alcance de crian\u00e7as e animais.<\/li>\n\n\n\n<li>Usar casti\u00e7al adequado em superf\u00edcie est\u00e1vel e afastada de materiais inflam\u00e1veis, com o pavio aparado a cerca de 6\u20137 mm (\u00bc\u201d).<\/li>\n\n\n\n<li>Evitar correntes de ar e garantir boa ventila\u00e7\u00e3o do espa\u00e7o, sem sobrecarregar ambientes pequenos com muitas velas.<\/li>\n<\/ul>\n\n\n\n<h2 class=\"wp-block-heading\" id=\"quando-fazer\">Quando fazer<\/h2>\n\n\n\n<ul class=\"wp-block-list\">\n<li>S\u00e1bados (associa\u00e7\u00e3o simb\u00f3lica a Saturno: encerramentos, banimento, for\u00e7a interior) favorecem rituais de libera\u00e7\u00e3o com vela preta.<\/li>\n\n\n\n<li>A pr\u00e1tica tamb\u00e9m pode ser feita quando a necessidade \u00e9 mais forte, focando banimento, prote\u00e7\u00e3o e remo\u00e7\u00e3o de emo\u00e7\u00f5es negativas espec\u00edficas.<\/li>\n<\/ul>\n\n\n\n<h2 class=\"wp-block-heading\" id=\"passo-a-passo\">Passo a passo<\/h2>\n\n\n\n<ol class=\"wp-block-list\">\n<li>Clarificar a emo\u00e7\u00e3o-alvo e o objetivo<br>Definir com precis\u00e3o o que se pretende neutralizar (ex.: \u201cmedo de falhar em apresenta\u00e7\u00f5es\u201d, \u201cculpa por X\u201d, \u201craiva de Y\u201d) e escrever uma inten\u00e7\u00e3o curta, clara e espec\u00edfica no papel.<\/li>\n\n\n\n<li>Preparar o espa\u00e7o<br>Organizar um pequeno altar\/\u00e1rea sagrada com apenas o essencial, criando um ambiente calmo e simb\u00f3lico para o trabalho de foco mental.<\/li>\n\n\n\n<li>Limpar e centrar<br>Purificar o ambiente (por exemplo, com incenso\/aroma) e fazer respira\u00e7\u00f5es profundas para aterrar, reduzir ru\u00eddo mental e alinhar-se com a inten\u00e7\u00e3o.<\/li>\n\n\n\n<li>Escolher e consagrar a vela<br>Confirmar que a vela preta combina com o prop\u00f3sito de banimento, absor\u00e7\u00e3o de negatividade e prote\u00e7\u00e3o antes de consagr\u00e1-la para esse fim.<\/li>\n\n\n\n<li>Inscrever e \u201cvestir\u201d a vela<br>Opcionalmente, entalhar na vela palavras\u2011chave\/s\u00edmbolos ligados \u00e0 emo\u00e7\u00e3o a ser libertada e \u00e0 prote\u00e7\u00e3o desejada, mantendo a mente fixa na inten\u00e7\u00e3o enquanto se grava. Em seguida, \u201cvestir\u201d a vela com uma fina camada de azeite e, se desejado, rolar em ervas secas adequadas, sempre com foco e sobriedade.<\/li>\n\n\n\n<li>Colocar a inten\u00e7\u00e3o sob a vela<br>Dobrar o papel com a inten\u00e7\u00e3o e coloc\u00e1-lo sob o casti\u00e7al\/vela, mantendo a frase clara e direta como \u00e2ncora do trabalho.<\/li>\n\n\n\n<li>Abertura verbal (ora\u00e7\u00e3o\/declara\u00e7\u00e3o)<br>Dizer em voz aud\u00edvel uma frase simples de abertura que una prop\u00f3sito e \u00e9tica, por exemplo: \u201cCom esta vela preta, absorvo e removo [medo\/culpa\/raiva] de forma segura e definitiva, restaurando prote\u00e7\u00e3o e equil\u00edbrio interior\u201d, mantendo convic\u00e7\u00e3o e foco.<\/li>\n\n\n\n<li>Acender a vela com presen\u00e7a<br>Acender a vela conscientemente e permanecer junto dela, contemplando a chama e mantendo a aten\u00e7\u00e3o na liberta\u00e7\u00e3o do que foi nomeado, sem pressa.<\/li>\n\n\n\n<li>Visualiza\u00e7\u00e3o e \u201cscrying\u201d da chama<br>Visualizar a emo\u00e7\u00e3o-alvo a ser absorvida pela vela e dissolvida na escurid\u00e3o que transforma, enquanto se observa a chama para aprofundar foco (scrying). Refor\u00e7ar silenciosamente afirma\u00e7\u00f5es coerentes (\u201cEstou seguro\u201d, \u201cSou livre desta culpa\u201d, \u201cA minha raiva transforma-se em clareza\u201d) durante alguns minutos.<\/li>\n\n\n\n<li>Ancoramento opcional com cristal<br>Segurar um cristal de prote\u00e7\u00e3o\/aterramento e program\u00e1-lo mentalmente como lembrete f\u00edsico da liberta\u00e7\u00e3o; velas pretas combinam bem com cristais de prote\u00e7\u00e3o e transforma\u00e7\u00e3o, como turmalina negra por exemplo.<\/li>\n\n\n\n<li>Encerramento e gratid\u00e3o<br>Encerrar com uma declara\u00e7\u00e3o de t\u00e9rmino (\u201cO que precisava ser libertado foi absorvido e banido; que a prote\u00e7\u00e3o permane\u00e7a\u201d) e um gesto de agradecimento pela sustenta\u00e7\u00e3o do processo.<\/li>\n\n\n\n<li>Deixar queimar com seguran\u00e7a ou religar depois<br>Se for seguro, deixar a vela terminar naturalmente; caso contr\u00e1rio, apagar de forma segura e voltar a acend\u00ea\u2011la quando se retomar a medita\u00e7\u00e3o sobre a mesma inten\u00e7\u00e3o, sempre sob supervis\u00e3o.<\/li>\n<\/ol>\n\n\n\n<h2 class=\"wp-block-heading\" id=\"descarte-e-limpeza\">Descarte e limpeza<\/h2>\n\n\n\n<ul class=\"wp-block-list\">\n<li>Quando a vela terminar, levar o papel da inten\u00e7\u00e3o e a cera remanescente para a natureza e enterr\u00e1\u2011los, simbolizando a \u201csemeadura\u201d da liberta\u00e7\u00e3o e o encerramento do ciclo.<\/li>\n\n\n\n<li>Se optar por descartar em casa, usar um recipiente resistente ao calor e seguir rigorosamente as diretrizes de seguran\u00e7a contra inc\u00eandios ao lidar com restos e poss\u00edveis brasas.<\/li>\n<\/ul>\n\n\n\n<h2 class=\"wp-block-heading\" id=\"dicas-de-eficcia\">Dicas de efic\u00e1cia<\/h2>\n\n\n\n<ul class=\"wp-block-list\">\n<li>Foco e especificidade: velas pretas funcionam melhor ao direcionar absor\u00e7\u00e3o\/banimento a algo preciso (emo\u00e7\u00e3o, h\u00e1bito, v\u00ednculo), em vez de pedidos vagos.<\/li>\n\n\n\n<li>Coer\u00eancia simb\u00f3lica: alinhar cor, palavras e ferramentas (ex.: sigilos gravados, cristal de prote\u00e7\u00e3o) aumenta a integra\u00e7\u00e3o do ritual.<\/li>\n\n\n\n<li>Repeti\u00e7\u00e3o consciente: \u00e9 poss\u00edvel repetir sess\u00f5es curtas com a mesma vela at\u00e9 concluir o trabalho, acendendo novamente para refor\u00e7ar a inten\u00e7\u00e3o, sem nunca abandonar a vela acesa.<\/li>\n<\/ul>\n\n\n\n<h2 class=\"wp-block-heading\" id=\"por-que-a-vela-preta-aqui\">Por que a vela preta aqui?<\/h2>\n\n\n\n<ul class=\"wp-block-list\">\n<li>Simbologia: absor\u00e7\u00e3o, prote\u00e7\u00e3o, fim de ciclos, remo\u00e7\u00e3o de emo\u00e7\u00f5es negativas e obst\u00e1culos energ\u00e9ticos, bem como transforma\u00e7\u00e3o e trabalho com a <a href=\"https:\/\/www.paulonogueiraterapias.com\/conhecer-a-sombra\/\" title=\"Conhecer a Sombra\">Sombra<\/a>.<\/li>\n\n\n\n<li>Aplica\u00e7\u00e3o pr\u00e1tica: rituais de banimento e prote\u00e7\u00e3o, corte de padr\u00f5es e limpeza de carga emocional indesejada.<\/li>\n<\/ul>\n\n\n\n<p>Se a emo\u00e7\u00e3o for intensa ou recorrente, este trabalho energ\u00e9tico pode ser complementado com pr\u00e1ticas de aten\u00e7\u00e3o plena e rotinas de autocuidado, mantendo sempre a prioridade na seguran\u00e7a do fogo e na clareza de inten\u00e7\u00e3o durante cada sess\u00e3o.<\/p>\n","protected":false},"excerpt":{"rendered":"<p>Uma vela preta \u00e9 tradicionalmente usada para absorver e banir energias e emo\u00e7\u00f5es indesejadas, promovendo prote\u00e7\u00e3o, transmuta\u00e7\u00e3o e trabalho de Sombra (shadow work) de forma focada e segura. Abaixo est\u00e1 [&hellip;]<\/p>\n","protected":false},"author":1,"featured_media":0,"comment_status":"open","ping_status":"open","sticky":false,"template":"","format":"standard","meta":{"om_disable_all_campaigns":false,"_mi_skip_tracking":false,"site-sidebar-layout":"default","site-content-layout":"","ast-site-content-layout":"default","site-content-style":"default","site-sidebar-style":"default","ast-global-header-display":"","ast-banner-title-visibility":"","ast-main-header-display":"","ast-hfb-above-header-display":"","ast-hfb-below-header-display":"","ast-hfb-mobile-header-display":"","site-post-title":"","ast-breadcrumbs-content":"","ast-featured-img":"","footer-sml-layout":"","ast-disable-related-posts":"","theme-transparent-header-meta":"","adv-header-id-meta":"","stick-header-meta":"","header-above-stick-meta":"","header-main-stick-meta":"","header-below-stick-meta":"","astra-migrate-meta-layouts":"default","ast-page-background-enabled":"default","ast-page-background-meta":{"desktop":{"background-color":"var(--ast-global-color-5)","background-image":"","background-repeat":"repeat","background-position":"center center","background-size":"auto","background-attachment":"scroll","background-type":"","background-media":"","overlay-type":"","overlay-color":"","overlay-opacity":"","overlay-gradient":""},"tablet":{"background-color":"","background-image":"","background-repeat":"repeat","background-position":"center center","background-size":"auto","background-attachment":"scroll","background-type":"","background-media":"","overlay-type":"","overlay-color":"","overlay-opacity":"","overlay-gradient":""},"mobile":{"background-color":"","background-image":"","background-repeat":"repeat","background-position":"center center","background-size":"auto","background-attachment":"scroll","background-type":"","background-media":"","overlay-type":"","overlay-color":"","overlay-opacity":"","overlay-gradient":""}},"ast-content-background-meta":{"desktop":{"background-color":"var(--ast-global-color-4)","background-image":"","background-repeat":"repeat","background-position":"center center","background-size":"auto","background-attachment":"scroll","background-type":"","background-media":"","overlay-type":"","overlay-color":"","overlay-opacity":"","overlay-gradient":""},"tablet":{"background-color":"var(--ast-global-color-4)","background-image":"","background-repeat":"repeat","background-position":"center center","background-size":"auto","background-attachment":"scroll","background-type":"","background-media":"","overlay-type":"","overlay-color":"","overlay-opacity":"","overlay-gradient":""},"mobile":{"background-color":"var(--ast-global-color-4)","background-image":"","background-repeat":"repeat","background-position":"center center","background-size":"auto","background-attachment":"scroll","background-type":"","background-media":"","overlay-type":"","overlay-color":"","overlay-opacity":"","overlay-gradient":""}},"footnotes":""},"categories":[448],"tags":[418,449],"class_list":["post-18301","post","type-post","status-publish","format-standard","hentry","category-rituais-com-velas","tag-limpeza-espiritual","tag-vela-preta"],"aioseo_notices":[],"_links":{"self":[{"href":"https:\/\/www.paulonogueiraterapias.com\/en\/wp-json\/wp\/v2\/posts\/18301","targetHints":{"allow":["GET"]}}],"collection":[{"href":"https:\/\/www.paulonogueiraterapias.com\/en\/wp-json\/wp\/v2\/posts"}],"about":[{"href":"https:\/\/www.paulonogueiraterapias.com\/en\/wp-json\/wp\/v2\/types\/post"}],"author":[{"embeddable":true,"href":"https:\/\/www.paulonogueiraterapias.com\/en\/wp-json\/wp\/v2\/users\/1"}],"replies":[{"embeddable":true,"href":"https:\/\/www.paulonogueiraterapias.com\/en\/wp-json\/wp\/v2\/comments?post=18301"}],"version-history":[{"count":2,"href":"https:\/\/www.paulonogueiraterapias.com\/en\/wp-json\/wp\/v2\/posts\/18301\/revisions"}],"predecessor-version":[{"id":19493,"href":"https:\/\/www.paulonogueiraterapias.com\/en\/wp-json\/wp\/v2\/posts\/18301\/revisions\/19493"}],"wp:attachment":[{"href":"https:\/\/www.paulonogueiraterapias.com\/en\/wp-json\/wp\/v2\/media?parent=18301"}],"wp:term":[{"taxonomy":"category","embeddable":true,"href":"https:\/\/www.paulonogueiraterapias.com\/en\/wp-json\/wp\/v2\/categories?post=18301"},{"taxonomy":"post_tag","embeddable":true,"href":"https:\/\/www.paulonogueiraterapias.com\/en\/wp-json\/wp\/v2\/tags?post=18301"}],"curies":[{"name":"wp","href":"https:\/\/api.w.org\/{rel}","templated":true}]}}