{"id":17467,"date":"2024-11-25T16:19:23","date_gmt":"2024-11-25T16:19:23","guid":{"rendered":"https:\/\/www.paulonogueiraterapias.com\/?p=17467"},"modified":"2024-11-25T16:19:23","modified_gmt":"2024-11-25T16:19:23","slug":"o-que-sao-os-21-dias-de-reiki","status":"publish","type":"post","link":"https:\/\/www.paulonogueiraterapias.com\/en\/o-que-sao-os-21-dias-de-reiki\/","title":{"rendered":"O que s\u00e3o os 21 dias de Reiki?"},"content":{"rendered":"\n<p><strong>Porque 21 dias de Reiki?<\/strong><\/p>\n\n\n\n<p>Os <strong>21 dias de Reiki<\/strong> s\u00e3o uma das fases mais significativas para aqueles que iniciam esta pr\u00e1tica de cura energ\u00e9tica. A ideia de um ciclo de 21 dias est\u00e1 profundamente enraizada na filosofia e pr\u00e1tica do Reiki, e a sua import\u00e2ncia \u00e9 amplamente reconhecida pelos praticantes e mestres. Mas afinal, porque \u00e9 que este per\u00edodo \u00e9 t\u00e3o destacado? O que acontece durante esses dias? E qual o impacto na vida de quem os realiza?<\/p>\n\n\n\n<p>Neste artigo, vamos explorar a fundo o significado e a import\u00e2ncia dos <strong>21 dias de Reiki<\/strong>, compreendendo o que torna este per\u00edodo transformador e como ele pode influenciar o bem-estar f\u00edsico, emocional, mental e espiritual de quem o pratica.<\/p>\n\n\n\n<hr class=\"wp-block-separator has-alpha-channel-opacity\"\/>\n\n\n\n<h3 class=\"wp-block-heading\">A origem dos 21 dias no Reiki<\/h3>\n\n\n\n<p>A pr\u00e1tica do Reiki foi desenvolvida no in\u00edcio do s\u00e9culo XX por Mikao Usui, no Jap\u00e3o. Durante a sua jornada espiritual, Usui passou 21 dias em medita\u00e7\u00e3o, jejum e introspe\u00e7\u00e3o no Monte Kurama, um local sagrado para os japoneses.<\/p>\n\n\n\n<p>Ao fim desses 21 dias, Usui experienciou uma ilumina\u00e7\u00e3o espiritual e recebeu os ensinamentos que viriam a constituir o Reiki. Este per\u00edodo de 21 dias \u00e9, portanto, considerado um marco simb\u00f3lico no <a href=\"https:\/\/www.paulonogueiraterapias.com\/reiki\/\" title=\"Reiki Tradicional\">Reiki<\/a>, representando um ciclo de transforma\u00e7\u00e3o e conex\u00e3o com a energia universal.<\/p>\n\n\n\n<hr class=\"wp-block-separator has-alpha-channel-opacity\"\/>\n\n\n\n<h3 class=\"wp-block-heading\">O que s\u00e3o os 21 dias de Reiki?<\/h3>\n\n\n\n<p>Os <strong>21 dias de Reiki<\/strong> referem-se ao per\u00edodo que ocorre ap\u00f3s a inicia\u00e7\u00e3o ou sintoniza\u00e7\u00e3o (tamb\u00e9m chamada de \u201cReiju\u201d) no Reiki. Durante a sintoniza\u00e7\u00e3o, o praticante \u00e9 alinhado com a energia universal, permitindo que esta flua livremente atrav\u00e9s do seu corpo.<\/p>\n\n\n\n<p>Este per\u00edodo de 21 dias serve como um tempo de <strong>purifica\u00e7\u00e3o energ\u00e9tica<\/strong> e <strong>autoconhecimento<\/strong>, durante o qual o praticante deve dedicar-se ao <strong><a href=\"https:\/\/www.paulonogueiraterapias.com\/processo-auto-tratamento-reiki\/\" title=\"Processo de auto-tratamento de Reiki\">auto-Reiki<\/a><\/strong> (aplica\u00e7\u00e3o da energia em si mesmo) diariamente.<\/p>\n\n\n\n<hr class=\"wp-block-separator has-alpha-channel-opacity\"\/>\n\n\n\n<h3 class=\"wp-block-heading\">Porque 21 dias? A explica\u00e7\u00e3o espiritual e cient\u00edfica<\/h3>\n\n\n\n<ol class=\"wp-block-list\">\n<li><strong>Significado espiritual dos 21 dias<\/strong><br>Na espiritualidade, o n\u00famero 21 est\u00e1 frequentemente associado \u00e0 transforma\u00e7\u00e3o e \u00e0 cria\u00e7\u00e3o de novos padr\u00f5es. Este n\u00famero simboliza a conclus\u00e3o de um ciclo, permitindo o in\u00edcio de um novo cap\u00edtulo.<\/li>\n<\/ol>\n\n\n\n<p>No contexto do Reiki, os 21 dias permitem:<\/p>\n\n\n\n<ul class=\"wp-block-list\">\n<li><strong>A liberta\u00e7\u00e3o de bloqueios energ\u00e9ticos antigos<\/strong>.<\/li>\n\n\n\n<li><strong>A adapta\u00e7\u00e3o \u00e0 nova frequ\u00eancia energ\u00e9tica<\/strong> recebida durante a sintoniza\u00e7\u00e3o.<\/li>\n\n\n\n<li><strong>O alinhamento dos <a href=\"https:\/\/www.paulonogueiraterapias.com\/chakras\/\" title=\"Chakras\">chakras<\/a><\/strong> e a harmoniza\u00e7\u00e3o do corpo, mente e esp\u00edrito.<\/li>\n<\/ul>\n\n\n\n<ol start=\"2\" class=\"wp-block-list\">\n<li><strong>Explica\u00e7\u00e3o cient\u00edfica: o ciclo dos 21 dias<\/strong><br>A psicologia e a neuroci\u00eancia sugerem que <strong>21 dias \u00e9 o tempo m\u00e9dio necess\u00e1rio para criar ou transformar h\u00e1bitos<\/strong>. Este princ\u00edpio aplica-se ao Reiki porque, ao longo desse per\u00edodo, o praticante desenvolve uma rotina de auto-Reiki e fortalece a sua liga\u00e7\u00e3o com a energia universal.<\/li>\n<\/ol>\n\n\n\n<p>Este h\u00e1bito di\u00e1rio n\u00e3o s\u00f3 refor\u00e7a os benef\u00edcios do Reiki, como tamb\u00e9m ajuda a integrar a pr\u00e1tica na vida quotidiana.<\/p>\n\n\n\n<hr class=\"wp-block-separator has-alpha-channel-opacity\"\/>\n\n\n\n<h3 class=\"wp-block-heading\">O que acontece durante os 21 dias de Reiki?<\/h3>\n\n\n\n<p>Cada praticante pode ter experi\u00eancias \u00fanicas durante este per\u00edodo, mas existem alguns padr\u00f5es comuns que ajudam a compreender a profundidade desta jornada:<\/p>\n\n\n\n<ol class=\"wp-block-list\">\n<li><strong>Purifica\u00e7\u00e3o f\u00edsica<\/strong><\/li>\n<\/ol>\n\n\n\n<ul class=\"wp-block-list\">\n<li>Algumas pessoas experienciam sintomas f\u00edsicos, como cansa\u00e7o, altera\u00e7\u00f5es no sono, ou aumento da sede.<\/li>\n\n\n\n<li>Estes sinais indicam que o corpo est\u00e1 a libertar toxinas acumuladas e a equilibrar o seu fluxo energ\u00e9tico.<\/li>\n<\/ul>\n\n\n\n<ol start=\"2\" class=\"wp-block-list\">\n<li><strong>Liberta\u00e7\u00e3o emocional<\/strong><\/li>\n<\/ol>\n\n\n\n<ul class=\"wp-block-list\">\n<li>O Reiki atua profundamente nas emo\u00e7\u00f5es, ajudando a trazer \u00e0 superf\u00edcie sentimentos reprimidos, como tristeza, raiva ou medo, para serem processados e libertados.<\/li>\n\n\n\n<li>\u00c9 comum que as pessoas sintam um al\u00edvio emocional ap\u00f3s <a href=\"https:\/\/www.paulonogueiraterapias.com\/porque-choramos-no-reiki\/\" title=\"Porque choramos no Reiki?\">chorar<\/a> ou expressar sentimentos h\u00e1 muito guardados.<\/li>\n<\/ul>\n\n\n\n<ol start=\"3\" class=\"wp-block-list\">\n<li><strong>Clareza mental<\/strong><\/li>\n<\/ol>\n\n\n\n<ul class=\"wp-block-list\">\n<li>Durante os 21 dias, muitas pessoas relatam uma maior clareza mental, com pensamentos organizados e uma sensa\u00e7\u00e3o de foco renovado.<\/li>\n\n\n\n<li>O Reiki ajuda a reduzir a confus\u00e3o mental e a aumentar a capacidade de tomar decis\u00f5es conscientes.<\/li>\n<\/ul>\n\n\n\n<ol start=\"4\" class=\"wp-block-list\">\n<li><strong>Conex\u00e3o espiritual<\/strong><\/li>\n<\/ol>\n\n\n\n<ul class=\"wp-block-list\">\n<li>Este per\u00edodo \u00e9 uma oportunidade para aprofundar a conex\u00e3o com o eu interior e com o universo.<\/li>\n\n\n\n<li>Muitos praticantes relatam uma sensa\u00e7\u00e3o de paz, gratid\u00e3o e prop\u00f3sito espiritual mais claros.<\/li>\n<\/ul>\n\n\n\n<hr class=\"wp-block-separator has-alpha-channel-opacity\"\/>\n\n\n\n<h3 class=\"wp-block-heading\">Como praticar o auto-Reiki durante os 21 dias?<\/h3>\n\n\n\n<p>A pr\u00e1tica di\u00e1ria de auto-Reiki \u00e9 fundamental durante os 21 dias. Aqui est\u00e3o algumas orienta\u00e7\u00f5es para maximizar os benef\u00edcios deste per\u00edodo:<\/p>\n\n\n\n<ol class=\"wp-block-list\">\n<li><strong>Encontre um local tranquilo<\/strong><br>Escolha um espa\u00e7o onde possa relaxar sem interrup\u00e7\u00f5es. Um ambiente calmo ajuda a aprofundar a conex\u00e3o com a energia.<\/li>\n\n\n\n<li><strong>Estabele\u00e7a uma inten\u00e7\u00e3o<\/strong><br>Antes de come\u00e7ar, defina uma inten\u00e7\u00e3o clara para a sua pr\u00e1tica. Pode ser algo como \u201cpromover equil\u00edbrio emocional\u201d ou \u201caumentar a energia vital\u201d.<\/li>\n\n\n\n<li><strong>Siga as posi\u00e7\u00f5es das m\u00e3os<\/strong><br>O auto-Reiki pode ser realizado colocando as m\u00e3os em diferentes partes do corpo, cobrindo os chakras e \u00e1reas que necessitem de aten\u00e7\u00e3o.<\/li>\n\n\n\n<li><strong>Pratique a gratid\u00e3o<\/strong><br>No final de cada sess\u00e3o, agrade\u00e7a pela energia recebida e pelos benef\u00edcios que ela est\u00e1 a trazer \u00e0 sua vida.<\/li>\n<\/ol>\n\n\n\n<hr class=\"wp-block-separator has-alpha-channel-opacity\"\/>\n\n\n\n<h3 class=\"wp-block-heading\">Benef\u00edcios dos 21 dias de Reiki<\/h3>\n\n\n\n<h4 class=\"wp-block-heading\">1. <strong>Desenvolvimento pessoal<\/strong><\/h4>\n\n\n\n<p>Este per\u00edodo ajuda o praticante a conhecer-se melhor, identificando padr\u00f5es ou comportamentos que precisam de ser ajustados.<\/p>\n\n\n\n<h4 class=\"wp-block-heading\">2. <strong>Fortalecimento energ\u00e9tico<\/strong><\/h4>\n\n\n\n<p>Os 21 dias permitem que o praticante desenvolva uma liga\u00e7\u00e3o s\u00f3lida com a energia Reiki, aumentando a sua capacidade de canalizar energia.<\/p>\n\n\n\n<h4 class=\"wp-block-heading\">3. <strong>Equil\u00edbrio emocional<\/strong><\/h4>\n\n\n\n<p>O processo di\u00e1rio de auto-Reiki ajuda a estabilizar emo\u00e7\u00f5es e a encontrar paz interior.<\/p>\n\n\n\n<h4 class=\"wp-block-heading\">4. <strong>H\u00e1bito de autocuidado<\/strong><\/h4>\n\n\n\n<p>Ao dedicar tempo para si mesmo diariamente, o praticante cria um h\u00e1bito de autocuidado que pode ser mantido mesmo ap\u00f3s o t\u00e9rmino dos 21 dias.<\/p>\n\n\n\n<hr class=\"wp-block-separator has-alpha-channel-opacity\"\/>\n\n\n\n<h3 class=\"wp-block-heading\">D\u00favidas comuns sobre os 21 dias de Reiki<\/h3>\n\n\n\n<h4 class=\"wp-block-heading\"><strong>\u00c9 obrigat\u00f3rio praticar Reiki todos os dias durante este per\u00edodo?<\/strong><\/h4>\n\n\n\n<p>Sim, \u00e9 altamente recomendado. A pr\u00e1tica di\u00e1ria maximiza os benef\u00edcios do Reiki e acelera o processo de purifica\u00e7\u00e3o e adapta\u00e7\u00e3o energ\u00e9tica.<\/p>\n\n\n\n<h4 class=\"wp-block-heading\"><strong>E se eu falhar um dia?<\/strong><\/h4>\n\n\n\n<p>Embora seja ideal praticar todos os dias, o mais importante \u00e9 n\u00e3o desanimar. Se falhar um dia, retome a pr\u00e1tica no dia seguinte com inten\u00e7\u00e3o renovada.<\/p>\n\n\n\n<h4 class=\"wp-block-heading\"><strong>O que acontece ap\u00f3s os 21 dias?<\/strong><\/h4>\n\n\n\n<p>Ap\u00f3s os 21 dias, o praticante ter\u00e1 integrado os benef\u00edcios iniciais do Reiki e estar\u00e1 preparado para continuar a pr\u00e1tica com confian\u00e7a. Este \u00e9 apenas o in\u00edcio de uma jornada cont\u00ednua de crescimento e equil\u00edbrio.<\/p>\n\n\n\n<hr class=\"wp-block-separator has-alpha-channel-opacity\"\/>\n\n\n\n<h3 class=\"wp-block-heading\">Os 21 dias no Reiki: Mais do que uma pr\u00e1tica, uma transforma\u00e7\u00e3o<\/h3>\n\n\n\n<p>Os <strong>21 dias de Reiki<\/strong> representam uma fase de profunda transforma\u00e7\u00e3o. Este per\u00edodo n\u00e3o \u00e9 apenas uma etapa simb\u00f3lica, mas tamb\u00e9m uma oportunidade pr\u00e1tica para o praticante se alinhar com a energia universal e promover mudan\u00e7as positivas na sua vida.<\/p>\n\n\n\n<p>Ao comprometer-se com esta pr\u00e1tica di\u00e1ria, o praticante n\u00e3o s\u00f3 colhe os benef\u00edcios f\u00edsicos e emocionais, mas tamb\u00e9m fortalece a sua liga\u00e7\u00e3o espiritual e desenvolve um h\u00e1bito de autocuidado que pode perdurar ao longo do tempo.<\/p>\n\n\n\n<p>Se est\u00e1 a iniciar a sua jornada no Reiki, abrace este per\u00edodo com dedica\u00e7\u00e3o e confian\u00e7a, sabendo que est\u00e1 a dar um passo importante para transformar a sua vida. <strong>Os 21 dias de Reiki s\u00e3o uma oportunidade \u00fanica para come\u00e7ar de novo e viver com mais equil\u00edbrio, paz e plenitude.<\/strong><\/p>\n\n\n\n<hr class=\"wp-block-separator has-alpha-channel-opacity\"\/>\n\n\n\n<p>Deseja iniciar-se no Reiki? Venha fazer o curso com <a href=\"https:\/\/www.paulonogueiraterapias.com\/paulo-nogueira\/\" title=\"Sobre Paulo Nogueira\">Paulo Nogueira<\/a> (praticante de Reiki desde 2010, mestre desde 2014, com mais de 250 cursos j\u00e1 ministrados e centenas de alunos j\u00e1 formados).<\/p>\n\n\n\n<p><strong>Datas do curso presencial em Lisboa:<\/strong><\/p>\n\n\n\n\n\n\n\n<p><strong>Claro que tamb\u00e9m poder\u00e1 fazer em modo online, mas na vers\u00e3o individual, em data a agendar com o mestre.<\/strong><\/p>\n\n\n<div data-block-name=\"woocommerce\/featured-product\" data-dim-ratio=\"30\" data-edit-mode=\"false\" data-focal-point=\"{&quot;x&quot;:0.5,&quot;y&quot;:0}\" data-min-height=\"599\" data-overlay-color=\"#00d084\" data-product-id=\"15589\" data-show-desc=\"false\" data-style=\"{&quot;elements&quot;:{&quot;link&quot;:{&quot;color&quot;:{&quot;text&quot;:&quot;var:preset|color|black&quot;}}}}\" data-text-color=\"black\" class=\"wc-block-featured-product alignnone has-background-dim has-background-dim-30 has-text-color has-black-color wp-elements-b91a78851e006324b45d78ae09ace06d wp-block-woocommerce-featured-product\" style=\"min-height:599px;\"><div class=\"wc-block-featured-product__wrapper\"><div class=\"background-dim__overlay\" style=\"background-color: #00d084\"><\/div><img decoding=\"async\" alt=\"Traditional Reiki Level I Online Course\" class=\"wc-block-featured-product__background-image\" src=\"https:\/\/www.paulonogueiraterapias.com\/wp-content\/uploads\/2021\/02\/curso-reiki-Online-I.jpg\" style=\"object-fit: none;object-position: 50% 0%;\" \/><h2 class=\"wc-block-featured-product__title\">Traditional Reiki Level I Online Course<\/h2><div class=\"wc-block-featured-product__price\"><span class=\"woocommerce-Price-amount amount\"><span class=\"woocommerce-Price-currencySymbol\">&euro;<\/span>70.00<\/span><\/div><div class=\"wc-block-featured-product__link\">\n\n<div class=\"wp-block-buttons is-content-justification-center is-layout-flex wp-container-core-buttons-is-layout-a89b3969 wp-block-buttons-is-layout-flex\">\n<div class=\"wp-block-button has-custom-width wp-block-button__width-50 is-style-outline is-style-outline--1\"><a class=\"wp-block-button__link has-vivid-purple-color has-text-color has-link-color wp-element-button\" href=\"https:\/\/www.paulonogueiraterapias.com\/produto\/curso-online-de-reiki-tradicional-nivel-i\/\" style=\"border-radius:21px\">Comprar agora<\/a><\/div>\n<\/div>\n\n<\/div><\/div><\/div>\n\n\n<h2 class=\"wp-block-heading\" id=\"h-inscricao-em-curso-de-reiki-tradicional-nivel-i\">Inscri\u00e7\u00e3o em Curso de Reiki Tradicional N\u00edvel I<\/h2>\n\n\n<div class=\"wpforms-container wpforms-container-full wpforms-form-abandonment wpforms-block\" id=\"wpforms-15234\"><form id=\"wpforms-form-15234\" class=\"wpforms-validate wpforms-form wpforms-ajax-form\" data-formid=\"15234\" method=\"post\" enctype=\"multipart\/form-data\" action=\"\/en\/wp-json\/wp\/v2\/posts\/17467\" data-token=\"3467dc5f8d6949ac245b5f05972f8a03\" data-token-time=\"1777385937\"><div class=\"wpforms-head-container\"><div class=\"wpforms-title\">Registration for the Traditional Reiki Course Level I<\/div><\/div><noscript class=\"wpforms-error-noscript\">Please enable JavaScript in your browser to complete this form.<\/noscript><div class=\"wpforms-field-container\"><div id=\"wpforms-15234-field_1-container\" class=\"wpforms-field wpforms-field-name\" data-field-id=\"1\"><label class=\"wpforms-field-label\" for=\"wpforms-15234-field_1\">Name <span class=\"wpforms-required-label\">*<\/span><\/label><input type=\"text\" id=\"wpforms-15234-field_1\" class=\"wpforms-field-medium wpforms-field-required\" name=\"wpforms[fields][1]\" required><\/div><div id=\"wpforms-15234-field_2-container\" class=\"wpforms-field wpforms-field-phone\" data-field-id=\"2\"><label class=\"wpforms-field-label\" for=\"wpforms-15234-field_2\">Telephone <span class=\"wpforms-required-label\">*<\/span><\/label><input type=\"tel\" id=\"wpforms-15234-field_2\" class=\"wpforms-field-medium wpforms-field-required\" data-rule-int-phone-field=\"true\" name=\"wpforms[fields][2]\" aria-label=\"Telephone\" required><\/div><div id=\"wpforms-15234-field_3-container\" class=\"wpforms-field wpforms-field-email\" data-field-id=\"3\"><label class=\"wpforms-field-label\" for=\"wpforms-15234-field_3\">Email <span class=\"wpforms-required-label\">*<\/span><\/label><input type=\"email\" id=\"wpforms-15234-field_3\" class=\"wpforms-field-medium wpforms-field-required\" name=\"wpforms[fields][3]\" spellcheck=\"false\" required><\/div><div id=\"wpforms-15234-field_7-container\" class=\"wpforms-field wpforms-field-select wpforms-field-select-style-modern\" data-field-id=\"7\"><label class=\"wpforms-field-label\" for=\"wpforms-15234-field_7\">Modality<\/label><select id=\"wpforms-15234-field_7\" class=\"wpforms-field-medium choicesjs-select\" data-size-class=\"wpforms-field-row wpforms-field-medium\" data-search-enabled=\"\" name=\"wpforms[fields][7]\"><option value=\"\" class=\"placeholder\" disabled ><\/option><option value=\"Group course\"  selected='selected'>Group course<\/option><option value=\"Individual course\" >Individual course<\/option><\/select><\/div><div id=\"wpforms-15234-field_6-container\" class=\"wpforms-field wpforms-field-textarea\" data-field-id=\"6\"><label class=\"wpforms-field-label\" for=\"wpforms-15234-field_6\">Observations<\/label><textarea id=\"wpforms-15234-field_6\" class=\"wpforms-field-medium\" name=\"wpforms[fields][6]\" ><\/textarea><\/div><\/div><!-- .wpforms-field-container --><div class=\"wpforms-submit-container\" ><input type=\"hidden\" name=\"wpforms[id]\" value=\"15234\"><input type=\"hidden\" name=\"page_title\" value=\"\"><input type=\"hidden\" name=\"page_url\" value=\"https:\/\/www.paulonogueiraterapias.com\/en\/wp-json\/wp\/v2\/posts\/17467\"><input type=\"hidden\" name=\"url_referer\" value=\"\"><button type=\"submit\" name=\"wpforms[submit]\" id=\"wpforms-submit-15234\" class=\"wpforms-submit\" data-alt-text=\"Sending...\" data-submit-text=\"Subscribe\" aria-live=\"assertive\" value=\"wpforms-submit\">Subscribe<\/button><img loading=\"lazy\" decoding=\"async\" src=\"https:\/\/www.paulonogueiraterapias.com\/wp-content\/plugins\/wpforms-disabled\/assets\/images\/submit-spin.svg\" class=\"wpforms-submit-spinner\" style=\"display: none;\" width=\"26\" height=\"26\" alt=\"Loading\"><\/div><\/form><\/div>  <!-- .wpforms-container -->","protected":false},"excerpt":{"rendered":"<p>Porque 21 dias de Reiki? Os 21 dias de Reiki s\u00e3o uma das fases mais significativas para aqueles que iniciam esta pr\u00e1tica de cura energ\u00e9tica. A ideia de um ciclo [&hellip;]<\/p>\n","protected":false},"author":1,"featured_media":0,"comment_status":"open","ping_status":"open","sticky":false,"template":"","format":"standard","meta":{"om_disable_all_campaigns":false,"_mi_skip_tracking":false,"site-sidebar-layout":"default","site-content-layout":"","ast-site-content-layout":"default","site-content-style":"default","site-sidebar-style":"default","ast-global-header-display":"","ast-banner-title-visibility":"","ast-main-header-display":"","ast-hfb-above-header-display":"","ast-hfb-below-header-display":"","ast-hfb-mobile-header-display":"","site-post-title":"","ast-breadcrumbs-content":"","ast-featured-img":"","footer-sml-layout":"","ast-disable-related-posts":"","theme-transparent-header-meta":"","adv-header-id-meta":"","stick-header-meta":"","header-above-stick-meta":"","header-main-stick-meta":"","header-below-stick-meta":"","astra-migrate-meta-layouts":"default","ast-page-background-enabled":"default","ast-page-background-meta":{"desktop":{"background-color":"var(--ast-global-color-5)","background-image":"","background-repeat":"repeat","background-position":"center center","background-size":"auto","background-attachment":"scroll","background-type":"","background-media":"","overlay-type":"","overlay-color":"","overlay-opacity":"","overlay-gradient":""},"tablet":{"background-color":"","background-image":"","background-repeat":"repeat","background-position":"center center","background-size":"auto","background-attachment":"scroll","background-type":"","background-media":"","overlay-type":"","overlay-color":"","overlay-opacity":"","overlay-gradient":""},"mobile":{"background-color":"","background-image":"","background-repeat":"repeat","background-position":"center center","background-size":"auto","background-attachment":"scroll","background-type":"","background-media":"","overlay-type":"","overlay-color":"","overlay-opacity":"","overlay-gradient":""}},"ast-content-background-meta":{"desktop":{"background-color":"var(--ast-global-color-4)","background-image":"","background-repeat":"repeat","background-position":"center center","background-size":"auto","background-attachment":"scroll","background-type":"","background-media":"","overlay-type":"","overlay-color":"","overlay-opacity":"","overlay-gradient":""},"tablet":{"background-color":"var(--ast-global-color-4)","background-image":"","background-repeat":"repeat","background-position":"center center","background-size":"auto","background-attachment":"scroll","background-type":"","background-media":"","overlay-type":"","overlay-color":"","overlay-opacity":"","overlay-gradient":""},"mobile":{"background-color":"var(--ast-global-color-4)","background-image":"","background-repeat":"repeat","background-position":"center center","background-size":"auto","background-attachment":"scroll","background-type":"","background-media":"","overlay-type":"","overlay-color":"","overlay-opacity":"","overlay-gradient":""}},"footnotes":""},"categories":[412],"tags":[26],"class_list":["post-17467","post","type-post","status-publish","format-standard","hentry","category-curso-de-reiki","tag-curso-de-reiki"],"aioseo_notices":[],"_links":{"self":[{"href":"https:\/\/www.paulonogueiraterapias.com\/en\/wp-json\/wp\/v2\/posts\/17467","targetHints":{"allow":["GET"]}}],"collection":[{"href":"https:\/\/www.paulonogueiraterapias.com\/en\/wp-json\/wp\/v2\/posts"}],"about":[{"href":"https:\/\/www.paulonogueiraterapias.com\/en\/wp-json\/wp\/v2\/types\/post"}],"author":[{"embeddable":true,"href":"https:\/\/www.paulonogueiraterapias.com\/en\/wp-json\/wp\/v2\/users\/1"}],"replies":[{"embeddable":true,"href":"https:\/\/www.paulonogueiraterapias.com\/en\/wp-json\/wp\/v2\/comments?post=17467"}],"version-history":[{"count":0,"href":"https:\/\/www.paulonogueiraterapias.com\/en\/wp-json\/wp\/v2\/posts\/17467\/revisions"}],"wp:attachment":[{"href":"https:\/\/www.paulonogueiraterapias.com\/en\/wp-json\/wp\/v2\/media?parent=17467"}],"wp:term":[{"taxonomy":"category","embeddable":true,"href":"https:\/\/www.paulonogueiraterapias.com\/en\/wp-json\/wp\/v2\/categories?post=17467"},{"taxonomy":"post_tag","embeddable":true,"href":"https:\/\/www.paulonogueiraterapias.com\/en\/wp-json\/wp\/v2\/tags?post=17467"}],"curies":[{"name":"wp","href":"https:\/\/api.w.org\/{rel}","templated":true}]}}